{"id":9464,"date":"2021-01-07T20:00:21","date_gmt":"2021-01-07T20:00:21","guid":{"rendered":"https:\/\/www.trendencias.com\/tendencias\/ocho-conjuntos-americana-pantalon-rebajas-massimo-dutti-que-se-convertiran-nuestro-uniforme-working-2021"},"modified":"2021-01-07T20:00:21","modified_gmt":"2021-01-07T20:00:21","slug":"ocho-conjuntos-de-americana-y-pantalon-en-las-rebajas-de-massimo-dutti-que-se-convertiran-en-nuestro-uniforme-working-de-2021","status":"publish","type":"post","link":"http:\/\/hoycordobaweb.com\/index.php\/2021\/01\/07\/ocho-conjuntos-de-americana-y-pantalon-en-las-rebajas-de-massimo-dutti-que-se-convertiran-en-nuestro-uniforme-working-de-2021\/","title":{"rendered":"Ocho conjuntos de americana y pantal\u00f3n en las rebajas de Massimo Dutti que se convertir\u00e1n en nuestro uniforme working de 2021"},"content":{"rendered":"<p>Los <a href=\"https:\/\/www.trendencias.com\/propuestas-y-consejos\/ser-original-sofisticada-oficina-facil-estos-tres-trajes-doble-pieza-pantalon-cuadros-asos\">trajes de chaqueta<\/a> son una de las mayores alegr\u00edas que podemos sumar a nuestro armario. Porque nos sirven de <a href=\"https:\/\/www.trendencias.com\/moda-famosas\/kate-middleton-apuesta-total-look-massimo-dutti-resultado-perfecto-para-look-oficina\">uniforme para ir a trabajar<\/a>, pero tambi\u00e9n solucionan <em>looks <\/em>de diario e incluso de fiesta. <strong>No hay d\u00eda que no mejore con un buen conjunto de americana y pantal\u00f3n<\/strong>. Especialmente si encima est\u00e1n rebajados como estos de Massimo Dutti.<\/p>\n<p><!-- BREAK 1 --><\/p>\n<div class=\"article-asset article-asset-normal article-asset-center\">\n<div class=\"desvio-container\">\n<div class=\"desvio\">\n<div class=\"desvio-figure js-desvio-figure\"> <a href=\"https:\/\/www.trendencias.com\/propuestas-y-consejos\/ser-original-sofisticada-oficina-facil-estos-tres-trajes-doble-pieza-pantalon-cuadros-asos\"> <img alt=\"Ser la m\u00e1s original y sofisticada de la oficina es f\u00e1cil con estos tres trajes de doble pieza con pantal\u00f3n de cuadros de Asos \" src=\"http:\/\/hoycordobaweb.com\/wp-content\/uploads\/2021\/01\/ocho-conjuntos-de-americana-y-pantalon-en-las-rebajas-de-massimo-dutti-que-se-convertiran-en-nuestro-uniforme-working-de-2021.jpg\"> <\/a> <\/div><\/div><\/div>\n<\/div>\n<div class=\"article-asset-image article-asset-normal article-asset-center\">\n<div class=\"asset-content\"> <img class=\"sf-lazy centro_sinmarco\" data-sf-srcset=\"http:\/\/hoycordobaweb.com\/wp-content\/uploads\/2021\/01\/ocho-conjuntos-de-americana-y-pantalon-en-las-rebajas-de-massimo-dutti-que-se-convertiran-en-nuestro-uniforme-working-de-2021-1.jpg 450w, http:\/\/hoycordobaweb.com\/wp-content\/uploads\/2021\/01\/ocho-conjuntos-de-americana-y-pantalon-en-las-rebajas-de-massimo-dutti-que-se-convertiran-en-nuestro-uniforme-working-de-2021-10.jpg 681w,http:\/\/hoycordobaweb.com\/wp-content\/uploads\/2021\/01\/ocho-conjuntos-de-americana-y-pantalon-en-las-rebajas-de-massimo-dutti-que-se-convertiran-en-nuestro-uniforme-working-de-2021-11.jpg 1024w, http:\/\/hoycordobaweb.com\/wp-content\/uploads\/2021\/01\/ocho-conjuntos-de-americana-y-pantalon-en-las-rebajas-de-massimo-dutti-que-se-convertiran-en-nuestro-uniforme-working-de-2021-12.jpg 1366w,\" data-sf-src=\"http:\/\/hoycordobaweb.com\/wp-content\/uploads\/2021\/01\/ocho-conjuntos-de-americana-y-pantalon-en-las-rebajas-de-massimo-dutti-que-se-convertiran-en-nuestro-uniforme-working-de-2021-1.jpg\" alt=\"Rebajas De Massimo Dutti\"> <noscript><img alt=\"Rebajas De Massimo Dutti\" class=\"centro_sinmarco\" src=\"http:\/\/hoycordobaweb.com\/wp-content\/uploads\/2021\/01\/ocho-conjuntos-de-americana-y-pantalon-en-las-rebajas-de-massimo-dutti-que-se-convertiran-en-nuestro-uniforme-working-de-2021-1.jpg\"><\/noscript> <\/div>\n<\/div>\n<p>&#8211; Americana de cuadros de lana con cuello de terciopelo, <del>149 euros<\/del>, <a href=\"https:\/\/www.massimodutti.com\/es\/mujer\/rebajas\/trajes\/americana-cuadros-lana-cuello-terciopelo-c1928533p9163400.html?colorId=802&amp;categoryId=1928533\">99,95 euros<\/a>. Pantal\u00f3n de cuadros, <del>69,95 euros<\/del>, <a href=\"https:\/\/www.massimodutti.com\/es\/mujer\/rebajas\/trajes\/pantal%C3%B3n-cuadros-100%25-lana-flare-fit-c1928533p9163667.html?colorId=802&amp;categoryId=1928533\">49,95 euros<\/a>.<\/p>\n<p><!-- BREAK 2 --> <\/p>\n<div class=\"article-asset-image article-asset-normal article-asset-center\">\n<div class=\"asset-content\"> <img class=\"sf-lazy centro_sinmarco\" data-sf-srcset=\"http:\/\/hoycordobaweb.com\/wp-content\/uploads\/2021\/01\/ocho-conjuntos-de-americana-y-pantalon-en-las-rebajas-de-massimo-dutti-que-se-convertiran-en-nuestro-uniforme-working-de-2021-2.jpg 450w, http:\/\/hoycordobaweb.com\/wp-content\/uploads\/2021\/01\/ocho-conjuntos-de-americana-y-pantalon-en-las-rebajas-de-massimo-dutti-que-se-convertiran-en-nuestro-uniforme-working-de-2021-13.jpg 681w,http:\/\/hoycordobaweb.com\/wp-content\/uploads\/2021\/01\/ocho-conjuntos-de-americana-y-pantalon-en-las-rebajas-de-massimo-dutti-que-se-convertiran-en-nuestro-uniforme-working-de-2021-14.jpg 1024w, http:\/\/hoycordobaweb.com\/wp-content\/uploads\/2021\/01\/ocho-conjuntos-de-americana-y-pantalon-en-las-rebajas-de-massimo-dutti-que-se-convertiran-en-nuestro-uniforme-working-de-2021-15.jpg 1366w,\" data-sf-src=\"http:\/\/hoycordobaweb.com\/wp-content\/uploads\/2021\/01\/ocho-conjuntos-de-americana-y-pantalon-en-las-rebajas-de-massimo-dutti-que-se-convertiran-en-nuestro-uniforme-working-de-2021-2.jpg\" alt=\"Rebajas De Massimo Dutti\"> <noscript><img alt=\"Rebajas De Massimo Dutti\" class=\"centro_sinmarco\" src=\"http:\/\/hoycordobaweb.com\/wp-content\/uploads\/2021\/01\/ocho-conjuntos-de-americana-y-pantalon-en-las-rebajas-de-massimo-dutti-que-se-convertiran-en-nuestro-uniforme-working-de-2021-2.jpg\"><\/noscript> <\/div>\n<\/div>\n<p>&#8211; Americana <em>cropped <\/em>cruzada, <del>169 euros<\/del>, <a href=\"https:\/\/www.massimodutti.com\/es\/mujer\/rebajas\/trajes\/americana-corta-lana-cashmere-limited-edition-c1928533p9019680.html?colorId=710&amp;categoryId=1928533\">129 euros<\/a>. Bermudas de lana por debajo de la rodilla, <del>89,95 euros<\/del>, <a href=\"https:\/\/www.massimodutti.com\/es\/mujer\/rebajas\/trajes\/bermuda-lana-cashmere-limited-edition-c1928533p9019580.html?colorId=710&amp;categoryId=1928533\">59,95 euros<\/a>.<\/p>\n<p><!-- BREAK 3 --><\/p>\n<p>La firma ha incluido en la secci\u00f3n de <strong>rebajas de invierno varios trajes pantal\u00f3n que podr\u00edan ser todo lo que necesitamos<\/strong> para ir a trabajar con m\u00e1s ganas y que mejorar\u00e1n hasta los madrugones de los lunes. Porque estos conjuntos tan <em>working<\/em> <a href=\"https:\/\/www.trendencias.com\/propuestas-y-consejos\/comodos-elegantes-calentitos-estos-tres-trajes-pana-rebajas-corte-ingles-triunfaran-oficina-este-invierno\">parecen sacados del <em>street style<\/em><\/a> y los queremos para combinarlos como <a href=\"https:\/\/www.trendencias.com\/propuestas-y-consejos\/tamara-falco-da-vuelta-al-clasico-traje-negro-americana-crop-pantalon-silueta-culotte-hormiguero\">las chicas de moda<\/a>.<\/p>\n<p><!-- BREAK 4 --><\/p>\n<div class=\"article-asset-image article-asset-normal article-asset-center\">\n<div class=\"asset-content\"> <img class=\"sf-lazy centro_sinmarco\" data-sf-srcset=\"http:\/\/hoycordobaweb.com\/wp-content\/uploads\/2021\/01\/ocho-conjuntos-de-americana-y-pantalon-en-las-rebajas-de-massimo-dutti-que-se-convertiran-en-nuestro-uniforme-working-de-2021-3.jpg 450w, http:\/\/hoycordobaweb.com\/wp-content\/uploads\/2021\/01\/ocho-conjuntos-de-americana-y-pantalon-en-las-rebajas-de-massimo-dutti-que-se-convertiran-en-nuestro-uniforme-working-de-2021-16.jpg 681w,http:\/\/hoycordobaweb.com\/wp-content\/uploads\/2021\/01\/ocho-conjuntos-de-americana-y-pantalon-en-las-rebajas-de-massimo-dutti-que-se-convertiran-en-nuestro-uniforme-working-de-2021-17.jpg 1024w, http:\/\/hoycordobaweb.com\/wp-content\/uploads\/2021\/01\/ocho-conjuntos-de-americana-y-pantalon-en-las-rebajas-de-massimo-dutti-que-se-convertiran-en-nuestro-uniforme-working-de-2021-18.jpg 1366w,\" data-sf-src=\"http:\/\/hoycordobaweb.com\/wp-content\/uploads\/2021\/01\/ocho-conjuntos-de-americana-y-pantalon-en-las-rebajas-de-massimo-dutti-que-se-convertiran-en-nuestro-uniforme-working-de-2021-3.jpg\" alt=\"Rebajas De Massimo Dutti\"> <noscript><img alt=\"Rebajas De Massimo Dutti\" class=\"centro_sinmarco\" src=\"http:\/\/hoycordobaweb.com\/wp-content\/uploads\/2021\/01\/ocho-conjuntos-de-americana-y-pantalon-en-las-rebajas-de-massimo-dutti-que-se-convertiran-en-nuestro-uniforme-working-de-2021-3.jpg\"><\/noscript> <\/div>\n<\/div>\n<p>&#8211; <em>Blazer <\/em>de franela negra, <del>129 euros<\/del>, <a href=\"https:\/\/www.massimodutti.com\/es\/mujer\/rebajas\/trajes\/americana-franela-lana-un-bot%C3%B3n-negra-c1928533p9163613.html?colorId=800&amp;categoryId=1928533\">99,95 euros<\/a>. Pantal\u00f3n acampanado, <del>69,95 euros<\/del>, <a href=\"https:\/\/www.massimodutti.com\/es\/mujer\/rebajas\/trajes\/pantal%C3%B3n-franela-lana-flare-fit-c1928533p9164874.html?colorId=800&amp;categoryId=1928533\">49,95 euros<\/a>.<\/p>\n<p><!-- BREAK 5 --><\/p>\n<div class=\"article-asset-image article-asset-normal article-asset-center\">\n<div class=\"asset-content\"> <img class=\"sf-lazy centro_sinmarco\" data-sf-srcset=\"http:\/\/hoycordobaweb.com\/wp-content\/uploads\/2021\/01\/ocho-conjuntos-de-americana-y-pantalon-en-las-rebajas-de-massimo-dutti-que-se-convertiran-en-nuestro-uniforme-working-de-2021-4.jpg 450w, http:\/\/hoycordobaweb.com\/wp-content\/uploads\/2021\/01\/ocho-conjuntos-de-americana-y-pantalon-en-las-rebajas-de-massimo-dutti-que-se-convertiran-en-nuestro-uniforme-working-de-2021-19.jpg 681w,http:\/\/hoycordobaweb.com\/wp-content\/uploads\/2021\/01\/ocho-conjuntos-de-americana-y-pantalon-en-las-rebajas-de-massimo-dutti-que-se-convertiran-en-nuestro-uniforme-working-de-2021-20.jpg 1024w, http:\/\/hoycordobaweb.com\/wp-content\/uploads\/2021\/01\/ocho-conjuntos-de-americana-y-pantalon-en-las-rebajas-de-massimo-dutti-que-se-convertiran-en-nuestro-uniforme-working-de-2021-21.jpg 1366w,\" data-sf-src=\"http:\/\/hoycordobaweb.com\/wp-content\/uploads\/2021\/01\/ocho-conjuntos-de-americana-y-pantalon-en-las-rebajas-de-massimo-dutti-que-se-convertiran-en-nuestro-uniforme-working-de-2021-4.jpg\" alt=\"Rebajas De Massimo Dutti\"> <noscript><img alt=\"Rebajas De Massimo Dutti\" class=\"centro_sinmarco\" src=\"http:\/\/hoycordobaweb.com\/wp-content\/uploads\/2021\/01\/ocho-conjuntos-de-americana-y-pantalon-en-las-rebajas-de-massimo-dutti-que-se-convertiran-en-nuestro-uniforme-working-de-2021-4.jpg\"><\/noscript> <\/div>\n<\/div>\n<p>&#8211; Chaqueta de traje de lana roja, <del>169 euros<\/del>, <a href=\"https:\/\/www.massimodutti.com\/es\/mujer\/rebajas\/trajes\/americana-100%25-lana-limited-edition-c1928533p9019509.html?colorId=600&amp;categoryId=1928533\">129 euros<\/a>. Pantal\u00f3n recto con raya planchada, <del>89,95 euros<\/del>, <a href=\"https:\/\/www.massimodutti.com\/es\/mujer\/rebajas\/trajes\/pantal%C3%B3n-recto-100%25-lana-limited-edition-c1928533p9019542.html?colorId=600&amp;categoryId=1928533\">59,95 euros<\/a>.<\/p>\n<p><!-- BREAK 6 --><\/p>\n<p>Pero no solo hemos encontrado <a href=\"https:\/\/www.trendencias.com\/tendencias\/trajes-chaqueta-mujer-obsesion-temporada\">conjuntos de oficina<\/a> en las rebajas de Massimo Dutti. <strong>Tambi\u00e9n hay dise\u00f1os que gritan tendencia por los cuatro costados<\/strong>, como los de falda pantal\u00f3n para darle un <em>twist <\/em>al <a href=\"https:\/\/www.trendencias.com\/tendencias\/looks-viernes-para-ir-al-trabajo-muy-faciles-extra-estilo\">uniforme de trabajo<\/a> o los de terciopelo en tonos joya que nos van a solucionar <a href=\"https:\/\/www.trendencias.com\/tendencias\/trajes-pantalon-para-invitadas-boda-poco-convencionales\">cualquier celebraci\u00f3n que tengamos<\/a> este invierno, o el que viene. O el siguiente.<\/p>\n<p><!-- BREAK 7 --><\/p>\n<div class=\"article-asset-image article-asset-normal article-asset-center\">\n<div class=\"asset-content\"> <img class=\"sf-lazy centro_sinmarco\" data-sf-srcset=\"http:\/\/hoycordobaweb.com\/wp-content\/uploads\/2021\/01\/ocho-conjuntos-de-americana-y-pantalon-en-las-rebajas-de-massimo-dutti-que-se-convertiran-en-nuestro-uniforme-working-de-2021-5.jpg 450w, http:\/\/hoycordobaweb.com\/wp-content\/uploads\/2021\/01\/ocho-conjuntos-de-americana-y-pantalon-en-las-rebajas-de-massimo-dutti-que-se-convertiran-en-nuestro-uniforme-working-de-2021-22.jpg 681w,http:\/\/hoycordobaweb.com\/wp-content\/uploads\/2021\/01\/ocho-conjuntos-de-americana-y-pantalon-en-las-rebajas-de-massimo-dutti-que-se-convertiran-en-nuestro-uniforme-working-de-2021-23.jpg 1024w, http:\/\/hoycordobaweb.com\/wp-content\/uploads\/2021\/01\/ocho-conjuntos-de-americana-y-pantalon-en-las-rebajas-de-massimo-dutti-que-se-convertiran-en-nuestro-uniforme-working-de-2021-24.jpg 1366w,\" data-sf-src=\"http:\/\/hoycordobaweb.com\/wp-content\/uploads\/2021\/01\/ocho-conjuntos-de-americana-y-pantalon-en-las-rebajas-de-massimo-dutti-que-se-convertiran-en-nuestro-uniforme-working-de-2021-5.jpg\" alt=\"Rebajas De Massimo Dutti\"> <noscript><img alt=\"Rebajas De Massimo Dutti\" class=\"centro_sinmarco\" src=\"http:\/\/hoycordobaweb.com\/wp-content\/uploads\/2021\/01\/ocho-conjuntos-de-americana-y-pantalon-en-las-rebajas-de-massimo-dutti-que-se-convertiran-en-nuestro-uniforme-working-de-2021-5.jpg\"><\/noscript> <\/div>\n<\/div>\n<p>&#8211; Chaqueta de traje de lana blanca, <del>169 euros<\/del>, <a href=\"https:\/\/www.massimodutti.com\/es\/mujer\/rebajas\/trajes\/americana-lana-un-bot%C3%B3n-c1928533p9163067.html?colorId=741&amp;categoryId=1928533\">99,95 euros<\/a>. Pantal\u00f3n recto de lana, <del>89,95 euros<\/del>, <a href=\"https:\/\/www.massimodutti.com\/es\/mujer\/rebajas\/trajes\/pantal%C3%B3n-lana-recto-c1928533p9163248.html?colorId=741&amp;categoryId=1928533\">59,95 euros<\/a>.<\/p>\n<p><!-- BREAK 8 --><\/p>\n<div class=\"article-asset-image article-asset-normal article-asset-center\">\n<div class=\"asset-content\"> <img class=\"sf-lazy centro_sinmarco\" data-sf-srcset=\"http:\/\/hoycordobaweb.com\/wp-content\/uploads\/2021\/01\/ocho-conjuntos-de-americana-y-pantalon-en-las-rebajas-de-massimo-dutti-que-se-convertiran-en-nuestro-uniforme-working-de-2021-6.jpg 450w, http:\/\/hoycordobaweb.com\/wp-content\/uploads\/2021\/01\/ocho-conjuntos-de-americana-y-pantalon-en-las-rebajas-de-massimo-dutti-que-se-convertiran-en-nuestro-uniforme-working-de-2021-25.jpg 681w,http:\/\/hoycordobaweb.com\/wp-content\/uploads\/2021\/01\/ocho-conjuntos-de-americana-y-pantalon-en-las-rebajas-de-massimo-dutti-que-se-convertiran-en-nuestro-uniforme-working-de-2021-26.jpg 1024w, http:\/\/hoycordobaweb.com\/wp-content\/uploads\/2021\/01\/ocho-conjuntos-de-americana-y-pantalon-en-las-rebajas-de-massimo-dutti-que-se-convertiran-en-nuestro-uniforme-working-de-2021-27.jpg 1366w,\" data-sf-src=\"http:\/\/hoycordobaweb.com\/wp-content\/uploads\/2021\/01\/ocho-conjuntos-de-americana-y-pantalon-en-las-rebajas-de-massimo-dutti-que-se-convertiran-en-nuestro-uniforme-working-de-2021-6.jpg\" alt=\"Rebajas De Massimo Dutti\"> <noscript><img alt=\"Rebajas De Massimo Dutti\" class=\"centro_sinmarco\" src=\"http:\/\/hoycordobaweb.com\/wp-content\/uploads\/2021\/01\/ocho-conjuntos-de-americana-y-pantalon-en-las-rebajas-de-massimo-dutti-que-se-convertiran-en-nuestro-uniforme-working-de-2021-6.jpg\"><\/noscript> <\/div>\n<\/div>\n<p>&#8211; Americana de franela en verde joya, <del>129 euros<\/del>, <a href=\"https:\/\/www.massimodutti.com\/es\/mujer\/rebajas\/trajes\/americana-franela-100%25-lana-c1928533p9015742.html?colorId=500&amp;categoryId=1928533\">99,95 euros<\/a>. Pantalones en conjunto, <del>69,95 euros<\/del>, <a href=\"https:\/\/www.massimodutti.com\/es\/mujer\/rebajas\/trajes\/pantal%C3%B3n-ancho-franela-100%25-lana-c1928533p9015756.html?colorId=500&amp;categoryId=1928533\">39,95 euros<\/a>.<\/p>\n<p><!-- BREAK 9 --><\/p>\n<p>Si siempre has tenido ganas de hacerte con un <a href=\"https:\/\/www.trendencias.com\/tendencias\/looks-para-ir-al-trabajo-pieza-13-trajes-que-se-convertiran-basicos-esta-temporada\">traje de chaqueta<\/a> ahora es el momento de sacarte la espinita por todo lo alto. Y estos <a href=\"https:\/\/www.trendencias.com\/street-style\/primavera-se-cuela-oficina-trajes-pantalon-ellas-nos-inspiran-para-llevarlos-a-ultima\">conjuntos de americana y pantal\u00f3n<\/a> de Massimo Dutti cumplen todas las expectativas, incluyendo que a\u00fan est\u00e1n disponibles. Eso s\u00ed, <strong>volar\u00e1n r\u00e1pido porque son el tipo de prendas que arrasan<\/strong> en rebajas.<\/p>\n<p><!-- BREAK 10 --><\/p>\n<div class=\"article-asset-image article-asset-normal article-asset-center\">\n<div class=\"asset-content\"> <img class=\"sf-lazy centro_sinmarco\" data-sf-srcset=\"http:\/\/hoycordobaweb.com\/wp-content\/uploads\/2021\/01\/ocho-conjuntos-de-americana-y-pantalon-en-las-rebajas-de-massimo-dutti-que-se-convertiran-en-nuestro-uniforme-working-de-2021-7.jpg 450w, http:\/\/hoycordobaweb.com\/wp-content\/uploads\/2021\/01\/ocho-conjuntos-de-americana-y-pantalon-en-las-rebajas-de-massimo-dutti-que-se-convertiran-en-nuestro-uniforme-working-de-2021-28.jpg 681w,http:\/\/hoycordobaweb.com\/wp-content\/uploads\/2021\/01\/ocho-conjuntos-de-americana-y-pantalon-en-las-rebajas-de-massimo-dutti-que-se-convertiran-en-nuestro-uniforme-working-de-2021-29.jpg 1024w, http:\/\/hoycordobaweb.com\/wp-content\/uploads\/2021\/01\/ocho-conjuntos-de-americana-y-pantalon-en-las-rebajas-de-massimo-dutti-que-se-convertiran-en-nuestro-uniforme-working-de-2021-30.jpg 1366w,\" data-sf-src=\"http:\/\/hoycordobaweb.com\/wp-content\/uploads\/2021\/01\/ocho-conjuntos-de-americana-y-pantalon-en-las-rebajas-de-massimo-dutti-que-se-convertiran-en-nuestro-uniforme-working-de-2021-7.jpg\" alt=\"Rebajas De Massimo Dutti\"> <noscript><img alt=\"Rebajas De Massimo Dutti\" class=\"centro_sinmarco\" src=\"http:\/\/hoycordobaweb.com\/wp-content\/uploads\/2021\/01\/ocho-conjuntos-de-americana-y-pantalon-en-las-rebajas-de-massimo-dutti-que-se-convertiran-en-nuestro-uniforme-working-de-2021-7.jpg\"><\/noscript> <\/div>\n<\/div>\n<p>&#8211; <em>Blazer <\/em>de terciopelo en azul medianoche, <del>149 euros<\/del>, <a href=\"https:\/\/www.massimodutti.com\/es\/mujer\/rebajas\/trajes\/americana-cruzada-terciopelo-azul-oscuro-c1928533p9015633.html?colorId=452&amp;categoryId=1928533\">79,95 euros<\/a>. Pantal\u00f3n acampanado de terciopelo, <del>69,95 euros<\/del>, <a href=\"https:\/\/www.massimodutti.com\/es\/mujer\/rebajas\/trajes\/pantal%C3%B3n-terciopelo-azul-oscuro-c1928533p9015501.html?colorId=452&amp;categoryId=1928533\">39,95 euros<\/a>.<\/p>\n<p><!-- BREAK 11 --><\/p>\n<div class=\"article-asset-image article-asset-normal article-asset-center\">\n<div class=\"asset-content\"> <img class=\"sf-lazy centro_sinmarco\" data-sf-srcset=\"http:\/\/hoycordobaweb.com\/wp-content\/uploads\/2021\/01\/ocho-conjuntos-de-americana-y-pantalon-en-las-rebajas-de-massimo-dutti-que-se-convertiran-en-nuestro-uniforme-working-de-2021-8.jpg 450w, http:\/\/hoycordobaweb.com\/wp-content\/uploads\/2021\/01\/ocho-conjuntos-de-americana-y-pantalon-en-las-rebajas-de-massimo-dutti-que-se-convertiran-en-nuestro-uniforme-working-de-2021-31.jpg 681w,http:\/\/hoycordobaweb.com\/wp-content\/uploads\/2021\/01\/ocho-conjuntos-de-americana-y-pantalon-en-las-rebajas-de-massimo-dutti-que-se-convertiran-en-nuestro-uniforme-working-de-2021-32.jpg 1024w, http:\/\/hoycordobaweb.com\/wp-content\/uploads\/2021\/01\/ocho-conjuntos-de-americana-y-pantalon-en-las-rebajas-de-massimo-dutti-que-se-convertiran-en-nuestro-uniforme-working-de-2021-33.jpg 1366w,\" data-sf-src=\"http:\/\/hoycordobaweb.com\/wp-content\/uploads\/2021\/01\/ocho-conjuntos-de-americana-y-pantalon-en-las-rebajas-de-massimo-dutti-que-se-convertiran-en-nuestro-uniforme-working-de-2021-8.jpg\" alt=\"Rebajas De Massimo Dutti\"> <noscript><img alt=\"Rebajas De Massimo Dutti\" class=\"centro_sinmarco\" src=\"http:\/\/hoycordobaweb.com\/wp-content\/uploads\/2021\/01\/ocho-conjuntos-de-americana-y-pantalon-en-las-rebajas-de-massimo-dutti-que-se-convertiran-en-nuestro-uniforme-working-de-2021-8.jpg\"><\/noscript> <\/div>\n<\/div>\n<p>&#8211; Americana de terciopelo en tono cobre rosa, <del>149 euros<\/del>, <a href=\"https:\/\/www.massimodutti.com\/es\/mujer\/rebajas\/trajes\/americana-terciopelo-falso-cruce-c1928533p9015641.html?colorId=772&amp;categoryId=1928533\">79,95 euros<\/a>. Pantal\u00f3n combinado, <del>69,95 euros<\/del>, <a href=\"https:\/\/www.massimodutti.com\/es\/mujer\/rebajas\/trajes\/pantal%C3%B3n-terciopelo-recto-c1928533p9015618.html?colorId=772&amp;categoryId=1928533\">39,95 euros<\/a>.<\/p>\n<p><!-- BREAK 12 --><\/p>\n<p>Fotos | <a href=\"https:\/\/www.massimodutti.com\/es\/\">Massimo Dutti<\/a>.<\/p>\n","protected":false},"excerpt":{"rendered":"<p>Los trajes de chaqueta son una de las mayores alegr\u00edas que podemos sumar a nuestro armario. Porque nos sirven de uniforme para ir a trabajar, pero tambi\u00e9n solucionan looks de diario e incluso de fiesta. No hay d\u00eda que no mejore con un buen conjunto de americana y pantal\u00f3n. Especialmente si encima est\u00e1n rebajados como [&hellip;]<\/p>\n","protected":false},"author":1,"featured_media":9465,"comment_status":"closed","ping_status":"closed","sticky":false,"template":"","format":"standard","meta":[],"categories":[1],"tags":[],"_links":{"self":[{"href":"http:\/\/hoycordobaweb.com\/index.php\/wp-json\/wp\/v2\/posts\/9464"}],"collection":[{"href":"http:\/\/hoycordobaweb.com\/index.php\/wp-json\/wp\/v2\/posts"}],"about":[{"href":"http:\/\/hoycordobaweb.com\/index.php\/wp-json\/wp\/v2\/types\/post"}],"author":[{"embeddable":true,"href":"http:\/\/hoycordobaweb.com\/index.php\/wp-json\/wp\/v2\/users\/1"}],"replies":[{"embeddable":true,"href":"http:\/\/hoycordobaweb.com\/index.php\/wp-json\/wp\/v2\/comments?post=9464"}],"version-history":[{"count":0,"href":"http:\/\/hoycordobaweb.com\/index.php\/wp-json\/wp\/v2\/posts\/9464\/revisions"}],"wp:featuredmedia":[{"embeddable":true,"href":"http:\/\/hoycordobaweb.com\/index.php\/wp-json\/wp\/v2\/media\/9465"}],"wp:attachment":[{"href":"http:\/\/hoycordobaweb.com\/index.php\/wp-json\/wp\/v2\/media?parent=9464"}],"wp:term":[{"taxonomy":"category","embeddable":true,"href":"http:\/\/hoycordobaweb.com\/index.php\/wp-json\/wp\/v2\/categories?post=9464"},{"taxonomy":"post_tag","embeddable":true,"href":"http:\/\/hoycordobaweb.com\/index.php\/wp-json\/wp\/v2\/tags?post=9464"}],"curies":[{"name":"wp","href":"https:\/\/api.w.org\/{rel}","templated":true}]}}