{"id":94541,"date":"2025-01-18T02:22:29","date_gmt":"2025-01-18T02:22:29","guid":{"rendered":"https:\/\/www.ole.com.ar\/independiente\/independiente-defensor-sporting-serie-rio-plata-hora-ver-probables-formaciones_0_jelpgnQBGR.html"},"modified":"2025-01-18T02:22:29","modified_gmt":"2025-01-18T02:22:29","slug":"independiente-vs-defensor-sporting-por-la-serie-rio-de-la-plata-hora-como-ver-y-probables-formaciones","status":"publish","type":"post","link":"http:\/\/hoycordobaweb.com\/index.php\/2025\/01\/18\/independiente-vs-defensor-sporting-por-la-serie-rio-de-la-plata-hora-como-ver-y-probables-formaciones\/","title":{"rendered":"Independiente vs. Defensor Sporting, por la Serie R\u00edo de la Plata: hora, c\u00f3mo ver y probables formaciones"},"content":{"rendered":"<p><img src=\"http:\/\/hoycordobaweb.com\/wp-content\/uploads\/2025\/01\/independiente-vs-defensor-sporting-por-la-serie-rio-de-la-plata-hora-como-ver-y-probables-formaciones.jpg\"><\/p>\n<p><time class=\"createDate\" datetime=\"2025-01-17T23:22:29-03:00\">17\/01\/2025 23:22hs.<\/time><\/p>\n<div id=\"storyBody\">\n<div class=\"custom-text \" readability=\"35.942857142857\">\n<p><strong><a href=\"https:\/\/www.ole.com.ar\/tema\/club-atletico-independiente.html\" title=\"Club Atl\u00e9tico Independiente\" alt=\"Club Atl\u00e9tico Independiente\" class=\"slug\">Independiente<\/a><\/strong> deb\u00eda hacer su debut en esta pretemporada el pasado martes, pero un viaje fallido a Uruguay hizo que suspendiera el duelo ante Olimpia y que el estreno del Rojo en 2025 se vaya a dar este s\u00e1bado. Y es que el CAI jugar\u00e1 ante <strong>Defensor Sporting<\/strong> en un amistoso correspondiente a la Serie R\u00edo de la Plata, donde el equipo de <strong>Julio Vaccari<\/strong> intentar\u00e1 ponerse a tono de cara al debut en el Apertura 2025. Mir\u00e1 todos los detalles del encuentro.<\/p>\n<\/div>\n<p><h2><strong>\u00bfC\u00f3mo llega Independiente al duelo ante Defensor Sporting?<\/strong><\/h2>\n<\/p>\n<div class=\"custom-text \" readability=\"39\">\n<p>Despu\u00e9s del viaje frustrado a Uruguay del martes pasado, cuando la delegaci\u00f3n de Independiente no pudo subirse al avi\u00f3n por un desperfecto t\u00e9cnico, debi\u00f3 permanecer en Buenos Aires y el contratiempo oblig\u00f3 a suspender el amistoso pautado ante Olimpia de Paraguay, el equipo de Julio Vaccari esta vez espera comenzar a levantar vuelo. <strong>El Rojo tendr\u00e1 esta noche su primera medida importante en lo que va del 2025<\/strong>, enfrenando a un equipo que termin\u00f3 s\u00e9ptimo entre 16 equipos en el \u00faltimo Clausura de Uruguay.<\/p>\n<\/div>\n<div class=\"sc-e7b891c4-0 ifHnQL image-embed\"><img alt=\"Felipe Loyola, Luciano Cabral, Gabriel \u00c1valos, Kevin Lom\u00f3naco, Federico Vera y Santiago Montiel, en un entrenamiento. (Foto: Prensa Independiente)\" loading=\"lazy\" width=\"720\" height=\"100\" decoding=\"async\" data-nimg=\"1\" src=\"http:\/\/hoycordobaweb.com\/wp-content\/uploads\/2025\/01\/independiente-vs-defensor-sporting-por-la-serie-rio-de-la-plata-hora-como-ver-y-probables-formaciones-2.jpg\"><span class=\"epigraphe\">Felipe Loyola, Luciano Cabral, Gabriel \u00c1valos, Kevin Lom\u00f3naco, Federico Vera y Santiago Montiel, en un entrenamiento. (Foto: Prensa Independiente)<\/span><\/div>\n<div class=\"custom-text \" readability=\"39\">\n<p>El Rojo viene de vencer por 1-0 a Liniers, equipo que milita en la Primera B, en un amistoso que se disput\u00f3 el jueves en Villa Dom\u00ednico. Sin embargo, este duelo le permitir\u00e1 al DT ver a sus dirigidos ante un rival de mayor jerarqu\u00eda para as\u00ed sacar conclusiones de cara al debut en el Apertura 2025, <strong>que ser\u00e1 el 24\/1 ante Sarmiento <\/strong>en el Libertadores de Am\u00e9rica.<\/p>\n<\/div>\n<p><h2><strong>\u00bfC\u00f3mo llega Defensor Sporting?<\/strong><\/h2>\n<\/p>\n<div class=\"custom-text \" readability=\"40\">\n<p>El equipo uruguayo tuvo un buen 2024, <strong>en el que termin\u00f3 cuarto en la Tabla Anual del Campeonato Uruguayo y logr\u00f3 la clasificaci\u00f3n a la Fase 1 de la Libertadores<\/strong>. Por este motivo, el club de Montevideo necesita sumar ritmo no solo para el inicio del certamen local, sino tambi\u00e9n para llegar de la mejor forma a la serie ante Monagas de Venezuela, por el repechaje de la Copa. Este ser\u00e1 su segundo encuentro amistoso del mes: previamente, el equipo uruguayo cay\u00f3 3-2 ante Gimnasia en un partidazo.<\/p>\n<\/div>\n<p><h2><strong>\u00bfA qu\u00e9 hora juegan Independiente vs. Defensor Sporting, por la Serie R\u00edo de la Plata?<\/strong><\/h2>\n<\/p>\n<div class=\"custom-text \" readability=\"33\">\n<p>El encuentro entre el Rojo y el equipo uruguayo se disputar\u00e1 el s\u00e1bado 18 de enero <strong>a las 22.00hs de Argentina<\/strong> en el Estadio Luis Franzini.<\/p>\n<\/div>\n<p><h2><strong>\u00bfC\u00f3mo ver Independiente vs. Defensor Sporting, por la Serie R\u00edo de la Plata?<\/strong><\/h2>\n<\/p>\n<div class=\"custom-text \" readability=\"34\">\n<p>El encuentro ser\u00e1 transmitido en vivo a trav\u00e9s de la se\u00f1al de ESPN Premium y en streaming v\u00eda Disney+. De todas maneras, vas a poder seguir el minuto a minuto en Ol\u00e9.<\/p>\n<\/div>\n<p><h2><strong>La probable formaci\u00f3n de Independiente<\/strong><\/h2>\n<\/p>\n<div class=\"sc-e7b891c4-0 ifHnQL image-embed\"><img alt=\"Julio Vaccari y Hugo Tocalli, coordinador de Inferiores. (Foto: Prensa Independiente)\" loading=\"lazy\" width=\"720\" height=\"100\" decoding=\"async\" data-nimg=\"1\" src=\"http:\/\/hoycordobaweb.com\/wp-content\/uploads\/2025\/01\/independiente-vs-defensor-sporting-por-la-serie-rio-de-la-plata-hora-como-ver-y-probables-formaciones-3.jpg\"><span class=\"epigraphe\">Julio Vaccari y Hugo Tocalli, coordinador de Inferiores. (Foto: Prensa Independiente)<\/span><\/div>\n<div class=\"custom-text \" readability=\"41\">\n<p>Rodrigo Rey; Federico Vera, Sebasti\u00e1n Vald\u00e9z, Kevin Lom\u00f3naco, Adri\u00e1n Sporle; Felipe Loyola, Iv\u00e1n Marcone, Fern\u00e1ndez Cedr\u00e9s o Mill\u00e1n; Santiago Montiel, Gabriel \u00c1valos, Luciano Cabral o Diego Tarzia. <strong>DT: Julio Vaccari<\/strong>.<\/p>\n<\/div>\n<div class=\"sc-a7166897-0 eoLsBE\" readability=\"6\">\n<section readability=\"2\"><picture><img alt=\"Independiente fue intimado por Toloza\" loading=\"lazy\" width=\"290\" height=\"290\" decoding=\"async\" data-nimg=\"1\" src=\"http:\/\/hoycordobaweb.com\/wp-content\/uploads\/2025\/01\/independiente-vs-defensor-sporting-por-la-serie-rio-de-la-plata-hora-como-ver-y-probables-formaciones-4.jpg\"><\/picture>\n<p><span>Mir\u00e1 tambi\u00e9n<\/span><\/p>\n<hr>\n<h3>Independiente fue intimado por Toloza<\/h3>\n<\/p>\n<\/section>\n<\/div>\n<div class=\"sc-a7166897-0 eoLsBE\" readability=\"6.5\">\n<section readability=\"3\"><picture><img alt=\"Independiente se mide con Defensor Sporting: los refuerzos que viajaron y qui\u00e9n se qued\u00f3 afuera\" loading=\"lazy\" width=\"290\" height=\"290\" decoding=\"async\" data-nimg=\"1\" src=\"http:\/\/hoycordobaweb.com\/wp-content\/uploads\/2025\/01\/independiente-vs-defensor-sporting-por-la-serie-rio-de-la-plata-hora-como-ver-y-probables-formaciones-5.jpg\"><\/picture>\n<p><span>Mir\u00e1 tambi\u00e9n<\/span><\/p>\n<hr>\n<h3>Independiente se mide con Defensor Sporting: los refuerzos que viajaron y qui\u00e9n se qued\u00f3 afuera<\/h3>\n<\/p>\n<\/section>\n<\/div>\n<div class=\"sc-a7166897-0 eoLsBE\" readability=\"6\">\n<section readability=\"2\"><picture><img alt=\"Fin de la novela: Independiente vendi\u00f3 a Atencio al Sport Recife\" loading=\"lazy\" width=\"290\" height=\"290\" decoding=\"async\" data-nimg=\"1\" src=\"http:\/\/hoycordobaweb.com\/wp-content\/uploads\/2025\/01\/independiente-vs-defensor-sporting-por-la-serie-rio-de-la-plata-hora-como-ver-y-probables-formaciones-6.jpg\"><\/picture>\n<p><span>Mir\u00e1 tambi\u00e9n<\/span><\/p>\n<hr>\n<h3>Fin de la novela: Independiente vendi\u00f3 a Atencio al Sport Recife<\/h3>\n<\/p>\n<\/section>\n<\/div>\n<div class=\"sc-a7166897-0 eoLsBE\" readability=\"7.5\">\n<section readability=\"5\"><picture><img alt=\"Mercado de pases 2025: altas, bajas, negociaciones y hasta cu\u00e1ndo pueden incorporar los 30 equipos de Primera\" loading=\"lazy\" width=\"290\" height=\"290\" decoding=\"async\" data-nimg=\"1\" src=\"http:\/\/hoycordobaweb.com\/wp-content\/uploads\/2025\/01\/independiente-vs-defensor-sporting-por-la-serie-rio-de-la-plata-hora-como-ver-y-probables-formaciones-7.jpg\"><\/picture>\n<p><span>Mir\u00e1 tambi\u00e9n<\/span><\/p>\n<hr>\n<h3>Mercado de pases 2025: altas, bajas, negociaciones y hasta cu\u00e1ndo pueden incorporar los 30 equipos de Primera<\/h3>\n<\/p>\n<\/section>\n<\/div>\n<\/div>\n","protected":false},"excerpt":{"rendered":"<p>17\/01\/2025 23:22hs. Independiente deb\u00eda hacer su debut en esta pretemporada el pasado martes, pero un viaje fallido a Uruguay hizo que suspendiera el duelo ante Olimpia y que el estreno del Rojo en 2025 se vaya a dar este s\u00e1bado. Y es que el CAI jugar\u00e1 ante Defensor Sporting en un amistoso correspondiente a la [&hellip;]<\/p>\n","protected":false},"author":1,"featured_media":94542,"comment_status":"open","ping_status":"closed","sticky":false,"template":"","format":"standard","meta":[],"categories":[16],"tags":[],"_links":{"self":[{"href":"http:\/\/hoycordobaweb.com\/index.php\/wp-json\/wp\/v2\/posts\/94541"}],"collection":[{"href":"http:\/\/hoycordobaweb.com\/index.php\/wp-json\/wp\/v2\/posts"}],"about":[{"href":"http:\/\/hoycordobaweb.com\/index.php\/wp-json\/wp\/v2\/types\/post"}],"author":[{"embeddable":true,"href":"http:\/\/hoycordobaweb.com\/index.php\/wp-json\/wp\/v2\/users\/1"}],"replies":[{"embeddable":true,"href":"http:\/\/hoycordobaweb.com\/index.php\/wp-json\/wp\/v2\/comments?post=94541"}],"version-history":[{"count":0,"href":"http:\/\/hoycordobaweb.com\/index.php\/wp-json\/wp\/v2\/posts\/94541\/revisions"}],"wp:featuredmedia":[{"embeddable":true,"href":"http:\/\/hoycordobaweb.com\/index.php\/wp-json\/wp\/v2\/media\/94542"}],"wp:attachment":[{"href":"http:\/\/hoycordobaweb.com\/index.php\/wp-json\/wp\/v2\/media?parent=94541"}],"wp:term":[{"taxonomy":"category","embeddable":true,"href":"http:\/\/hoycordobaweb.com\/index.php\/wp-json\/wp\/v2\/categories?post=94541"},{"taxonomy":"post_tag","embeddable":true,"href":"http:\/\/hoycordobaweb.com\/index.php\/wp-json\/wp\/v2\/tags?post=94541"}],"curies":[{"name":"wp","href":"https:\/\/api.w.org\/{rel}","templated":true}]}}