{"id":94362,"date":"2025-01-16T22:28:08","date_gmt":"2025-01-16T22:28:08","guid":{"rendered":"http:\/\/hoycordobaweb.com\/index.php\/2025\/01\/16\/creditos-y-consumo-por-que-las-pymes-impulsaran-la-economia-en-2025\/"},"modified":"2025-01-16T22:28:08","modified_gmt":"2025-01-16T22:28:08","slug":"creditos-y-consumo-por-que-las-pymes-impulsaran-la-economia-en-2025","status":"publish","type":"post","link":"http:\/\/hoycordobaweb.com\/index.php\/2025\/01\/16\/creditos-y-consumo-por-que-las-pymes-impulsaran-la-economia-en-2025\/","title":{"rendered":"Cr\u00e9ditos y consumo: por qu\u00e9 las PYMES impulsar\u00e1n la econom\u00eda en 2025"},"content":{"rendered":"<div class=\"media_block\"><\/div>\n<div><img src=\"http:\/\/hoycordobaweb.com\/wp-content\/uploads\/2025\/01\/creditos-y-consumo-por-que-las-pymes-impulsaran-la-economia-en-2025.jpg\" class=\"ff-og-image-inserted\"><\/div>\n<p>En di\u00e1logo exclusivo con <em>Canal E<\/em>, <strong>Miguel Calvete<\/strong>, director del Instituto de Estudios de Consumo Masivo (INDECOM),<strong> analiz\u00f3 los principales desaf\u00edos econ\u00f3micos que enfrentar\u00e1 el pa\u00eds en 2025<\/strong>, un a\u00f1o que promete ser clave para la reactivaci\u00f3n del consumo. Durante la entrevista, destac\u00f3 la importancia de impulsar el cr\u00e9dito al consumo y llam\u00f3 a implementar reformas tributarias y laborales que beneficien a las peque\u00f1as y medianas empresas (PYMES).<\/p>\n<h2><strong>2025: un a\u00f1o de cambios en el consumo<\/strong><\/h2>\n<p>Seg\u00fan Calvete, la estrategia econ\u00f3mica del gobierno para 2025 priorizar\u00e1 el control del d\u00e9ficit fiscal y <strong>la <a target=\"_blank\" href=\"https:\/\/www.perfil.com\/noticias\/cordoba\/diana-mondino-en-la-cena-del-cari-consumo-dificilmente-haya-en-una-situacion-que-ha-sido-muy-recesiva.phtml\" rel=\"noopener noreferrer\">estabilizaci\u00f3n monetaria<\/a>, en contraste con la tradicional expansi\u00f3n de la base monetaria en a\u00f1os electorales.<\/strong> Sin embargo, el especialista resalt\u00f3 que el cr\u00e9dito al consumo ser\u00e1 una de las principales herramientas para estimular la econom\u00eda.<\/p>\n<p><strong>\u201cLos bancos est\u00e1n compitiendo activamente por ofrecer microcr\u00e9ditos.<\/strong> Este movimiento ser\u00e1 crucial para recuperar parte del <a target=\"_blank\" href=\"https:\/\/www.perfil.com\/noticias\/economia\/el-consumo-no-recupera-pero-en-agosto-subio-6-la-confianza-de-los-consumidores.phtml\" rel=\"noopener noreferrer\">poder adquisitivo<\/a> perdido, aunque llevar\u00e1 m\u00e1s de un a\u00f1o revertir el deterioro sufrido\u201d, explic\u00f3 Calvete. Seg\u00fan el experto, sectores como textiles, calzado y marroquiner\u00eda ya muestran signos de una reconversi\u00f3n necesaria para adaptarse a un mercado menos protegido.<\/p>\n<h2><strong>La carga impositiva y su impacto en el consumo<\/strong><\/h2>\n<p><strong>Uno de los puntos m\u00e1s cr\u00edticos se\u00f1alados durante la entrevista fue la alta carga tributaria que enfrentan tanto consumidores como empresas<\/strong>. Calvete destac\u00f3 que entre el 45 % y el 50 % del precio de productos b\u00e1sicos como alimentos y bebidas corresponde a impuestos. Esto,<strong> sumado a costos altos en d\u00f3lares y restricciones para la importaci\u00f3n de insumos clave, afecta directamente la competitividad de las PYMES.<\/strong><\/p>\n<p>\u201cEl 70 % del empleo formal en el pa\u00eds lo generan m\u00e1s de 12.000 PYMES. <strong>Es fundamental que el gobierno enfoque sus esfuerzos en una reforma fiscal y tributaria que alivie la carga sobre estas empresas<\/strong>\u201d, afirm\u00f3.<\/p>\n<p><strong>Soluciones propuestas por Calvete:<\/strong><\/p>\n<ul>\n<li><strong>Reforma tributaria<\/strong>: Simplificaci\u00f3n y reducci\u00f3n de impuestos para fomentar la competitividad.<\/li>\n<li><strong>Facilitaci\u00f3n de importaciones<\/strong>: Especialmente de insumos como hojalata, pl\u00e1sticos y qu\u00edmicos conservantes.<\/li>\n<li><strong>Monitoreo estatal de precios esenciales<\/strong>: Como ocurre en econom\u00edas liberales avanzadas, ejemplo de Estados Unidos y Reino Unido.<\/li>\n<\/ul>\n<h2><strong>PYMES, el motor del consumo y el empleo<\/strong><\/h2>\n<p><strong>Calvete subray\u00f3 que m\u00e1s de la mitad de los productos de consumo masivo provienen de peque\u00f1as y medianas empresas<\/strong>. Sin embargo, estas enfrentan condiciones desventajosas frente a grandes compa\u00f1\u00edas, que dominan el mercado y pueden influir en los precios a trav\u00e9s de pr\u00e1cticas como la autocompetencia.<\/p>\n<p><strong>\u201cEl gobierno debe intervenir en defensa de las PYMES<\/strong>. No se trata de ir contra el liberalismo, sino de garantizar condiciones equitativas que permitan a estas empresas, principales generadoras de empleo,<strong> sostenerse y crecer<\/strong>\u201d, concluy\u00f3.<\/p>\n<div class=\"article__tags\">\n<p>En esta Nota<\/p>\n<\/p><\/div>\n","protected":false},"excerpt":{"rendered":"<p>En di\u00e1logo exclusivo con Canal E, Miguel Calvete, director del Instituto de Estudios de Consumo Masivo (INDECOM), analiz\u00f3 los principales desaf\u00edos econ\u00f3micos que enfrentar\u00e1 el pa\u00eds en 2025, un a\u00f1o que promete ser clave para la reactivaci\u00f3n del consumo. Durante la entrevista, destac\u00f3 la importancia de impulsar el cr\u00e9dito al consumo y llam\u00f3 a implementar [&hellip;]<\/p>\n","protected":false},"author":1,"featured_media":94363,"comment_status":"closed","ping_status":"closed","sticky":false,"template":"","format":"standard","meta":[],"categories":[19],"tags":[818,826,825],"_links":{"self":[{"href":"http:\/\/hoycordobaweb.com\/index.php\/wp-json\/wp\/v2\/posts\/94362"}],"collection":[{"href":"http:\/\/hoycordobaweb.com\/index.php\/wp-json\/wp\/v2\/posts"}],"about":[{"href":"http:\/\/hoycordobaweb.com\/index.php\/wp-json\/wp\/v2\/types\/post"}],"author":[{"embeddable":true,"href":"http:\/\/hoycordobaweb.com\/index.php\/wp-json\/wp\/v2\/users\/1"}],"replies":[{"embeddable":true,"href":"http:\/\/hoycordobaweb.com\/index.php\/wp-json\/wp\/v2\/comments?post=94362"}],"version-history":[{"count":0,"href":"http:\/\/hoycordobaweb.com\/index.php\/wp-json\/wp\/v2\/posts\/94362\/revisions"}],"wp:featuredmedia":[{"embeddable":true,"href":"http:\/\/hoycordobaweb.com\/index.php\/wp-json\/wp\/v2\/media\/94363"}],"wp:attachment":[{"href":"http:\/\/hoycordobaweb.com\/index.php\/wp-json\/wp\/v2\/media?parent=94362"}],"wp:term":[{"taxonomy":"category","embeddable":true,"href":"http:\/\/hoycordobaweb.com\/index.php\/wp-json\/wp\/v2\/categories?post=94362"},{"taxonomy":"post_tag","embeddable":true,"href":"http:\/\/hoycordobaweb.com\/index.php\/wp-json\/wp\/v2\/tags?post=94362"}],"curies":[{"name":"wp","href":"https:\/\/api.w.org\/{rel}","templated":true}]}}