{"id":9435,"date":"2021-01-07T23:18:31","date_gmt":"2021-01-07T23:18:31","guid":{"rendered":"https:\/\/www.perfil.com\/noticias\/politica\/cristina-kirchner-podria-cobrar-millonario-retroactiv-crece-polemica-doble-pension.phtml"},"modified":"2021-01-07T23:18:31","modified_gmt":"2021-01-07T23:18:31","slug":"cristina-kirchner-podria-cobrar-100-m-de-retroactivo-y-hay-mas-polemica-por-la-doble-pension","status":"publish","type":"post","link":"http:\/\/hoycordobaweb.com\/index.php\/2021\/01\/07\/cristina-kirchner-podria-cobrar-100-m-de-retroactivo-y-hay-mas-polemica-por-la-doble-pension\/","title":{"rendered":"Cristina Kirchner podr\u00eda cobrar $100 M de retroactivo y hay m\u00e1s pol\u00e9mica por la doble pensi\u00f3n"},"content":{"rendered":"<p><img src=\"http:\/\/hoycordobaweb.com\/wp-content\/uploads\/2021\/01\/cristina-kirchner-podria-cobrar-100-m-de-retroactivo-y-hay-mas-polemica-por-la-doble-pension.jpg\"><\/p>\n<div><img src=\"http:\/\/hoycordobaweb.com\/wp-content\/uploads\/2021\/01\/cristina-kirchner-podria-cobrar-100-m-de-retroactivo-y-hay-mas-polemica-por-la-doble-pension-2.jpg\" class=\"ff-og-image-inserted\"><\/div>\n<aside class=\"relatedPost\">\n<h3>Noticias Relacionadas<\/h3>\n<\/aside>\n<p>El mismo d\u00eda en que el oficialismo aprob\u00f3 la <a target=\"_blank\" href=\"https:\/\/www.perfil.com\/noticias\/opinion\/vanesa-d-elia-movilidad-jubilatoria-que-tiene-que-pasar-para-que-la-formula-funcione.phtml\" rel=\"noopener noreferrer\"><strong>nueva f\u00f3rmula de movilidad jubilatoria<\/strong><\/a>, un fallo judicial habilit\u00f3 a la vicepresidenta&nbsp;<a target=\"_blank\" href=\"https:\/\/www.perfil.com\/noticias\/actualidad\/eugenio-semino-la-jubilacion-de-cristina-es-el-ejercicio-pornografico-del-poder.phtml\" rel=\"noopener noreferrer\"><strong>Cristina Kirchner<\/strong>&nbsp;<strong>a cobrar dos jubilaciones<\/strong><\/a>, la pensi\u00f3n como ex mandataria nacional y la pensi\u00f3n que le corresponde por ser <strong>viuda del expresidente N\u00e9stor Kirchner<\/strong>. Pero el fallo no solo le permite volver a cobrar dos pensiones, sino tambi\u00e9n obliga a pagarle&nbsp;<strong>intereses retroactivos<\/strong> y hasta la <strong>excluye de pagar&nbsp;el impuesto a las Ganancias.<\/strong><\/p>\n<p>De esta manera, el&nbsp;juez federal de la Seguridad Social&nbsp;<strong>Ezequiel P\u00e9rez Nami&nbsp;<\/strong>le permitir\u00e1 a CFK volver a cobrar la doble pensi\u00f3n que <a target=\"_blank\" href=\"https:\/\/www.perfil.com\/noticias\/politica\/denuncia-afip-mauricio-macri-hostigamiento-cristina-kirchner.phtml\" rel=\"noopener noreferrer\"><strong>le hab\u00eda quitado la gesti\u00f3n de Mauricio Macri<\/strong><\/a>. En ese marco, surge la pregunta sobre <strong>cu\u00e1nto cobrar\u00e1 Cristina Kirchner con las dos pensiones m\u00e1s su sueldo de vicepresidenta<\/strong>.<\/p>\n<p class=\"destacadoNota\"><a target=\"_blank\" href=\"https:\/\/www.perfil.com\/noticias\/actualidad\/eugenio-semino-la-jubilacion-de-cristina-es-el-ejercicio-pornografico-del-poder.phtml\" rel=\"noopener noreferrer\">Eugenio Semino: \u00abLas pensiones de Cristina Kirchner son una muestra pornogr\u00e1fica de poder\u00bb<\/a><\/p>\n<p>Seg\u00fan la ley 24.018, sancionada en 1991 durante el gobierno de <strong>Carlos Menem<\/strong>, las <strong>pensiones para los expresidentes equivale al sueldo de un juez de la Corte Suprema<\/strong>. Seg\u00fan la escala salarial que publica la propia Corte el 20 de noviembre de 2020,&nbsp;un juez del m\u00e1ximo tribunal cobra <strong>$ 375,880,95<\/strong>, por lo que Cristina debiera cobrar esa suma por su pensi\u00f3n.<\/p>\n<p>Sin embargo, seg\u00fan advirti\u00f3 en di\u00e1logo con <strong>PERFIL <\/strong>el Defensor de la Tercera Edad,&nbsp;<strong>Eugenio Semino, el monto verdadero rondar\u00eda los $ 420 mil debido a los \u00abplus\u00bb. \u00ab<\/strong>Equivalente a lo que cobra el juez de la Corte. Pero despu\u00e9s est\u00e1n los plus. La ley 24.018 es nominativa, la \u00faltima lista que vi estaba m\u00e1s o menos en 420 mil. El vice cobra un poco menos\u00bb, explic\u00f3. En ese sentido, una fuente del oficialismo coment\u00f3 a <strong>PERFIL <\/strong>que esos adicionales podr\u00edan ser \u00ab<strong>t\u00edtulo y antig\u00fcedad<\/strong>\u00ab.<\/p>\n<p>A esos&nbsp;<strong>$ 375,880,95&nbsp;<\/strong>hay que sumarle la que ahora corresponde por&nbsp;la pensi\u00f3n de N\u00e9stor que es de un 75% del sueldo de un juez de la Corte. De esta manera, sumar\u00eda otros<strong> <\/strong><strong>$ 281.919,71<\/strong>.<\/p>\n<p>Y por \u00faltimo, como vicepresidente tiene un sueldo de&nbsp;<strong>$ 315.591<\/strong>. De esta manera, <strong>en total sumar\u00eda $ 973.390&nbsp;brutos. <a target=\"_blank\" href=\"https:\/\/www.perfil.com\/noticias\/opinion\/alejandra-lorden-pension-doble-de-cristina-un-episodio-mas-argentina-inentendible.phtml\" rel=\"noopener noreferrer\">Casi 1 mill\u00f3n de pesos mensuales<\/a>, que ser\u00edan m\u00e1s con los \u00abadicionales\u00bb.<\/strong><\/p>\n<p class=\"destacadoNota\"><a target=\"_blank\" href=\"https:\/\/www.perfil.com\/noticias\/opinion\/alejandra-lorden-pension-doble-de-cristina-un-episodio-mas-argentina-inentendible.phtml\" rel=\"noopener noreferrer\">La pensi\u00f3n doble de Cristina: un episodio m\u00e1s de la Argentina inentendible<\/a><\/p>\n<p>Sin embargo, algunos especialistas como el ex funcionario de Macri,&nbsp;<strong>Alejandro Chiti<\/strong>, exsecretario de Seguridad Social en 2017, y abogado especialista en el sistema previsional, estim\u00f3 que en realidad cobrar\u00e1&nbsp;<strong>unos 2 millones de pesos por mes. <\/strong>La misma cifra fue estimada por&nbsp;el<strong>&nbsp;<\/strong>especialista en temas previsionales <strong>Federico Despoulis Netri,<\/strong> en di\u00e1logo con <em>Clar\u00edn,&nbsp;<\/em>que argument\u00f3 que hay otros extras como uno de los pedidos de Cristina de \u00abcobrar un <strong>40%&nbsp;adicional<\/strong> por <strong>zona desfavorable<\/strong> m\u00e1s porque mantuvo su domicilio en El Calafate pese a que vive en la Capital\u00bb.<\/p>\n<p>El juez otorg\u00f3 a la <strong>ANSES -aunque el pago de las pensiones no contributivas sale de Desarrollo Social-&nbsp;<\/strong>un \u00ab<strong>plazo de 30 d\u00edas<\/strong> para que le restituya la Asignaci\u00f3n Mensual Vitalicia\u00bb. Adem\u00e1s, pide que le <strong>devuelvan las \u00absumas retenidas en concepto de impuesto a las Ganancias<\/strong>\u00bb y agrega que deben \u00ab<strong>reintegrarse lo descontado<\/strong> <strong>con m\u00e1s sus intereses<\/strong> desde que cada suma fue deducida\u00bb.<\/p>\n<p>Otro de los puntos en cuesti\u00f3n es el <strong>retroactivo<\/strong>. Los expertos aseguran que podr\u00eda rondar los <a target=\"_blank\" href=\"https:\/\/www.perfil.com\/noticias\/opinion\/meneca-djedjeian-cfk-se-sirve-de-una-argentina-sin-ley.phtml\" rel=\"noopener noreferrer\"><strong>100 millones de pesos que se le otorgar\u00edan a Cristina Kirchner<\/strong><\/a>. As\u00ed lo comentaron&nbsp;los especialistas antes mencionados debido a que ser\u00edan $ 24 millones de pensi\u00f3n e&nbsp;intereses por otros $ 70 millones, que&nbsp;surgen de aplicar la tasa de inter\u00e9s pasiva del Banco Naci\u00f3n.<\/p>\n<p>En ese sentido, Semino explic\u00f3: \u00abHay un conflicto, a su vez est\u00e1n <strong>pidiendo actualizado desde el momento que sali\u00f3 la pensi\u00f3n<\/strong>. La <strong>prescripci\u00f3n de este tipo de haberes es de dos a\u00f1os<\/strong>. <strong>Est\u00e1 pidiendo que le paguen desde el momento que adquiri\u00f3 derecho a pensi\u00f3n<\/strong>. <strong>Que le paguen todo eso, por eso se habla de alrededor de 100 millones de pesos\u00bb<\/strong>.<\/p>\n<p>\u00abEs una <strong>muestra pornogr\u00e1fica de poder<\/strong>, evidentemente pod\u00eda haber salido dos meses antes o 15 d\u00edas despu\u00e9s (de la aprobaci\u00f3n de la ley de movilidad jubilatoria).&nbsp;Es una muestra que el sistema pol\u00edtico se ha convertido en un poder aut\u00f3noma y vela por sus intereses\u00bb, opin\u00f3 el Defensor de la Tercera Edad.<\/p>\n<p>En esa l\u00ednea, agreg\u00f3: \u00abHay&nbsp;dos Argentinas, la ley 24.018&nbsp;nunca se cambi\u00f3, se cambiaron muchas leyes previsionales como diplom\u00e1ticos, jueces, pero esta no se toc\u00f3 nunca. El sistema pol\u00edtico argentino se ha autonomizado del resto de la sociedad\u00bb.<\/p>\n<p class=\"destacadoNota\"><a target=\"_blank\" href=\"https:\/\/www.perfil.com\/noticias\/opinion\/meneca-djedjeian-cfk-se-sirve-de-una-argentina-sin-ley.phtml\" rel=\"noopener noreferrer\">CFK se sirve de una Argentina sin Ley<\/a><\/p>\n<p>\u00abEncima es una <strong>pensi\u00f3n no contributiva<\/strong>. Si lo compar\u00e1s con otras&nbsp;pensiones no contributivas como <strong>discapacitados que son 1,3 mill\u00f3n<\/strong>, el&nbsp;discapacitado <strong>cobra 14 mil pesos<\/strong> y si a ese discapacitado le&nbsp;<strong>fallece su mam\u00e1 o pap\u00e1 y son jubilados<\/strong>, si quiere&nbsp;convertir la jubilaci\u00f3n de qui\u00e9n falleci\u00f3 en una pensi\u00f3n para si mismo, <strong>tiene que renunciar a la pensi\u00f3n&nbsp;no contributiva<\/strong>. Mientras que <strong>ac\u00e1 tienen 2 no contributivas que suman&nbsp;1 millones de pesos. Es inmoral, m\u00e1s all\u00e1 de que pueda ser legal, es ileg\u00edtimo e inmoral<\/strong>\u00ab, concluy\u00f3.<\/p>\n<p>En ese sentido, una fuente del oficialismo coment\u00f3 a <strong>PERFIL <\/strong>que&nbsp;\u00abla <strong>ley exactamente no prev\u00e9, que una misma persona cobre dos pensiones vitalicias, debe optar por una de las dos.&nbsp;<\/strong>Pero hay un <strong>juez subrogante que parece no ley\u00f3 la ley, y quiso quedar bien\u00bb. <\/strong>Sin embargo, aclar\u00f3 que<strong>&nbsp;\u00ab<\/strong>estamos hablando de un caso especial que nunca en la historia Argentina se hab\u00eda dado, que alguien fuera esposa de un presidente, y luego asuma tambi\u00e9n como tal\u00bb.<\/p>\n<p>Por su lado, la diputada nacional del Frente de Todos, <strong>Fernanda Vallejos<\/strong>, asegur\u00f3 que no tiene \u00abconflicto \u00e9tico\u00bb con la doble pensi\u00f3n de Cristina: \u00abCon lo que tengo un profundo conflicto \u00e9tico es con la falta de sensibilidad y sentido de comunidad nacional de los <strong>formadores de precios de los alimentos<\/strong>, los medicamentos y otros bienes y servicios sensibles, as\u00ed como de quienes pretenden subir las tarifas a costa de los argentinos, porque <strong>esas decisiones afectan la capacidad de compra y calidad de vida de los jubilados<\/strong> y, en general, de los trabajadores y la gran mayor\u00eda de los argentinos\u00bb.<\/p>\n<p>\u00abEn el mismo sentido, el <strong>crecimiento de las ganancias de ciertas empresas, a\u00fan en pandemia<\/strong>, junto con la distribuci\u00f3n de dividendos, y la militancia de esos sectores privilegiados contra el aporte extraordinario o una tributaci\u00f3n progresiva, me parece inaceptable\u00bb, agreg\u00f3.<\/p>\n<p>\u00abDe hecho, <strong>siempre me ha llamado poderosamente la atenci\u00f3n c\u00f3mo se pone la lupa en la jubilaci\u00f3n o el salario de un pol\u00edtico, y se analiza poco y nada las fortunas millonarias<\/strong> de algunos empresarios que acumulan esas fortunas mutilando el bolsillo del pueblo\u00bb, concluy\u00f3.<\/p>\n<p>Y en cuanto a que el fallo sali\u00f3 el mismo d\u00eda en que aprobaron la nueva ley de movilidad jubilatoria, coment\u00f3: \u00abLa verdad es que nosotros consideramos, en base a la experiencia hist\u00f3rica, que es una <a target=\"_blank\" href=\"https:\/\/www.perfil.com\/noticias\/reperfilar\/diputados-la-nueva-formula-de-la-movilidad-jubilatoria.phtml\" rel=\"noopener noreferrer\"><strong>buena f\u00f3rmula la que aprobamos<\/strong><\/a>. Que no s\u00f3lo lleva impl\u00edcita la inflaci\u00f3n, sino lo m\u00e1s importante: un programa de pol\u00edtica econ\u00f3mica que tiene que tener eje en el crecimiento real de los salarios y una m\u00e1s justa distribuci\u00f3n del ingreso, lo que es condici\u00f3n necesaria para el crecimiento econ\u00f3mico y la generaci\u00f3n de trabajo\u00bb.<\/p>\n<p><em>EuDrMC<\/em><\/p>\n","protected":false},"excerpt":{"rendered":"<p>Noticias Relacionadas El mismo d\u00eda en que el oficialismo aprob\u00f3 la nueva f\u00f3rmula de movilidad jubilatoria, un fallo judicial habilit\u00f3 a la vicepresidenta&nbsp;Cristina Kirchner&nbsp;a cobrar dos jubilaciones, la pensi\u00f3n como ex mandataria nacional y la pensi\u00f3n que le corresponde por ser viuda del expresidente N\u00e9stor Kirchner. Pero el fallo no solo le permite volver a [&hellip;]<\/p>\n","protected":false},"author":1,"featured_media":9436,"comment_status":"closed","ping_status":"closed","sticky":false,"template":"","format":"standard","meta":[],"categories":[1],"tags":[],"_links":{"self":[{"href":"http:\/\/hoycordobaweb.com\/index.php\/wp-json\/wp\/v2\/posts\/9435"}],"collection":[{"href":"http:\/\/hoycordobaweb.com\/index.php\/wp-json\/wp\/v2\/posts"}],"about":[{"href":"http:\/\/hoycordobaweb.com\/index.php\/wp-json\/wp\/v2\/types\/post"}],"author":[{"embeddable":true,"href":"http:\/\/hoycordobaweb.com\/index.php\/wp-json\/wp\/v2\/users\/1"}],"replies":[{"embeddable":true,"href":"http:\/\/hoycordobaweb.com\/index.php\/wp-json\/wp\/v2\/comments?post=9435"}],"version-history":[{"count":0,"href":"http:\/\/hoycordobaweb.com\/index.php\/wp-json\/wp\/v2\/posts\/9435\/revisions"}],"wp:featuredmedia":[{"embeddable":true,"href":"http:\/\/hoycordobaweb.com\/index.php\/wp-json\/wp\/v2\/media\/9436"}],"wp:attachment":[{"href":"http:\/\/hoycordobaweb.com\/index.php\/wp-json\/wp\/v2\/media?parent=9435"}],"wp:term":[{"taxonomy":"category","embeddable":true,"href":"http:\/\/hoycordobaweb.com\/index.php\/wp-json\/wp\/v2\/categories?post=9435"},{"taxonomy":"post_tag","embeddable":true,"href":"http:\/\/hoycordobaweb.com\/index.php\/wp-json\/wp\/v2\/tags?post=9435"}],"curies":[{"name":"wp","href":"https:\/\/api.w.org\/{rel}","templated":true}]}}