{"id":94342,"date":"2025-01-15T21:06:03","date_gmt":"2025-01-15T21:06:03","guid":{"rendered":"https:\/\/www.ole.com.ar\/futbol-internacional\/italia\/jugador-argentino-ranieri-cerro-salida-roma_0_2sO25hite9.html"},"modified":"2025-01-15T21:06:03","modified_gmt":"2025-01-15T21:06:03","slug":"el-jugador-argentino-al-que-ranieri-le-cerro-la-salida-de-la-roma-va-a-quedarse-aqui","status":"publish","type":"post","link":"http:\/\/hoycordobaweb.com\/index.php\/2025\/01\/15\/el-jugador-argentino-al-que-ranieri-le-cerro-la-salida-de-la-roma-va-a-quedarse-aqui\/","title":{"rendered":"El jugador argentino al que Ranieri le cerr\u00f3 la salida de la Roma: \u00abVa a quedarse aqu\u00ed\u00bb"},"content":{"rendered":"<p><img src=\"http:\/\/hoycordobaweb.com\/wp-content\/uploads\/2025\/01\/el-jugador-argentino-al-que-ranieri-le-cerro-la-salida-de-la-roma-va-a-quedarse-aqui.jpg\"><\/p>\n<p><time class=\"createDate\" datetime=\"2025-01-15T18:06:03-03:00\">15\/01\/2025 18:06hs.<\/time><\/p>\n<div id=\"storyBody\">\n<div class=\"custom-text \" readability=\"27.849056603774\">\n<p>La <strong><a href=\"https:\/\/www.ole.com.ar\/tema\/roma.html\" target=\"_blank\" title=\"Roma\" alt=\"Roma\" rel=\"noopener noreferrer\">Roma<\/a><\/strong> de <strong>Claudio Ranieri<\/strong> es uno de los clubes que m\u00e1s atenci\u00f3n despierta entre los hinchas de <strong><a href=\"https:\/\/www.ole.com.ar\/boca-juniors\" target=\"_blank\" title=\"Boca.\" alt=\"Boca.\" rel=\"noopener noreferrer\">Boca.<\/a><\/strong> Los rumores sobre el posible regreso de <strong><a href=\"https:\/\/www.ole.com.ar\/tema\/leandro-paredes.html\" target=\"_blank\" title=\"Leandro Paredes\" alt=\"Leandro Paredes\" rel=\"noopener noreferrer\">Leandro Paredes<\/a><\/strong> al equipo de la Ribera toman cada vez m\u00e1s fuerza, especialmente despu\u00e9s de que el club italiano manifestara <strong><a href=\"https:\/\/www.ole.com.ar\/futbol-internacional\/italia\/jugador-argentino-ranieri-cerro-salida-roma_0_2sO25hite9.html\" target=\"_self\" title=\"especialmente despu\u00e9s de que el club italiano manifestara inter\u00e9s en incorporar un nuevo volante central.\" alt=\"especialmente despu\u00e9s de que el club italiano manifestara inter\u00e9s en incorporar un nuevo volante central.\" rel=\"noopener noreferrer\">inter\u00e9s en incorporar un nuevo volante central.<\/a><\/strong> <\/p>\n<\/div>\n<div class=\"custom-text \" readability=\"40\">\n<p>En un mercado de pases de verano positivo para Boca, la ilusi\u00f3n de un posible regreso de Paredes crece d\u00eda a d\u00eda. En este contexto, el inter\u00e9s del conjunto italiano por un cinco se festeja casi como un gol despu\u00e9s de que Ranieri haya pedido a Davide Frattesi, del Inter. De confirmarse el traspaso, la incorporaci\u00f3n del mediocampista <strong>podr\u00eda significar un posible reemplazo para el argentino.<\/strong> Sin embargo, desde Italia no mencionan al campe\u00f3n del mundo como parte de la ecuaci\u00f3n.<\/p>\n<\/div>\n<div class=\"custom-text \" readability=\"40.333333333333\">\n<p>Por su parte, el contrato de <strong><a href=\"https:\/\/www.ole.com.ar\/tema\/paulo-dybala.html\" target=\"_blank\" title=\"Dybala\" alt=\"Dybala\" rel=\"noopener noreferrer\">Dybala<\/a><\/strong> con la Roma <strong>vence a mediados de este a\u00f1o,<\/strong> dejando en duda su continuidad en el club. Aunque es clave en el esquema del t\u00e9cnico italiano, quien lo valora mucho, pero a\u00fan no hay certezas sobre su renovaci\u00f3n. Cabe recordar que en el \u00faltimo mercado, el cordob\u00e9s casi se marcha a Arabia Saudita, pero decidi\u00f3 quedarse en el Calcio.<\/p>\n<\/div>\n<div class=\"sc-e7b891c4-0 ifHnQL image-embed\"><img alt=\"Dybala y un futuro lleno de incertidumbre. (REUTERS\/Guglielmo Mangiapane)\" loading=\"lazy\" width=\"720\" height=\"100\" decoding=\"async\" data-nimg=\"1\" src=\"http:\/\/hoycordobaweb.com\/wp-content\/uploads\/2025\/01\/el-jugador-argentino-al-que-ranieri-le-cerro-la-salida-de-la-roma-va-a-quedarse-aqui-2.jpg\"><span class=\"epigraphe\">Dybala y un futuro lleno de incertidumbre. (REUTERS\/Guglielmo Mangiapane)<\/span><\/div>\n<div class=\"custom-text \" readability=\"40\">\n<p>El caso m\u00e1s reciente es el de <strong>Mat\u00edas Soul\u00e9,<\/strong> quien, de los tres argentinos en el plantel, es el m\u00e1s relegado en la consideraci\u00f3n del entrenador. Esto ha generado rumores sobre una posible cesi\u00f3n a otro equipo que le permita sumar m\u00e1s minutos en cancha. Sin embargo, el t\u00e9cnico dej\u00f3 clara su confianza en el futuro del jugador: <strong>\u201cCreo mucho en el chico. Estoy convencido de que puede ser un jugador importante para el futuro de la Roma\u201d,<\/strong> declar\u00f3.<\/p>\n<\/div>\n<div class=\"sc-e7b891c4-0 ifHnQL image-embed\"><img alt=\"&quot;Va a quedarse aqu\u00ed, con nosotros, porque creo en \u00e9l&quot; declar\u00f3 Ranieri sobre los rumores de salida de Soul\u00e9. (EFE\/EPA\/MATTEO BAZZI)\" loading=\"lazy\" width=\"720\" height=\"100\" decoding=\"async\" data-nimg=\"1\" src=\"http:\/\/hoycordobaweb.com\/wp-content\/uploads\/2025\/01\/el-jugador-argentino-al-que-ranieri-le-cerro-la-salida-de-la-roma-va-a-quedarse-aqui-3.jpg\"><span class=\"epigraphe\">\u00abVa a quedarse aqu\u00ed, con nosotros, porque creo en \u00e9l\u00bb declar\u00f3 Ranieri sobre los rumores de salida de Soul\u00e9. (EFE\/EPA\/MATTEO BAZZI)<\/span><\/div>\n<div class=\"custom-text \" readability=\"37\">\n<p>A lo que agreg\u00f3: \u201c\u00c9l est\u00e1 mejorando. Muchas veces le pido que sea m\u00e1s pr\u00e1ctico, que toque menos la pelota. <strong>Va a quedarse aqu\u00ed, con nosotros, porque creo en \u00e9l.<\/strong> Seguramente tendr\u00e1 sus oportunidades para demostrar lo que ha estado mejorando\u201d.<\/p>\n<\/div>\n<p><h2><strong>Los n\u00fameros de Soul\u00e9 con Roma<\/strong><\/h2>\n<\/p>\n<div class=\"custom-text \" readability=\"40\">\n<p>En el mercado de pases previo al inicio de la temporada, <strong>la Roma asegur\u00f3 el fichaje de Mat\u00edas Soul\u00e9 por 26 millones de euros a pagar en cuatro a\u00f1os<\/strong>, m\u00e1s un m\u00e1ximo de 4 millones en bonus por objetivos. Sin embargo, la apuesta econ\u00f3mica a\u00fan no dio los resultados deportivos esperados. Hasta ahora, Soul\u00e9 <strong>disput\u00f3 11 partidos de Serie A<\/strong>, siendo <strong>titular en 7<\/strong> y <strong>marcando tan solo un gol<\/strong>.<\/p>\n<\/div>\n<div class=\"sc-e7b891c4-0 ifHnQL image-embed\"><img alt=\"Paulo Dybala junto a Mat\u00edas Soul\u00e9.\" loading=\"lazy\" width=\"720\" height=\"100\" decoding=\"async\" data-nimg=\"1\" src=\"http:\/\/hoycordobaweb.com\/wp-content\/uploads\/2025\/01\/el-jugador-argentino-al-que-ranieri-le-cerro-la-salida-de-la-roma-va-a-quedarse-aqui-4.jpg\"><span class=\"epigraphe\">Paulo Dybala junto a Mat\u00edas Soul\u00e9.<\/span><\/div>\n<\/div>\n","protected":false},"excerpt":{"rendered":"<p>15\/01\/2025 18:06hs. La Roma de Claudio Ranieri es uno de los clubes que m\u00e1s atenci\u00f3n despierta entre los hinchas de Boca. Los rumores sobre el posible regreso de Leandro Paredes al equipo de la Ribera toman cada vez m\u00e1s fuerza, especialmente despu\u00e9s de que el club italiano manifestara inter\u00e9s en incorporar un nuevo volante central. [&hellip;]<\/p>\n","protected":false},"author":1,"featured_media":94343,"comment_status":"open","ping_status":"closed","sticky":false,"template":"","format":"standard","meta":[],"categories":[16],"tags":[],"_links":{"self":[{"href":"http:\/\/hoycordobaweb.com\/index.php\/wp-json\/wp\/v2\/posts\/94342"}],"collection":[{"href":"http:\/\/hoycordobaweb.com\/index.php\/wp-json\/wp\/v2\/posts"}],"about":[{"href":"http:\/\/hoycordobaweb.com\/index.php\/wp-json\/wp\/v2\/types\/post"}],"author":[{"embeddable":true,"href":"http:\/\/hoycordobaweb.com\/index.php\/wp-json\/wp\/v2\/users\/1"}],"replies":[{"embeddable":true,"href":"http:\/\/hoycordobaweb.com\/index.php\/wp-json\/wp\/v2\/comments?post=94342"}],"version-history":[{"count":0,"href":"http:\/\/hoycordobaweb.com\/index.php\/wp-json\/wp\/v2\/posts\/94342\/revisions"}],"wp:featuredmedia":[{"embeddable":true,"href":"http:\/\/hoycordobaweb.com\/index.php\/wp-json\/wp\/v2\/media\/94343"}],"wp:attachment":[{"href":"http:\/\/hoycordobaweb.com\/index.php\/wp-json\/wp\/v2\/media?parent=94342"}],"wp:term":[{"taxonomy":"category","embeddable":true,"href":"http:\/\/hoycordobaweb.com\/index.php\/wp-json\/wp\/v2\/categories?post=94342"},{"taxonomy":"post_tag","embeddable":true,"href":"http:\/\/hoycordobaweb.com\/index.php\/wp-json\/wp\/v2\/tags?post=94342"}],"curies":[{"name":"wp","href":"https:\/\/api.w.org\/{rel}","templated":true}]}}