{"id":94138,"date":"2025-01-13T22:33:42","date_gmt":"2025-01-13T22:33:42","guid":{"rendered":"https:\/\/manoamanocba.com.ar\/?p=6917"},"modified":"2025-01-13T22:33:42","modified_gmt":"2025-01-13T22:33:42","slug":"destino-san-javier-engalanara-la-sexta-noche-de-jesus-maria","status":"publish","type":"post","link":"http:\/\/hoycordobaweb.com\/index.php\/2025\/01\/13\/destino-san-javier-engalanara-la-sexta-noche-de-jesus-maria\/","title":{"rendered":"Destino San Javier engalanar\u00e1 la sexta noche de Jes\u00fas Mar\u00eda"},"content":{"rendered":"<div><img src=\"http:\/\/hoycordobaweb.com\/wp-content\/uploads\/2025\/01\/destino-san-javier-engalanara-la-sexta-noche-de-jesus-maria.jpg\" class=\"ff-og-image-inserted\"><\/div>\n<div readability=\"45\">\n<p>Con nuevas metas y cada vez m\u00e1s s\u00f3lidos, pero con la idea de seguir conectando con el p\u00fablico,&nbsp;<strong>Destino San Javier&nbsp;<\/strong>subir\u00e1 al escenario Mart\u00edn Fierro del Anfiteatro Jos\u00e9 Hern\u00e1ndez, como parte de la grilla del <strong>Festival Nacional de Doma y Folklore de Jes\u00fas Mar\u00eda<\/strong>. La cita ser\u00e1 en la noche del&nbsp;<strong>martes 14<\/strong>, cuando el tr\u00edo conformado por&nbsp;<strong>Franco Favini, Paolo y Bruno Ragone&nbsp;<\/strong>encienda la sexta noche del festival.<\/p>\n<p><strong>Destino San Javier<\/strong>&nbsp;tiene un verano muy prometedor, con una agenda que incluye festivales y escenarios de C\u00f3rdoba, el pa\u00eds y Uruguay.<\/p>\n<p>El tr\u00edo logr\u00f3 encontrar un gran equilibrio entre lo tradicional y lo moderno. Observando su herencia, pero tambi\u00e9n mirando un camino por delante, Destino sigue abri\u00e9ndose camino y conquistando nuevo horizontes.<\/p>\n<p>Con una carrera en constante ascenso y con m\u00e1s de 100 shows al a\u00f1o,&nbsp;<strong><em>Destino<\/em><\/strong>&nbsp;no da tregua y sigue editando nuevas canciones. Despu\u00e9s de su impresionante participaci\u00f3n en el Festival \u00danicos del Teatro Col\u00f3n en abril de 2022, donde su m\u00fasica reson\u00f3 majestuosamente en las paredes hist\u00f3ricas de este emblem\u00e1tico teatro, naci\u00f3&nbsp;<strong><em>\u00abDestino Sinf\u00f3nico\u00bb<\/em><\/strong>, una selecci\u00f3n de sus mejores canciones, arregladas y producidas por Sebasti\u00e1n Fucci y junto a una orquesta de m\u00e1s de 40 m\u00fasicos que lograron elevar estas obras de nuestra cultura.<\/p>\n<p>Desde su \u00e9xito con&nbsp;<em>\u00abAmor Fugaz\u00bb<\/em>, que les vali\u00f3 el prestigioso Premio Gardel 2022, hasta su m\u00e1s reciente colaboraci\u00f3n en&nbsp;<em>\u00abEterno Amor\u00bb<\/em>, donde honran a Mart\u00edn Paz junto a Nahuel Pennisi y El Indio Lucio Rojas, Destino San Javier contin\u00faa cautivando a su audiencia con su versatilidad y talento incomparable.<\/p>\n<\/div>\n<p>Su \u00faltimo lanzamiento&nbsp;<em>\u201cTu si sabes quererme\u201d,&nbsp;<\/em>un huayno producido por Seba L\u00f3pez (integrante de Los Tekis), es el primer anticipo de lo que ser\u00e1 el pr\u00f3ximo trabajo discogr\u00e1fico de la agrupaci\u00f3n, que ver\u00e1 la luz durante el 2025.<\/p>\n","protected":false},"excerpt":{"rendered":"<p>Con nuevas metas y cada vez m\u00e1s s\u00f3lidos, pero con la idea de seguir conectando con el p\u00fablico,&nbsp;Destino San Javier&nbsp;subir\u00e1 al escenario Mart\u00edn Fierro del Anfiteatro Jos\u00e9 Hern\u00e1ndez, como parte de la grilla del Festival Nacional de Doma y Folklore de Jes\u00fas Mar\u00eda. La cita ser\u00e1 en la noche del&nbsp;martes 14, cuando el tr\u00edo conformado [&hellip;]<\/p>\n","protected":false},"author":1,"featured_media":94139,"comment_status":"closed","ping_status":"closed","sticky":false,"template":"","format":"standard","meta":[],"categories":[19],"tags":[],"_links":{"self":[{"href":"http:\/\/hoycordobaweb.com\/index.php\/wp-json\/wp\/v2\/posts\/94138"}],"collection":[{"href":"http:\/\/hoycordobaweb.com\/index.php\/wp-json\/wp\/v2\/posts"}],"about":[{"href":"http:\/\/hoycordobaweb.com\/index.php\/wp-json\/wp\/v2\/types\/post"}],"author":[{"embeddable":true,"href":"http:\/\/hoycordobaweb.com\/index.php\/wp-json\/wp\/v2\/users\/1"}],"replies":[{"embeddable":true,"href":"http:\/\/hoycordobaweb.com\/index.php\/wp-json\/wp\/v2\/comments?post=94138"}],"version-history":[{"count":0,"href":"http:\/\/hoycordobaweb.com\/index.php\/wp-json\/wp\/v2\/posts\/94138\/revisions"}],"wp:featuredmedia":[{"embeddable":true,"href":"http:\/\/hoycordobaweb.com\/index.php\/wp-json\/wp\/v2\/media\/94139"}],"wp:attachment":[{"href":"http:\/\/hoycordobaweb.com\/index.php\/wp-json\/wp\/v2\/media?parent=94138"}],"wp:term":[{"taxonomy":"category","embeddable":true,"href":"http:\/\/hoycordobaweb.com\/index.php\/wp-json\/wp\/v2\/categories?post=94138"},{"taxonomy":"post_tag","embeddable":true,"href":"http:\/\/hoycordobaweb.com\/index.php\/wp-json\/wp\/v2\/tags?post=94138"}],"curies":[{"name":"wp","href":"https:\/\/api.w.org\/{rel}","templated":true}]}}