{"id":94059,"date":"2025-01-13T20:01:48","date_gmt":"2025-01-13T20:01:48","guid":{"rendered":"https:\/\/www.trendencias.com\/tendencias\/stradivarius-tiene-cazadora-pelo-rebajas-bonita-color-granate-tono-tendencia-temporada"},"modified":"2025-01-13T20:01:48","modified_gmt":"2025-01-13T20:01:48","slug":"stradivarius-tiene-la-cazadora-de-pelo-en-rebajas-mas-bonita-y-en-color-granate-el-tono-de-tendencia-de-la-temporada","status":"publish","type":"post","link":"http:\/\/hoycordobaweb.com\/index.php\/2025\/01\/13\/stradivarius-tiene-la-cazadora-de-pelo-en-rebajas-mas-bonita-y-en-color-granate-el-tono-de-tendencia-de-la-temporada\/","title":{"rendered":"Stradivarius tiene la cazadora de pelo en rebajas m\u00e1s bonita y en color granate el tono de tendencia de la temporada"},"content":{"rendered":"<p>Durante el invierno, el abrigo se convierte en el protagonista de nuestros looks. Y no s\u00e9 si os pasa, pero en ocasiones me canso de llevar siempre el mismo estilo de prenda. Por eso, busco alternativas diferentes como plumas, <em>bombers <\/em>o<em> <\/em>cazadoras de pelo. Y esta \u00faltima se ha convertido en la protagonista de muchos de nuestros estilismos.<\/p>\n<p><!-- BREAK 1 --> <\/p>\n<p>Me gustan las prendas diferentes. As\u00ed que buceando en las rebajas de <strong>Stradivarius, <\/strong>he encontrado esta <strong>cazadora<\/strong><em><strong> <\/strong><\/em><strong>de pelo<\/strong> que es una aut\u00e9ntica delicia, un flechazo en el color de tendencia para lucir looks con estilazo que s\u00e9 que os va a encantar.<\/p>\n<p><!-- BREAK 2 --><\/p>\n<div class=\"article-asset article-asset-normal article-asset-center\">\n<div class=\"desvio-container\">\n<div class=\"desvio\">\n<div class=\"desvio-figure js-desvio-figure\"> <a href=\"https:\/\/www.trendencias.com\/psicologia\/gente-altas-capacidades-suele-tener-estas-cuatro-manias-saber-que-reflejo-su-inteligencia\" class=\"pivot-outboundlink\" data-vars-post-title=\"La gente con altas capacidades suele tener estas cuatro man\u00edas sin saber que son un reflejo de su inteligencia\"> <img loading=\"lazy\" alt=\"La gente con altas capacidades suele tener estas cuatro man\u00edas sin saber que son un reflejo de su inteligencia\" width=\"375\" height=\"142\" src=\"http:\/\/hoycordobaweb.com\/wp-content\/uploads\/2025\/01\/stradivarius-tiene-la-cazadora-de-pelo-en-rebajas-mas-bonita-y-en-color-granate-el-tono-de-tendencia-de-la-temporada.jpg\"> <\/a> <\/div><\/div><\/div>\n<\/div>\n<div class=\"article-asset-image article-asset-normal article-asset-center\">\n<div class=\"asset-content\"> <img class=\"centro_sinmarco\" height=\"2600\" width=\"1800\" loading=\"lazy\" decoding=\"async\" sizes=\"100vw\" fetchpriority=\"high\" srcset=\"http:\/\/hoycordobaweb.com\/wp-content\/uploads\/2025\/01\/stradivarius-tiene-la-cazadora-de-pelo-en-rebajas-mas-bonita-y-en-color-granate-el-tono-de-tendencia-de-la-temporada-1.jpg 450w, http:\/\/hoycordobaweb.com\/wp-content\/uploads\/2025\/01\/stradivarius-tiene-la-cazadora-de-pelo-en-rebajas-mas-bonita-y-en-color-granate-el-tono-de-tendencia-de-la-temporada-4.jpg 681w, http:\/\/hoycordobaweb.com\/wp-content\/uploads\/2025\/01\/stradivarius-tiene-la-cazadora-de-pelo-en-rebajas-mas-bonita-y-en-color-granate-el-tono-de-tendencia-de-la-temporada-5.jpg 1024w, http:\/\/hoycordobaweb.com\/wp-content\/uploads\/2025\/01\/stradivarius-tiene-la-cazadora-de-pelo-en-rebajas-mas-bonita-y-en-color-granate-el-tono-de-tendencia-de-la-temporada-6.jpg 1366w\" src=\"http:\/\/hoycordobaweb.com\/wp-content\/uploads\/2025\/01\/stradivarius-tiene-la-cazadora-de-pelo-en-rebajas-mas-bonita-y-en-color-granate-el-tono-de-tendencia-de-la-temporada-1.jpg\" alt=\"cazadora de Stradivarius\"> <noscript><img alt=\"cazadora de Stradivarius\" class=\"centro_sinmarco\" src=\"http:\/\/hoycordobaweb.com\/wp-content\/uploads\/2025\/01\/stradivarius-tiene-la-cazadora-de-pelo-en-rebajas-mas-bonita-y-en-color-granate-el-tono-de-tendencia-de-la-temporada-1.jpg\"><\/noscript> <\/div>\n<\/div>\n<p>Lo que m\u00e1s me gusta de las rebajas es encontrar chollos o prendas sofisticadas con descuentos. Y esta cazadora me parece una monada. Una prenda muy elegante y calentita, ideal para combinar con nuestros looks diarios, y m\u00e1s en estos d\u00edas de tanto fr\u00edo.<\/p>\n<p><!-- BREAK 3 --> <\/p>\n<p>Estamos ante una cazadora <em>oversize <\/em>de corte noventero y de doble faz. Un modelo de ante en su exterior y de pelo en el interior, en color granate por ambos lados. A estas alturas de la temporada, seas o no adicta a la moda, ya sabr\u00e1s que <strong>el granate es el color estrella de la temporada <\/strong>porque tiendas y <em>street-style <\/em>est\u00e1n inundados de este tono tan favorecedor.<\/p>\n<p><!-- BREAK 4 --><\/p>\n<div class=\"article-asset-image article-asset-normal article-asset-center\">\n<div class=\"asset-content\"> <img class=\"centro_sinmarco\" height=\"2600\" width=\"1800\" loading=\"lazy\" decoding=\"async\" sizes=\"100vw\" fetchpriority=\"high\" srcset=\"http:\/\/hoycordobaweb.com\/wp-content\/uploads\/2025\/01\/stradivarius-tiene-la-cazadora-de-pelo-en-rebajas-mas-bonita-y-en-color-granate-el-tono-de-tendencia-de-la-temporada-2.jpg 450w, http:\/\/hoycordobaweb.com\/wp-content\/uploads\/2025\/01\/stradivarius-tiene-la-cazadora-de-pelo-en-rebajas-mas-bonita-y-en-color-granate-el-tono-de-tendencia-de-la-temporada-7.jpg 681w, http:\/\/hoycordobaweb.com\/wp-content\/uploads\/2025\/01\/stradivarius-tiene-la-cazadora-de-pelo-en-rebajas-mas-bonita-y-en-color-granate-el-tono-de-tendencia-de-la-temporada-8.jpg 1024w, http:\/\/hoycordobaweb.com\/wp-content\/uploads\/2025\/01\/stradivarius-tiene-la-cazadora-de-pelo-en-rebajas-mas-bonita-y-en-color-granate-el-tono-de-tendencia-de-la-temporada-9.jpg 1366w\" src=\"http:\/\/hoycordobaweb.com\/wp-content\/uploads\/2025\/01\/stradivarius-tiene-la-cazadora-de-pelo-en-rebajas-mas-bonita-y-en-color-granate-el-tono-de-tendencia-de-la-temporada-2.jpg\" alt=\"cazadora de Stradivarius\"> <noscript><img alt=\"cazadora de Stradivarius\" class=\"centro_sinmarco\" src=\"http:\/\/hoycordobaweb.com\/wp-content\/uploads\/2025\/01\/stradivarius-tiene-la-cazadora-de-pelo-en-rebajas-mas-bonita-y-en-color-granate-el-tono-de-tendencia-de-la-temporada-2.jpg\"><\/noscript> <\/div>\n<\/div>\n<p>Una cazadora muy calentita, perfecta como alternativa al abrigo o plumas. La vas a querer, la vas a desear\u2026se trata de una dise\u00f1o de peluche interior ideal y f\u00e1cil de combinar con <em>jeans,<\/em> vestido <em>midi, <\/em>pantalones m\u00e1s formales&#8230; especialmente sus mejores aliadas son las prendas en color gris.<\/p>\n<p><!-- BREAK 5 --><\/p>\n<div class=\"article-asset-image article-asset-normal article-asset-center\">\n<div class=\"asset-content\"> <img class=\"centro_sinmarco\" height=\"2600\" width=\"1800\" loading=\"lazy\" decoding=\"async\" sizes=\"100vw\" fetchpriority=\"high\" srcset=\"http:\/\/hoycordobaweb.com\/wp-content\/uploads\/2025\/01\/stradivarius-tiene-la-cazadora-de-pelo-en-rebajas-mas-bonita-y-en-color-granate-el-tono-de-tendencia-de-la-temporada-3.jpg 450w, http:\/\/hoycordobaweb.com\/wp-content\/uploads\/2025\/01\/stradivarius-tiene-la-cazadora-de-pelo-en-rebajas-mas-bonita-y-en-color-granate-el-tono-de-tendencia-de-la-temporada-10.jpg 681w, http:\/\/hoycordobaweb.com\/wp-content\/uploads\/2025\/01\/stradivarius-tiene-la-cazadora-de-pelo-en-rebajas-mas-bonita-y-en-color-granate-el-tono-de-tendencia-de-la-temporada-11.jpg 1024w, http:\/\/hoycordobaweb.com\/wp-content\/uploads\/2025\/01\/stradivarius-tiene-la-cazadora-de-pelo-en-rebajas-mas-bonita-y-en-color-granate-el-tono-de-tendencia-de-la-temporada-12.jpg 1366w\" src=\"http:\/\/hoycordobaweb.com\/wp-content\/uploads\/2025\/01\/stradivarius-tiene-la-cazadora-de-pelo-en-rebajas-mas-bonita-y-en-color-granate-el-tono-de-tendencia-de-la-temporada-3.jpg\" alt=\"cazadora de Stradivarius\"> <noscript><img alt=\"cazadora de Stradivarius\" class=\"centro_sinmarco\" src=\"http:\/\/hoycordobaweb.com\/wp-content\/uploads\/2025\/01\/stradivarius-tiene-la-cazadora-de-pelo-en-rebajas-mas-bonita-y-en-color-granate-el-tono-de-tendencia-de-la-temporada-3.jpg\"><\/noscript> <\/div>\n<\/div>\n<p>Una prenda que es una perfecta inversi\u00f3n de invierno y una gran alternativa al negro. Un dise\u00f1o de cuello solapa, manga larga y cierre frontal con cremallera met\u00e1lica. Su precio era de 59,99 euros y ahora es de <a rel=\"noopener, noreferrer\" href=\"https:\/\/www.stradivarius.com\/es\/cazadora-oversize-doble-faz-l08621305?colorId=150&amp;xs=13&amp;pelement=397046736\">49,99 euros.<\/a><\/p>\n<p><!-- BREAK 6 --> <\/p>\n<p>Fotos | <a rel=\"noopener, noreferrer\" href=\"https:\/\/www.stradivarius.com\/es\/cazadora-oversize-doble-faz-l08621305?colorId=150&amp;xs=13&amp;pelement=397046736\">Stradivarius, <\/a><a rel=\"nofollow, sponsored, noopener, noreferrer noopener\" target=\"_blank\" class=\"js-ecommerce\" id=\"link-ecommerce-1\" href=\"https:\/\/www.trendencias.com\/redirect?url=https%3A%2F%2Falgo-bonito.com%2Fproducts%2Fabrigo-liso-1-boton-granate%3F_pos%3D31%26_sid%3D94c1e3167%26_ss%3Dr&amp;category=tendencias&amp;ecomPostExpiration=perish&amp;postId=638530\" data-vars-affiliate-url=\"https:\/\/algo-bonito.com\/products\/abrigo-liso-1-boton-granate?_pos=31&amp;_sid=94c1e3167&amp;_ss=r\">Algo Bonito<\/a><\/p>\n<p>En Trendencias | <a class=\"text-outboundlink\" href=\"https:\/\/www.trendencias.com\/belleza\/estos-perfumes-mercadona-que-se-inspiran-firma-lujo-que-todo-mundo-habla\" data-vars-post-title=\"Estos son los perfumes de Mercadona que se inspiran en los de una firma de lujo (y de los que todo el mundo habla)\" data-vars-post-url=\"https:\/\/www.trendencias.com\/belleza\/estos-perfumes-mercadona-que-se-inspiran-firma-lujo-que-todo-mundo-habla\"><u>Estos son los perfumes de Mercadona que se inspiran en los de una firma de lujo (y de los que todo el mundo habla)<\/u><\/a><\/p>\n<p>En Trendencias | <a class=\"text-outboundlink\" href=\"https:\/\/www.trendencias.com\/propuestas-y-consejos\/gafas-graduadas-que-seran-tendencia-2023-modelos-retro-marcaran-pauta\" data-vars-post-title=\"Gafas graduadas que son tendencia en 2025: los modelos retro marcan la pauta\" data-vars-post-url=\"https:\/\/www.trendencias.com\/propuestas-y-consejos\/gafas-graduadas-que-seran-tendencia-2023-modelos-retro-marcaran-pauta\">Gafas graduadas que son tendencia en 2025: los modelos retro marcan la pauta<\/a>.<\/p>\n<p>En Trendencias | <a class=\"text-outboundlink\" href=\"https:\/\/www.trendencias.com\/festivales\/low-festival-2022-todo-que-se-sabe-cartel-entradas-horarios\" data-vars-post-title=\"Low Festival 2025: todo lo que se sabe sobre el cartel, las entradas y los horarios\" data-vars-post-url=\"https:\/\/www.trendencias.com\/festivales\/low-festival-2022-todo-que-se-sabe-cartel-entradas-horarios\">Low Festival 2025: todo lo que se sabe sobre el cartel, las entradas y los horarios<\/a>.<\/p>\n","protected":false},"excerpt":{"rendered":"<p>Durante el invierno, el abrigo se convierte en el protagonista de nuestros looks. Y no s\u00e9 si os pasa, pero en ocasiones me canso de llevar siempre el mismo estilo de prenda. Por eso, busco alternativas diferentes como plumas, bombers o cazadoras de pelo. Y esta \u00faltima se ha convertido en la protagonista de muchos [&hellip;]<\/p>\n","protected":false},"author":1,"featured_media":94060,"comment_status":"closed","ping_status":"closed","sticky":false,"template":"","format":"standard","meta":[],"categories":[],"tags":[],"_links":{"self":[{"href":"http:\/\/hoycordobaweb.com\/index.php\/wp-json\/wp\/v2\/posts\/94059"}],"collection":[{"href":"http:\/\/hoycordobaweb.com\/index.php\/wp-json\/wp\/v2\/posts"}],"about":[{"href":"http:\/\/hoycordobaweb.com\/index.php\/wp-json\/wp\/v2\/types\/post"}],"author":[{"embeddable":true,"href":"http:\/\/hoycordobaweb.com\/index.php\/wp-json\/wp\/v2\/users\/1"}],"replies":[{"embeddable":true,"href":"http:\/\/hoycordobaweb.com\/index.php\/wp-json\/wp\/v2\/comments?post=94059"}],"version-history":[{"count":0,"href":"http:\/\/hoycordobaweb.com\/index.php\/wp-json\/wp\/v2\/posts\/94059\/revisions"}],"wp:featuredmedia":[{"embeddable":true,"href":"http:\/\/hoycordobaweb.com\/index.php\/wp-json\/wp\/v2\/media\/94060"}],"wp:attachment":[{"href":"http:\/\/hoycordobaweb.com\/index.php\/wp-json\/wp\/v2\/media?parent=94059"}],"wp:term":[{"taxonomy":"category","embeddable":true,"href":"http:\/\/hoycordobaweb.com\/index.php\/wp-json\/wp\/v2\/categories?post=94059"},{"taxonomy":"post_tag","embeddable":true,"href":"http:\/\/hoycordobaweb.com\/index.php\/wp-json\/wp\/v2\/tags?post=94059"}],"curies":[{"name":"wp","href":"https:\/\/api.w.org\/{rel}","templated":true}]}}