{"id":9405,"date":"2021-01-07T11:47:00","date_gmt":"2021-01-07T11:47:00","guid":{"rendered":"http:\/\/hoycordobaweb.com\/index.php\/2021\/01\/07\/japon-declara-el-estado-de-emergencia-en-tokio-y-alrededores\/"},"modified":"2021-01-07T11:47:00","modified_gmt":"2021-01-07T11:47:00","slug":"japon-declara-el-estado-de-emergencia-en-tokio-y-alrededores","status":"publish","type":"post","link":"http:\/\/hoycordobaweb.com\/index.php\/2021\/01\/07\/japon-declara-el-estado-de-emergencia-en-tokio-y-alrededores\/","title":{"rendered":"Jap\u00f3n declara el estado de emergencia en Tokio y alrededores"},"content":{"rendered":"<p><img src=\"http:\/\/hoycordobaweb.com\/wp-content\/uploads\/2021\/01\/japon-declara-el-estado-de-emergencia-en-tokio-y-alrededores.jpg\"><\/p>\n<div class=\"image\" id=\"image\" readability=\"7\"> <img src=\"http:\/\/hoycordobaweb.com\/wp-content\/uploads\/2021\/01\/japon-declara-el-estado-de-emergencia-en-tokio-y-alrededores-2.jpg\" alt=\"El Gobierno pidi\u00f3 que eviten salidas innecesarias por la noche\" title=\"El Gobierno pidi\u00f3 que eviten salidas innecesarias por la noche\"><\/p>\n<p>El Gobierno pidi\u00f3 que eviten salidas innecesarias por la noche<\/p>\n<\/div>\n<p>Jap\u00f3n declar\u00f3 este jueves el estado de emergencia en la capital, Tokio, y en su periferia para intentar frenar el avance del coronavirus tras registrar una cifra r\u00e9cord de contagios en un solo d\u00eda tanto a nivel nacional como en la zona capitalina.<\/p>\n<p>\u00abDeclaramos el estado de emergencia\u00bb ya que \u00abse teme que la r\u00e1pida expansi\u00f3n del nuevo coronavirus en todo el pa\u00eds tenga un importante impacto en la vida de sus habitantes y en la econom\u00eda\u00bb, declar\u00f3 el primer ministro, Yoshihide Suga, en una reuni\u00f3n con expertos.<\/p>\n<p>El estado de emergencia, que afecta a la capital y a tres regiones adyacentes, comenzar\u00e1 a regir el viernes y durar\u00e1 un mes. La regi\u00f3n central de Aichi tiene previsto solicitar su adhesi\u00f3n al plan, inform\u00f3 la agencia de noticias AFP.<\/p>\n<blockquote readability=\"7\">\n<p>El impacto de la pandemia en Jap\u00f3n fue relativamente menor que en otros pa\u00edses, con unas 3.700 muertes registradas oficialmente y unos 260.000 contagios desde enero de 2020<span class=\"comilla\">\u201d<\/span><\/p>\n<\/blockquote>\n<p>El Ministerio de Salud inform\u00f3 6.100 nuevos casos de coronavirus en las \u00faltimas 24 horas, un r\u00e9cord desde el inicio de la pandemia. Tokio tambi\u00e9n registr\u00f3 su mayor n\u00famero de infecciones en un d\u00eda, 2.447, unos 800 m\u00e1s que su anterior r\u00e9cord, dijo el Ministerio.<\/p>\n<p>La zona metropolitana de Tokio, donde viven casi 37 millones de personas, el 30% de la poblaci\u00f3n japonesa, concentra la mayor\u00eda de los nuevos casos diarios de coronavirus que se registran a nivel nacional.<\/p>\n<p>Las medidas afectar\u00e1n principalmente a los restaurantes y bares, que tendr\u00e1n que dejar de servir alcohol despu\u00e9s de las 19 y cerrar sus puertas a las 20.<\/p>\n<p>El Gobierno tambi\u00e9n pidi\u00f3 a los habitantes que eviten salidas innecesarias por la noche e inst\u00f3 a las empresas a favorecer el teletrabajo, con el objetivo de reducir los desplazamientos en un 70%.<\/p>\n<p>Las escuelas permanecer\u00e1n abiertas y estar\u00e1n permitidos los eventos p\u00fablicos, pero con una capacidad m\u00e1xima de 5.000 espectadores.<\/p>\n<p>El impacto de la pandemia en Jap\u00f3n fue relativamente menor que en otros pa\u00edses, con unas 3.700 muertes registradas oficialmente y unos 260.000 contagios desde enero de 2020. Pero desde el noviembre, el pa\u00eds vive una tercera ola cada vez m\u00e1s preocupante. <\/p>\n","protected":false},"excerpt":{"rendered":"<p>El Gobierno pidi\u00f3 que eviten salidas innecesarias por la noche Jap\u00f3n declar\u00f3 este jueves el estado de emergencia en la capital, Tokio, y en su periferia para intentar frenar el avance del coronavirus tras registrar una cifra r\u00e9cord de contagios en un solo d\u00eda tanto a nivel nacional como en la zona capitalina. \u00abDeclaramos el [&hellip;]<\/p>\n","protected":false},"author":1,"featured_media":9406,"comment_status":"open","ping_status":"closed","sticky":false,"template":"","format":"standard","meta":[],"categories":[24],"tags":[],"_links":{"self":[{"href":"http:\/\/hoycordobaweb.com\/index.php\/wp-json\/wp\/v2\/posts\/9405"}],"collection":[{"href":"http:\/\/hoycordobaweb.com\/index.php\/wp-json\/wp\/v2\/posts"}],"about":[{"href":"http:\/\/hoycordobaweb.com\/index.php\/wp-json\/wp\/v2\/types\/post"}],"author":[{"embeddable":true,"href":"http:\/\/hoycordobaweb.com\/index.php\/wp-json\/wp\/v2\/users\/1"}],"replies":[{"embeddable":true,"href":"http:\/\/hoycordobaweb.com\/index.php\/wp-json\/wp\/v2\/comments?post=9405"}],"version-history":[{"count":0,"href":"http:\/\/hoycordobaweb.com\/index.php\/wp-json\/wp\/v2\/posts\/9405\/revisions"}],"wp:featuredmedia":[{"embeddable":true,"href":"http:\/\/hoycordobaweb.com\/index.php\/wp-json\/wp\/v2\/media\/9406"}],"wp:attachment":[{"href":"http:\/\/hoycordobaweb.com\/index.php\/wp-json\/wp\/v2\/media?parent=9405"}],"wp:term":[{"taxonomy":"category","embeddable":true,"href":"http:\/\/hoycordobaweb.com\/index.php\/wp-json\/wp\/v2\/categories?post=9405"},{"taxonomy":"post_tag","embeddable":true,"href":"http:\/\/hoycordobaweb.com\/index.php\/wp-json\/wp\/v2\/tags?post=9405"}],"curies":[{"name":"wp","href":"https:\/\/api.w.org\/{rel}","templated":true}]}}