{"id":94043,"date":"2025-01-13T00:53:01","date_gmt":"2025-01-13T00:53:01","guid":{"rendered":"https:\/\/www.ole.com.ar\/futbol-ascenso\/mercado-pases-2025-primera-division-primera-nacional_0_8Z01S1VvtY.html"},"modified":"2025-01-13T00:53:01","modified_gmt":"2025-01-13T00:53:01","slug":"mercado-de-pases-2025-los-que-pasan-de-la-primera-nacional-a-primera-division-ahora-bottari","status":"publish","type":"post","link":"http:\/\/hoycordobaweb.com\/index.php\/2025\/01\/13\/mercado-de-pases-2025-los-que-pasan-de-la-primera-nacional-a-primera-division-ahora-bottari\/","title":{"rendered":"Mercado de pases 2025: los que pasan de la Primera Nacional a Primera Divisi\u00f3n, ahora Bottari"},"content":{"rendered":"<p><img src=\"http:\/\/hoycordobaweb.com\/wp-content\/uploads\/2025\/01\/mercado-de-pases-2025-los-que-pasan-de-la-primera-nacional-a-primera-division-ahora-bottari.jpg\"><\/p>\n<p><span class=\"createDate\">12\/01\/2025 21:53hs.<\/span><time class=\"modificatedDate\" datetime=\"2025-01-12T22:15:17-03:00\"> Actualizado al 12\/01\/2025 22:15hs.<\/time><\/p>\n<div id=\"storyBody\">\n<div class=\"custom-text \" readability=\"23.111111111111\">\n<p>Los equipos de la <strong><a href=\"https:\/\/www.ole.com.ar\/futbol-primera\" target=\"_self\" title=\"Primera Divisi\u00f3n\" alt=\"Primera Divisi\u00f3n\" rel=\"noopener noreferrer\">Primera Divisi\u00f3n<\/a><\/strong> se est\u00e1n preparando arduamente para un 2025 plagado de acci\u00f3n. Las dos <strong><a href=\"https:\/\/www.ole.com.ar\/tema\/copa-de-la-liga-profesional.html\" target=\"_self\" title=\"Copa de la Liga\" alt=\"Copa de la Liga\" rel=\"noopener noreferrer\">Copa de la Liga<\/a> <\/strong>y la <strong><a href=\"https:\/\/www.ole.com.ar\/copa-argentina\/copa-argentina-2025-cruzan-boca-river_0_tkbbqJb0Dk.html\" target=\"_self\" title=\"Copa Argentina\" alt=\"Copa Argentina\" rel=\"noopener noreferrer\">Copa Argentina<\/a> <\/strong>ata\u00f1en a todos ellos, mientras que algunos tambi\u00e9n afrontar\u00e1n la <strong><a href=\"https:\/\/www.ole.com.ar\/tema\/copa-libertadores.html\" target=\"_self\" title=\"Copa Libertadores\" alt=\"Copa Libertadores\" rel=\"noopener noreferrer\">Copa Libertadores<\/a><\/strong>; la <strong><a href=\"https:\/\/www.ole.com.ar\/futbol-ascenso\/mercado-pases-2025-primera-division-primera-nacional_0_8Z01S1VvtY.html\" target=\"_self\" title=\"Copa Sudamericana\" alt=\"Copa Sudamericana\" rel=\"noopener noreferrer\">Copa Sudamericana<\/a><\/strong>; el <strong><a href=\"https:\/\/www.ole.com.ar\/tema\/mundial-de-clubes.html\" target=\"_self\" title=\"Mundial de Clubes\" alt=\"Mundial de Clubes\" rel=\"noopener noreferrer\">Mundial de Clubes<\/a> <\/strong>(Boca y River) y la <strong><a href=\"https:\/\/www.ole.com.ar\/futbol-ascenso\/mercado-pases-2025-primera-division-primera-nacional_0_8Z01S1VvtY.html\" target=\"_self\" title=\"Recopa Sudamericana\" alt=\"Recopa Sudamericana\" rel=\"noopener noreferrer\">Recopa Sudamericana<\/a><\/strong> (Racing).<\/p>\n<\/div>\n<div class=\"custom-text \" readability=\"40\">\n<p>Para afrontar todos estos cert\u00e1menes con la mayor eficacia posible, buscar\u00e1n fichar de igual modo en el mercado de pases. Las respuestas para algunos estan en el extranjero, mientras que otros se fijan en las ofertas del f\u00fatbol local. Dentro de ese \u00faltimo grupo, est\u00e1n los que <strong>apuestan a talentos por debajo de la \u00e9lite<\/strong>. Y en este <strong>caso lleg\u00f3 el turno de Tom\u00e1s Bottari<\/strong>, figura de Nueva Chicago, quien firm\u00f3 este domingo 12 de enero en Independiente Rivadavia de Mendoza.<\/p>\n<\/div>\n<div class=\"sc-e7b891c4-0 ifHnQL image-embed\"><img alt=\"Las zonas de la Copa de la Liga.\" loading=\"lazy\" width=\"1290\" height=\"760\" decoding=\"async\" data-nimg=\"1\" src=\"http:\/\/hoycordobaweb.com\/wp-content\/uploads\/2025\/01\/mercado-de-pases-2025-los-que-pasan-de-la-primera-nacional-a-primera-division-ahora-bottari-2.jpg\"><span class=\"epigraphe\">Las zonas de la Copa de la Liga.<\/span><\/div>\n<div class=\"custom-text \" readability=\"36\">\n<p>Lejos de ser contadas excepciones, son numerosos los jugadores que en 2024 disputaron la Primera Nacional y en 2025 han dado el salto a la m\u00e1xima categor\u00eda. A continuaci\u00f3n, haremos un <strong>repaso de todos ellos<\/strong> seg\u00fan el equipo al que han llegado.<\/p>\n<\/div>\n<p><h2>De la Primera Nacional 2024 a la Primera Divisi\u00f3n 2025<\/h2>\n<\/p>\n<p><h2>Aldosivi<\/h2>\n<\/p>\n<div class=\"custom-text \">\n<ul>\n<li>Agust\u00edn Palavecino (jug\u00f3 en Gimnasia de Jujuy cedido desde Estudiantes, ahora Estudiantes se lo cedi\u00f3 al tibur\u00f3n).<\/li>\n<\/ul>\n<\/div>\n<p><h2>Argentinos Juniors<\/h2>\n<\/p>\n<div class=\"custom-text \">\n<ul>\n<li>Miguel Brondo (Los Andes, vuelve del pr\u00e9stamo)<\/li>\n<\/ul>\n<\/div>\n<p><h2>Banfield<\/h2>\n<\/p>\n<div class=\"custom-text \">\n<ul>\n<li>Santiago Daniele (Chacarita)<\/li>\n<\/ul>\n<\/div>\n<p><h2>Barracas Central<\/h2>\n<\/p>\n<div class=\"custom-text \">\n<ul>\n<li>Marcelo Pi\u00f1o (Ferro, vuelve del pr\u00e9stamo).<\/li>\n<\/ul>\n<\/div>\n<p><h2>Belgrano<\/h2>\n<\/p>\n<div class=\"custom-text \">\n<ul>\n<li>Tiago Cravero (San Miguel, vuelve del pr\u00e9stamo)<\/li>\n<li>Tom\u00e1s Castro (Mitre de Santiago del Estero, vuelve del pr\u00e9stamo)<\/li>\n<li>Juli\u00e1n Mavilla (Temperley)<\/li>\n<\/ul>\n<\/div>\n<div class=\"sc-e7b891c4-0 ifHnQL image-embed\"><img alt=\"Juli\u00e1n Malavilla, de Temperley a Belgrano de C\u00f3rdoba. (FOTO: Prensa Belgrano).\" loading=\"lazy\" width=\"300\" height=\"390\" decoding=\"async\" data-nimg=\"1\" src=\"http:\/\/hoycordobaweb.com\/wp-content\/uploads\/2025\/01\/mercado-de-pases-2025-los-que-pasan-de-la-primera-nacional-a-primera-division-ahora-bottari-3.jpg\"><span class=\"epigraphe\">Juli\u00e1n Malavilla, de Temperley a Belgrano de C\u00f3rdoba. (FOTO: Prensa Belgrano).<\/span><\/div>\n<p><h2>Central C\u00f3rdoba<\/h2>\n<\/p>\n<div class=\"custom-text \">\n<ul>\n<li>Santiago Moyano (Deportivo Maip\u00fa)<\/li>\n<li>Abel Busto (Racing de C\u00f3rdoba, vuelve del pr\u00e9stamo)<\/li>\n<\/ul>\n<\/div>\n<p><h2>Gimnasia y Esgrima La Plata<\/h2>\n<\/p>\n<div class=\"custom-text \">\n<ul>\n<li>Lautaro Ch\u00e1vez (Defensores de Belgrano, vuelve del pr\u00e9stamo)<\/li>\n<\/ul>\n<\/div>\n<p><h2>Godoy Cruz<\/h2>\n<\/p>\n<div class=\"custom-text \">\n<ul>\n<li>Leandro Quiroz (Almirante Brown)<\/li>\n<li>Tom\u00e1s Rossi (Nueva Chicago, cedido desde Sportivo Belgrano de San Francisco)<\/li>\n<\/ul>\n<\/div>\n<div class=\"sc-e7b891c4-0 ifHnQL image-embed\"><img alt=\"Leandro Quiroz, de Almirante Brown a Godoy Cruz. (FOTO: Prensa Godoy Cruz).\" loading=\"lazy\" width=\"300\" height=\"390\" decoding=\"async\" data-nimg=\"1\" src=\"http:\/\/hoycordobaweb.com\/wp-content\/uploads\/2025\/01\/mercado-de-pases-2025-los-que-pasan-de-la-primera-nacional-a-primera-division-ahora-bottari-4.jpg\"><span class=\"epigraphe\">Leandro Quiroz, de Almirante Brown a Godoy Cruz. (FOTO: Prensa Godoy Cruz).<\/span><\/div>\n<p><h2>Deportivo Riestra<\/h2>\n<\/p>\n<div class=\"custom-text \">\n<ul>\n<li>Facundo Mi\u00f1o (Almirante Brown)<\/li>\n<li>Brian Guille (Col\u00f3n)<\/li>\n<li>Mariano Bracamonte (Deportivo Mor\u00f3n)<\/li>\n<li>Franco Fagundez (Estudiantes de Caseros)<\/li>\n<\/ul>\n<\/div>\n<p><h2>Hurac\u00e1n<\/h2>\n<\/p>\n<div class=\"custom-text \">\n<ul>\n<li>Santiago Moya (Quilmes, vuelve del pr\u00e9stamo)<\/li>\n<\/ul>\n<\/div>\n<p><h2>Independiente Rivadavia<\/h2>\n<\/p>\n<div class=\"custom-text \">\n<ul>\n<li>Laureano Rodriguez (Almagro)<\/li>\n<li>Mauro Peinipil (Deportivo Madryn)<\/li>\n<li>Tom\u00e1s Bottari (Nueva Chicago)<\/li>\n<li>Mat\u00edas Fern\u00e1ndez (Excursionistas)<\/li>\n<li>Thomas Ortega (Trist\u00e1n Su\u00e1rez)<\/li>\n<li>Maximiliano Amarfil (Nueva Chicago, aunque cedido desde Cipolletti)<\/li>\n<\/ul>\n<\/div>\n<p><h2>Instituto<\/h2>\n<\/p>\n<div class=\"custom-text \">\n<ul>\n<li>Juan Cruz Arguello (Racing de C\u00f3rdoba, vuelve del pr\u00e9stamo)<\/li>\n<li>Jonathan Dellarossa (Chaco For Ever, vuelve del pr\u00e9stamo)<\/li>\n<\/ul>\n<\/div>\n<p><h2>Newell&#8217;s Old Boys<\/h2>\n<\/p>\n<div class=\"custom-text \">\n<ul>\n<li>Alejo Tabares (All Boys)<\/li>\n<\/ul>\n<\/div>\n<div class=\"sc-e7b891c4-0 ifHnQL image-embed\"><img alt=\"Alejo Tabares, de All Boys a Newell's. (FOTO: Prensa Newell's).\" loading=\"lazy\" width=\"1290\" height=\"760\" decoding=\"async\" data-nimg=\"1\" src=\"http:\/\/hoycordobaweb.com\/wp-content\/uploads\/2025\/01\/mercado-de-pases-2025-los-que-pasan-de-la-primera-nacional-a-primera-division-ahora-bottari-5.jpg\"><span class=\"epigraphe\">Alejo Tabares, de All Boys a Newell&#8217;s. (FOTO: Prensa Newell&#8217;s).<\/span><\/div>\n<p><h2>Platense<\/h2>\n<\/p>\n<div class=\"custom-text \">\n<ul>\n<li>Santiago Postel (San Miguel, vuelve del pr\u00e9stamo)<\/li>\n<\/ul>\n<\/div>\n<p><h2>San Mart\u00edn de San Juan<\/h2>\n<\/p>\n<div class=\"custom-text \">\n<ul>\n<li>Sebasti\u00e1n Juarena (Alvarado)<\/li>\n<li>Dami\u00e1n Adin (Quilmes)<\/li>\n<li>Lucas Diarte (San Mart\u00edn de Tucum\u00e1n)<\/li>\n<li>Nicol\u00e1s Watson (Chacarita)<\/li>\n<\/ul>\n<\/div>\n<p><h2>Tigre<\/h2>\n<\/p>\n<div class=\"custom-text \">\n<ul>\n<li>Federico T\u00e9vez (Quilmes)<\/li>\n<\/ul>\n<\/div>\n<p><h2>Uni\u00f3n <\/h2>\n<\/p>\n<div class=\"custom-text \">\n<ul>\n<li>Mariano Meynier (Patronato, vuelve del pr\u00e9stamo)<\/li>\n<\/ul>\n<\/div>\n<div class=\"sc-a7166897-0 eoLsBE\" readability=\"6\">\n<section readability=\"2\"><picture><img alt=\"Qu\u00e9 le piden a Paredes desde Boca para que pueda ser refuerzo de Gago\" loading=\"lazy\" width=\"290\" height=\"290\" decoding=\"async\" data-nimg=\"1\" src=\"http:\/\/hoycordobaweb.com\/wp-content\/uploads\/2025\/01\/mercado-de-pases-2025-los-que-pasan-de-la-primera-nacional-a-primera-division-ahora-bottari-6.jpg\"><\/picture>\n<p><span>Mir\u00e1 tambi\u00e9n<\/span><\/p>\n<hr>\n<h3>Qu\u00e9 le piden a Paredes desde Boca para que pueda ser refuerzo de Gago<\/h3>\n<\/p>\n<\/section>\n<\/div>\n<div class=\"sc-a7166897-0 eoLsBE\" readability=\"7\">\n<section readability=\"4\"><picture><img alt=\"As\u00ed se va armando Hurac\u00e1n para el 2025: caras nuevas, renovaciones y los que ya no est\u00e1n\" loading=\"lazy\" width=\"290\" height=\"290\" decoding=\"async\" data-nimg=\"1\" src=\"http:\/\/hoycordobaweb.com\/wp-content\/uploads\/2025\/01\/mercado-de-pases-2025-los-que-pasan-de-la-primera-nacional-a-primera-division-ahora-bottari-7.jpg\"><\/picture>\n<p><span>Mir\u00e1 tambi\u00e9n<\/span><\/p>\n<hr>\n<h3>As\u00ed se va armando Hurac\u00e1n para el 2025: caras nuevas, renovaciones y los que ya no est\u00e1n<\/h3>\n<\/p>\n<\/section>\n<\/div>\n<div class=\"sc-a7166897-0 eoLsBE\" readability=\"6\">\n<section readability=\"2\"><picture><img alt=\"Las claves del nuevo Independiente que arma Vaccari\" loading=\"lazy\" width=\"290\" height=\"290\" decoding=\"async\" data-nimg=\"1\" src=\"http:\/\/hoycordobaweb.com\/wp-content\/uploads\/2025\/01\/mercado-de-pases-2025-los-que-pasan-de-la-primera-nacional-a-primera-division-ahora-bottari-8.jpg\"><\/picture>\n<p><span>Mir\u00e1 tambi\u00e9n<\/span><\/p>\n<hr>\n<h3>Las claves del nuevo Independiente que arma Vaccari<\/h3>\n<\/p>\n<\/section>\n<\/div>\n<\/div>\n","protected":false},"excerpt":{"rendered":"<p>12\/01\/2025 21:53hs. Actualizado al 12\/01\/2025 22:15hs. Los equipos de la Primera Divisi\u00f3n se est\u00e1n preparando arduamente para un 2025 plagado de acci\u00f3n. Las dos Copa de la Liga y la Copa Argentina ata\u00f1en a todos ellos, mientras que algunos tambi\u00e9n afrontar\u00e1n la Copa Libertadores; la Copa Sudamericana; el Mundial de Clubes (Boca y River) y [&hellip;]<\/p>\n","protected":false},"author":1,"featured_media":94044,"comment_status":"open","ping_status":"closed","sticky":false,"template":"","format":"standard","meta":[],"categories":[16],"tags":[],"_links":{"self":[{"href":"http:\/\/hoycordobaweb.com\/index.php\/wp-json\/wp\/v2\/posts\/94043"}],"collection":[{"href":"http:\/\/hoycordobaweb.com\/index.php\/wp-json\/wp\/v2\/posts"}],"about":[{"href":"http:\/\/hoycordobaweb.com\/index.php\/wp-json\/wp\/v2\/types\/post"}],"author":[{"embeddable":true,"href":"http:\/\/hoycordobaweb.com\/index.php\/wp-json\/wp\/v2\/users\/1"}],"replies":[{"embeddable":true,"href":"http:\/\/hoycordobaweb.com\/index.php\/wp-json\/wp\/v2\/comments?post=94043"}],"version-history":[{"count":0,"href":"http:\/\/hoycordobaweb.com\/index.php\/wp-json\/wp\/v2\/posts\/94043\/revisions"}],"wp:featuredmedia":[{"embeddable":true,"href":"http:\/\/hoycordobaweb.com\/index.php\/wp-json\/wp\/v2\/media\/94044"}],"wp:attachment":[{"href":"http:\/\/hoycordobaweb.com\/index.php\/wp-json\/wp\/v2\/media?parent=94043"}],"wp:term":[{"taxonomy":"category","embeddable":true,"href":"http:\/\/hoycordobaweb.com\/index.php\/wp-json\/wp\/v2\/categories?post=94043"},{"taxonomy":"post_tag","embeddable":true,"href":"http:\/\/hoycordobaweb.com\/index.php\/wp-json\/wp\/v2\/tags?post=94043"}],"curies":[{"name":"wp","href":"https:\/\/api.w.org\/{rel}","templated":true}]}}