{"id":94041,"date":"2025-01-13T00:57:51","date_gmt":"2025-01-13T00:57:51","guid":{"rendered":"https:\/\/www.ole.com.ar\/futbol-primera\/huracan-tissera-danubio-amistoso-uruguay_0_64yQn4rdi7.html"},"modified":"2025-01-13T00:57:51","modified_gmt":"2025-01-13T00:57:51","slug":"huracan-le-gano-a-danubio-con-debut-goleador-de-tissera","status":"publish","type":"post","link":"http:\/\/hoycordobaweb.com\/index.php\/2025\/01\/13\/huracan-le-gano-a-danubio-con-debut-goleador-de-tissera\/","title":{"rendered":"Hurac\u00e1n le gan\u00f3 a Danubio con debut goleador de Tissera"},"content":{"rendered":"<p><img src=\"http:\/\/hoycordobaweb.com\/wp-content\/uploads\/2025\/01\/huracan-le-gano-a-danubio-con-debut-goleador-de-tissera.jpg\"><\/p>\n<p><span class=\"createDate\">12\/01\/2025 21:57hs.<\/span><time class=\"modificatedDate\" datetime=\"2025-01-12T22:18:07-03:00\"> Actualizado al 12\/01\/2025 22:18hs.<\/time><\/p>\n<div id=\"storyBody\">\n<div class=\"custom-text \" readability=\"38.905109489051\">\n<p>En plena pretemporada, <strong><a href=\"https:\/\/www.ole.com.ar\/tema\/huracan.html\" title=\"Hurac\u00e1n\" alt=\"Hurac\u00e1n\" class=\"slug\">Hurac\u00e1n<\/a> afront\u00f3 el amistoso contra Danubio con un objetivo muy diferente al de conseguir un buen resultado, algo que de todas maneras termin\u00f3 consiguiendo.<\/strong> Mientras define algunas salidas como las de Mazzantti y Alarc\u00f3n y termin\u00f3 de armar un plantel con muchas caras nuevas, <strong><a href=\"https:\/\/www.ole.com.ar\/tema\/frank-dario-kudelka.html\" title=\"Frank Dar\u00edo Kudelka\" alt=\"Frank Dar\u00edo Kudelka\" class=\"slug\">Kudelka<\/a> aprovech\u00f3 el partido ante los uruguayos para darles rodaje a varios jugadores que no lo hab\u00edan tenido durante el a\u00f1o pasado.<\/strong> Meza en el arco, una defensa con j\u00f3venes y un mediocampo alternativo, con una delantera comandad por \u00c1bila.<\/p>\n<\/div>\n<p><h2>Un primer tiempo que no fue del todo bueno de Hurac\u00e1n<\/h2>\n<\/p>\n<div class=\"custom-text \" readability=\"45\">\n<p>De inicio nom\u00e1s<strong>, al Globo le cost\u00f3 hacer pie en el medio por la falta de sus titulares. Agarr\u00f3 poco la pelota y tuvo en Spina a un volante central muy batallador y f\u00edsico, pero al que le cost\u00f3 un poco manejar la pelota<\/strong>. Ese primer tiempo, discreto<strong>, encontr\u00f3 en Danubio al equipo protagonista. y que tranquilamente se pudo poner en ventaja<\/strong>. Sebasti\u00e1n Fern\u00e1ndez meti\u00f3 un cabezazo al palo y Joaqu\u00edn Fern\u00e1ndez, un zurdo picante, complic\u00f3 dos veces a Meza. Un remate se fue cerca y el otro, de tiro libre, oblig\u00f3 a una buena volada del arquero suplente del Globo. La visita, por su parte, tuvo una con un derechazo de \u00c1bila que dio en el travesa\u00f1o.<\/p>\n<\/div>\n<p><h2>Llegaron<strong> <\/strong>los goles del Globo en el ST<\/h2>\n<\/p>\n<div class=\"custom-text \" readability=\"39\">\n<p>Sin embargo,<strong> el segundo tiempo inici\u00f3 con sorpresa. Al minuto, \u00c1bila abri\u00f3 para Lescano, el zurdo tir\u00f3 el centro y Ram\u00edrez se anticip\u00f3 para poner en ventaja a Hurac\u00e1n<\/strong> ante un Danubio que hab\u00eda hecho cuatro cambios para salir a jugar la segunda parte. Esto le hizo mal al equipo uruguayo, que perdi\u00f3 el ritmo y el dominio del partido.<\/p>\n<\/div>\n<div class=\"custom-text \" readability=\"39\">\n<p>A falta de 20 minutos, y para seguir encontrando ritmo,<strong> Kudelka mand\u00f3 a la cancha a Alan\u00eds y Tissera, dos de los refuerzos de nombre del Globo para este a\u00f1o. Y el delantero empez\u00f3 a cumplir: en la primera que tuvo, dentro del \u00e1rea, puso el 2-0. Gran debut para el ex goleador de Platense.<\/strong><\/p>\n<\/div>\n<div class=\"custom-text \" readability=\"33\">\n<p>Sin sobresaltos, Hurac\u00e1n gan\u00f3 y se va armando con muchas caras nuevas.<\/p>\n<\/div>\n<p><h2>LOS GOLES DE HURAC\u00c1N<\/h2>\n<\/p>\n<div class=\"sc-734b4696-1 kFfZtB\">\n<div class=\"sc-d00d9e74-0 hnHYbk\" type=\"embed\">\n<div class=\"sc-d00d9e74-1 iKVbz videoText\" id=\"contentTitleembedYVyseNWk\" type=\"embed\"><svg fill=\"#ffffff\"><symbol id=\"play\" viewBox=\"0 0 512 512\"><path d=\"M512 256C512 397.4 397.4 512 256 512C114.6 512 0 397.4 0 256C0 114.6 114.6 0 256 0C397.4 0 512 114.6 512 256zM176 168V344C176 352.7 180.7 360.7 188.3 364.9C195.8 369.2 205.1 369 212.5 364.5L356.5 276.5C363.6 272.1 368 264.4 368 256C368 247.6 363.6 239.9 356.5 235.5L212.5 147.5C205.1 142.1 195.8 142.8 188.3 147.1C180.7 151.3 176 159.3 176 168V168z\" \/><\/symbol><use xlink:href=\"#play\" \/><\/svg><\/p>\n<div class=\"right\">\n<p>Hurac\u00e1n<!-- --> &#8211; <span>&nbsp;<\/span><\/p>\n<h2 class=\"title-vid\">El 1 a 0 de Hurac\u00e1n ante Danubio<\/h2>\n<\/div>\n<\/div>\n<p><span class=\"back\" id=\"spanBackembedYVyseNWk\"><\/span><\/div>\n<\/div>\n<div class=\"sc-734b4696-1 kFfZtB\">\n<div class=\"sc-d00d9e74-0 hnHYbk\" type=\"embed\">\n<div class=\"sc-d00d9e74-1 iKVbz videoText\" id=\"contentTitleembedNDHCZ5H2\" type=\"embed\"><svg fill=\"#ffffff\"><symbol id=\"play\" viewBox=\"0 0 512 512\"><path d=\"M512 256C512 397.4 397.4 512 256 512C114.6 512 0 397.4 0 256C0 114.6 114.6 0 256 0C397.4 0 512 114.6 512 256zM176 168V344C176 352.7 180.7 360.7 188.3 364.9C195.8 369.2 205.1 369 212.5 364.5L356.5 276.5C363.6 272.1 368 264.4 368 256C368 247.6 363.6 239.9 356.5 235.5L212.5 147.5C205.1 142.1 195.8 142.8 188.3 147.1C180.7 151.3 176 159.3 176 168V168z\" \/><\/symbol><use xlink:href=\"#play\" \/><\/svg><\/p>\n<div class=\"right\">\n<p>Hurac\u00e1n<!-- --> &#8211; <span>&nbsp;<\/span><\/p>\n<h2 class=\"title-vid\">Hurac\u00e1n puso el 2 &#8211; 0 ante Danubio<\/h2>\n<\/div>\n<\/div>\n<p><span class=\"back\" id=\"spanBackembedNDHCZ5H2\"><\/span><\/div>\n<\/div>\n<div class=\"sc-a7166897-0 eoLsBE\" readability=\"6\">\n<section readability=\"2\"><picture><img alt=\"El posteo retro de Battaglia con un elogio para Gago: &quot;#Crack&quot;\" loading=\"lazy\" width=\"290\" height=\"290\" decoding=\"async\" data-nimg=\"1\" src=\"http:\/\/hoycordobaweb.com\/wp-content\/uploads\/2025\/01\/huracan-le-gano-a-danubio-con-debut-goleador-de-tissera-2.jpg\"><\/picture>\n<p><span>Mir\u00e1 tambi\u00e9n<\/span><\/p>\n<hr>\n<h3>El posteo retro de Battaglia con un elogio para Gago: \u00ab#Crack\u00bb<\/h3>\n<\/p>\n<\/section>\n<\/div>\n<div class=\"sc-a7166897-0 eoLsBE\" readability=\"7\">\n<section readability=\"4\"><picture><img alt=\"Mercado de pases 2025: los que pasan de la Primera Nacional a Primera Divisi\u00f3n, ahora Bottari\" loading=\"lazy\" width=\"290\" height=\"290\" decoding=\"async\" data-nimg=\"1\" src=\"http:\/\/hoycordobaweb.com\/wp-content\/uploads\/2025\/01\/huracan-le-gano-a-danubio-con-debut-goleador-de-tissera-3.jpg\"><\/picture>\n<p><span>Mir\u00e1 tambi\u00e9n<\/span><\/p>\n<hr>\n<h3>Mercado de pases 2025: los que pasan de la Primera Nacional a Primera Divisi\u00f3n, ahora Bottari<\/h3>\n<\/p>\n<\/section>\n<\/div>\n<\/div>\n","protected":false},"excerpt":{"rendered":"<p>12\/01\/2025 21:57hs. Actualizado al 12\/01\/2025 22:18hs. En plena pretemporada, Hurac\u00e1n afront\u00f3 el amistoso contra Danubio con un objetivo muy diferente al de conseguir un buen resultado, algo que de todas maneras termin\u00f3 consiguiendo. Mientras define algunas salidas como las de Mazzantti y Alarc\u00f3n y termin\u00f3 de armar un plantel con muchas caras nuevas, Kudelka aprovech\u00f3 [&hellip;]<\/p>\n","protected":false},"author":1,"featured_media":94042,"comment_status":"open","ping_status":"closed","sticky":false,"template":"","format":"standard","meta":[],"categories":[16],"tags":[],"_links":{"self":[{"href":"http:\/\/hoycordobaweb.com\/index.php\/wp-json\/wp\/v2\/posts\/94041"}],"collection":[{"href":"http:\/\/hoycordobaweb.com\/index.php\/wp-json\/wp\/v2\/posts"}],"about":[{"href":"http:\/\/hoycordobaweb.com\/index.php\/wp-json\/wp\/v2\/types\/post"}],"author":[{"embeddable":true,"href":"http:\/\/hoycordobaweb.com\/index.php\/wp-json\/wp\/v2\/users\/1"}],"replies":[{"embeddable":true,"href":"http:\/\/hoycordobaweb.com\/index.php\/wp-json\/wp\/v2\/comments?post=94041"}],"version-history":[{"count":0,"href":"http:\/\/hoycordobaweb.com\/index.php\/wp-json\/wp\/v2\/posts\/94041\/revisions"}],"wp:featuredmedia":[{"embeddable":true,"href":"http:\/\/hoycordobaweb.com\/index.php\/wp-json\/wp\/v2\/media\/94042"}],"wp:attachment":[{"href":"http:\/\/hoycordobaweb.com\/index.php\/wp-json\/wp\/v2\/media?parent=94041"}],"wp:term":[{"taxonomy":"category","embeddable":true,"href":"http:\/\/hoycordobaweb.com\/index.php\/wp-json\/wp\/v2\/categories?post=94041"},{"taxonomy":"post_tag","embeddable":true,"href":"http:\/\/hoycordobaweb.com\/index.php\/wp-json\/wp\/v2\/tags?post=94041"}],"curies":[{"name":"wp","href":"https:\/\/api.w.org\/{rel}","templated":true}]}}