{"id":94039,"date":"2025-01-13T01:21:44","date_gmt":"2025-01-13T01:21:44","guid":{"rendered":"https:\/\/www.ole.com.ar\/san-lorenzo\/arquero-neerlandes-san-lorenzo-noppert-interes-paises-bajos_0_G0dAL8ogvW.html"},"modified":"2025-01-13T01:21:44","modified_gmt":"2025-01-13T01:21:44","slug":"el-arquero-neerlandes-hablo-de-su-posible-llegada-a-san-lorenzo-me-gustaria-jugar-ahi","status":"publish","type":"post","link":"http:\/\/hoycordobaweb.com\/index.php\/2025\/01\/13\/el-arquero-neerlandes-hablo-de-su-posible-llegada-a-san-lorenzo-me-gustaria-jugar-ahi\/","title":{"rendered":"El arquero neerland\u00e9s habl\u00f3 de su posible llegada a San Lorenzo: \u00abMe gustar\u00eda jugar ah\u00ed\u00bb"},"content":{"rendered":"<p><img src=\"http:\/\/hoycordobaweb.com\/wp-content\/uploads\/2025\/01\/el-arquero-neerlandes-hablo-de-su-posible-llegada-a-san-lorenzo-me-gustaria-jugar-ahi.jpg\"><\/p>\n<p><time class=\"createDate\" datetime=\"2025-01-12T22:21:44-03:00\">12\/01\/2025 22:21hs.<\/time><\/p>\n<div id=\"storyBody\">\n<div class=\"custom-text \" readability=\"36.164271047228\">\n<p>Ya hace varios d\u00edas se viene hablando de la posibilidad de que <strong><a href=\"https:\/\/www.ole.com.ar\/tema\/san-lorenzo.html\" title=\"San Lorenzo\" alt=\"San Lorenzo\" class=\"slug\">San Lorenzo<\/a><\/strong> tenga una nueva incorporaci\u00f3n ex\u00f3tica. <strong>El arquero neerland\u00e9s Andries Noppert fue ofrecido para unirse al Cicl\u00f3n y hasta la dirigencia ya tiene un principio de acuerdo en lo contractual. <\/strong>Sin embargo, hasta el momento ninguna de las partes se hab\u00eda referido p\u00fablicamente sobre esta posible llegada, <strong>pero fue el mismo Noppert el que rompi\u00f3 el silencio y manifest\u00f3 sus ganas de venir a jugar a la Argentina.<\/strong><\/p>\n<\/div>\n<div class=\"custom-text \" readability=\"39.677419354839\">\n<p>Luego de la victoria de su Heerenveen 4-2 ante el NAC (el arquero fue nuevamente suplente), el gigante de m\u00e1s de dos metros confirm\u00f3 que ya hubo algunas gestiones desde Boedo: <strong>\u00abLas historias no mienten. Le informaron a mi agente. Eso es muy positivo, pero todav\u00eda no han informado al club\u00bb<\/strong>, le declar\u00f3 a ESPN. Y es que si bien en la dirigencia hay inter\u00e9s en traer al arquero que enfrent\u00f3 a la Selecci\u00f3n en el Mundial de Qatar, el visto bueno lo tiene que dar<strong><a href=\"https:\/\/www.ole.com.ar\/tema\/miguel-angel-russo.html\" title=\"Miguel Angel Russo\" alt=\"Miguel Angel Russo\" class=\"slug\"> Miguel \u00c1ngel Russo<\/a>, que tiene como prioridad al uruguayo Washington Aguerre, que viene de ser figura de Pe\u00f1arol en 2024.<\/strong><\/p>\n<\/div>\n<div class=\"custom-text \" readability=\"33.634496919918\">\n<p>Pero lo cierto es que el neerland\u00e9s quiere venir a al Cicl\u00f3n y, <a href=\"https:\/\/www.ole.com.ar\/san-lorenzo\/san-lorenzo-arquero-neerlandes-noppert-russo-moretti_0_Vx0hJEWXV0.html\" target=\"_self\" title=\"como si no fuera suficiente el gui\u00f1o que dio en las \u00faltimas horas\" alt=\"como si no fuera suficiente el gui\u00f1o que dio en las \u00faltimas horas\" rel=\"noopener noreferrer\">como si no fuera suficiente el gui\u00f1o que dio en las \u00faltimas horas<\/a>, en esa misma entrevista dijo que<strong> \u00abme gustar\u00eda jugar en San Lorenzo.<\/strong> Es un honor que un equipo as\u00ed se fije en m\u00ed. Pude jugar contra Argentina en el Mundial y lo que pas\u00f3 all\u00ed en las gradas fue un gran manicomio.<strong> Vi videos, eso tambi\u00e9n es as\u00ed en San Lorenzo\u00bb<\/strong>, mostrando que incluso ya anduvo mirando el cancionero que tiene la hinchada del Cuervo.<\/p>\n<\/div>\n<div class=\"custom-text \" readability=\"40\">\n<p>Es m\u00e1s, si bien Noppert no habla ni una palabra en espa\u00f1ol y la distancia con su pa\u00eds es de miles de kil\u00f3metros, poco le importa esto al arquero,<strong> ya que considera que ir a San Lorenzo \u00abme conviene mucho y tiene muy buena imagen\u00bb<\/strong>. As\u00ed, el neerland\u00e9s ya mostr\u00f3 sus ganas de venir al pa\u00eds y ser el segundo europeo del plantel, ya que se sumar\u00eda a la presencia de Iker Muniain. Pero la pelota la tiene Russo.<\/p>\n<\/div>\n<div class=\"sc-e7b891c4-0 ifHnQL image-embed\"><img alt=\"Noppert estuvo en el triunfo de la Selecci\u00f3n ante su pa\u00eds en los 4tos. de Qatar 2022 (EFE\/EPA\/Rungroj Yongrit).\" loading=\"lazy\" width=\"720\" height=\"100\" decoding=\"async\" data-nimg=\"1\" src=\"http:\/\/hoycordobaweb.com\/wp-content\/uploads\/2025\/01\/el-arquero-neerlandes-hablo-de-su-posible-llegada-a-san-lorenzo-me-gustaria-jugar-ahi-2.jpg\"><span class=\"epigraphe\">Noppert estuvo en el triunfo de la Selecci\u00f3n ante su pa\u00eds en los 4tos. de Qatar 2022 (EFE\/EPA\/Rungroj Yongrit).<\/span><\/div>\n<p><h2><strong>El gui\u00f1o que ya hab\u00eda dado Noppert hacia San Lorenzo<\/strong><\/h2>\n<\/p>\n<div class=\"custom-text \" readability=\"39\">\n<p>Entre algunos jugadores del Ajax o de la selecci\u00f3n de Pa\u00edses Bajos, aparece en la lista Marcelo Moretti, el presidente de San Lorenzo. S\u00ed, es que durante las primeras horas de este s\u00e1bado, <strong>Andries Noppert le dio seguir en Instagram al directivo argentino. <\/strong>Un gui\u00f1o con el que ya expon\u00eda sus ganas de ponerse la camiseta del Cicl\u00f3n.<\/p>\n<\/div>\n<div class=\"sc-e7b891c4-0 ifHnQL image-embed\"><img alt=\"Entre los pocos m\u00e1s de 300 seguidos que tiene Noppert en su cuenta de Instagram, ahora est\u00e1 el presidente del Cicl\u00f3n.\" loading=\"lazy\" width=\"720\" height=\"100\" decoding=\"async\" data-nimg=\"1\" src=\"http:\/\/hoycordobaweb.com\/wp-content\/uploads\/2025\/01\/el-arquero-neerlandes-hablo-de-su-posible-llegada-a-san-lorenzo-me-gustaria-jugar-ahi-3.jpg\"><span class=\"epigraphe\">Entre los pocos m\u00e1s de 300 seguidos que tiene Noppert en su cuenta de Instagram, ahora est\u00e1 el presidente del Cicl\u00f3n.<\/span><\/div>\n<p><h2><strong>Russo y sus dudas con respecto al neerland\u00e9s<\/strong><\/h2>\n<\/p>\n<div class=\"custom-text \" readability=\"37\">\n<p><strong>Es sabido que en San Lorenzo es prioridad traer a un arquero<\/strong>, porque Chila G\u00f3mez finaliz\u00f3 su pr\u00e9stamo y volvi\u00f3 a Racing y Facundo Altamirano, quien perdi\u00f3 el puesto y termin\u00f3 muy criticado por los hinchas, sigue en el plantel pero es probable que busque un nuevo destino.<\/p>\n<\/div>\n<div class=\"custom-text \" readability=\"36\">\n<p><strong>El elegido del det\u00e9 es el uruguayo Washington Aguerre<\/strong>, que viene de ser figura de Pe\u00f1arol en 2024 y no acord\u00f3 la renovaci\u00f3n de su contrato, <strong>pero desde lo econ\u00f3mico es muy dif\u00edcil que se concrete su llegada a Boedo.<\/strong><\/p>\n<\/div>\n<div class=\"custom-text \" readability=\"42\">\n<p>Por eso, en la dirigencia empez\u00f3 a convencer el ofrecimiento por Noppert, pero para que se d\u00e9 su llegada hay una serie de pasos que deben darse. En primer lugar, <strong>que interrumpa el v\u00ednculo con su club<\/strong> y, en segundo, lo m\u00e1s importante: el visto bueno de Russo.<strong> Es que el t\u00e9cnico todav\u00eda no tom\u00f3 una decisi\u00f3n y tiene algunas dudas sobre lo que pueda costarle la adaptaci\u00f3n a quien fue titular en el Mundial de Qatar<\/strong> (enfrent\u00f3 a Argentina en aquel hist\u00f3rico partido de cuartos de final) ya que, entre otras diferencias culturales, no habla ni una palabra de castellano. \u00bfMiguelo se convencer\u00e1 de traerlo o evaluar\u00e1 otras opciones? El tiempo lo dir\u00e1.<\/p>\n<\/div>\n<div class=\"sc-e7b891c4-0 ifHnQL image-embed\"><img alt=\"Russo a\u00fan no tom\u00f3 una decisi\u00f3n sobre el arquero neerland\u00e9s (Foto Maxi Failla).\" loading=\"lazy\" width=\"720\" height=\"100\" decoding=\"async\" data-nimg=\"1\" src=\"http:\/\/hoycordobaweb.com\/wp-content\/uploads\/2025\/01\/el-arquero-neerlandes-hablo-de-su-posible-llegada-a-san-lorenzo-me-gustaria-jugar-ahi-4.jpg\"><span class=\"epigraphe\">Russo a\u00fan no tom\u00f3 una decisi\u00f3n sobre el arquero neerland\u00e9s (Foto Maxi Failla).<\/span><\/div>\n<div class=\"sc-a7166897-0 eoLsBE\" readability=\"7\">\n<section readability=\"4\"><picture><img alt=\"Mercado de pases 2025: los que pasan de la Primera Nacional a Primera Divisi\u00f3n, ahora Bottari\" loading=\"lazy\" width=\"290\" height=\"290\" decoding=\"async\" data-nimg=\"1\" src=\"http:\/\/hoycordobaweb.com\/wp-content\/uploads\/2025\/01\/el-arquero-neerlandes-hablo-de-su-posible-llegada-a-san-lorenzo-me-gustaria-jugar-ahi-5.jpg\"><\/picture>\n<p><span>Mir\u00e1 tambi\u00e9n<\/span><\/p>\n<hr>\n<h3>Mercado de pases 2025: los que pasan de la Primera Nacional a Primera Divisi\u00f3n, ahora Bottari<\/h3>\n<\/p>\n<\/section>\n<\/div>\n<div class=\"sc-a7166897-0 eoLsBE\" readability=\"7.5\">\n<section readability=\"5\"><picture><img alt=\"Nacional vs. San Lorenzo, por la Serie R\u00edo de la Plata: hora, c\u00f3mo ver y probables formaciones\" loading=\"lazy\" width=\"290\" height=\"290\" decoding=\"async\" data-nimg=\"1\" src=\"http:\/\/hoycordobaweb.com\/wp-content\/uploads\/2025\/01\/el-arquero-neerlandes-hablo-de-su-posible-llegada-a-san-lorenzo-me-gustaria-jugar-ahi-6.jpg\"><\/picture>\n<p><span>Mir\u00e1 tambi\u00e9n<\/span><\/p>\n<hr>\n<h3>Nacional vs. San Lorenzo, por la Serie R\u00edo de la Plata: hora, c\u00f3mo ver y probables formaciones<\/h3>\n<\/p>\n<\/section>\n<\/div>\n<div class=\"sc-a7166897-0 eoLsBE\" readability=\"6\">\n<section readability=\"2\"><picture><img alt=\"Hurac\u00e1n le gan\u00f3 a Danubio con debut goleador de Tissera\" loading=\"lazy\" width=\"290\" height=\"290\" decoding=\"async\" data-nimg=\"1\" src=\"http:\/\/hoycordobaweb.com\/wp-content\/uploads\/2025\/01\/el-arquero-neerlandes-hablo-de-su-posible-llegada-a-san-lorenzo-me-gustaria-jugar-ahi-7.jpg\"><\/picture>\n<p><span>Mir\u00e1 tambi\u00e9n<\/span><\/p>\n<hr>\n<h3>Hurac\u00e1n le gan\u00f3 a Danubio con debut goleador de Tissera<\/h3>\n<\/p>\n<\/section>\n<\/div>\n<div class=\"sc-a7166897-0 eoLsBE\" readability=\"6\">\n<section readability=\"2\"><picture><img alt=\"El posteo retro de Battaglia con un elogio para Gago: &quot;#Crack&quot;\" loading=\"lazy\" width=\"290\" height=\"290\" decoding=\"async\" data-nimg=\"1\" src=\"http:\/\/hoycordobaweb.com\/wp-content\/uploads\/2025\/01\/el-arquero-neerlandes-hablo-de-su-posible-llegada-a-san-lorenzo-me-gustaria-jugar-ahi-8.jpg\"><\/picture>\n<p><span>Mir\u00e1 tambi\u00e9n<\/span><\/p>\n<hr>\n<h3>El posteo retro de Battaglia con un elogio para Gago: \u00ab#Crack\u00bb<\/h3>\n<\/p>\n<\/section>\n<\/div>\n<\/div>\n","protected":false},"excerpt":{"rendered":"<p>12\/01\/2025 22:21hs. Ya hace varios d\u00edas se viene hablando de la posibilidad de que San Lorenzo tenga una nueva incorporaci\u00f3n ex\u00f3tica. El arquero neerland\u00e9s Andries Noppert fue ofrecido para unirse al Cicl\u00f3n y hasta la dirigencia ya tiene un principio de acuerdo en lo contractual. Sin embargo, hasta el momento ninguna de las partes se [&hellip;]<\/p>\n","protected":false},"author":1,"featured_media":94040,"comment_status":"open","ping_status":"closed","sticky":false,"template":"","format":"standard","meta":[],"categories":[16],"tags":[],"_links":{"self":[{"href":"http:\/\/hoycordobaweb.com\/index.php\/wp-json\/wp\/v2\/posts\/94039"}],"collection":[{"href":"http:\/\/hoycordobaweb.com\/index.php\/wp-json\/wp\/v2\/posts"}],"about":[{"href":"http:\/\/hoycordobaweb.com\/index.php\/wp-json\/wp\/v2\/types\/post"}],"author":[{"embeddable":true,"href":"http:\/\/hoycordobaweb.com\/index.php\/wp-json\/wp\/v2\/users\/1"}],"replies":[{"embeddable":true,"href":"http:\/\/hoycordobaweb.com\/index.php\/wp-json\/wp\/v2\/comments?post=94039"}],"version-history":[{"count":0,"href":"http:\/\/hoycordobaweb.com\/index.php\/wp-json\/wp\/v2\/posts\/94039\/revisions"}],"wp:featuredmedia":[{"embeddable":true,"href":"http:\/\/hoycordobaweb.com\/index.php\/wp-json\/wp\/v2\/media\/94040"}],"wp:attachment":[{"href":"http:\/\/hoycordobaweb.com\/index.php\/wp-json\/wp\/v2\/media?parent=94039"}],"wp:term":[{"taxonomy":"category","embeddable":true,"href":"http:\/\/hoycordobaweb.com\/index.php\/wp-json\/wp\/v2\/categories?post=94039"},{"taxonomy":"post_tag","embeddable":true,"href":"http:\/\/hoycordobaweb.com\/index.php\/wp-json\/wp\/v2\/tags?post=94039"}],"curies":[{"name":"wp","href":"https:\/\/api.w.org\/{rel}","templated":true}]}}