{"id":93940,"date":"2025-01-10T13:24:08","date_gmt":"2025-01-10T13:24:08","guid":{"rendered":"https:\/\/ladecimaweb.com\/?p=30663"},"modified":"2025-01-10T13:24:08","modified_gmt":"2025-01-10T13:24:08","slug":"un-nino-fue-trasladado-a-un-hospital-tras-caer-a-un-pozo-con-agua-en-la-via-publica","status":"publish","type":"post","link":"http:\/\/hoycordobaweb.com\/index.php\/2025\/01\/10\/un-nino-fue-trasladado-a-un-hospital-tras-caer-a-un-pozo-con-agua-en-la-via-publica\/","title":{"rendered":"Un ni\u00f1o fue trasladado a un hospital tras caer a un pozo con agua en la v\u00eda p\u00fablica"},"content":{"rendered":"<div class=\"boldgrid-section\">\n<div class=\"container\">\n<div class=\"row\">\n<div class=\"col-md-12 col-xs-12 col-sm-12\">\n<p class=\"\">Desde el sector de calles Jos\u00e9 Aycardoz al 2200 de <strong>B\u00b0 Villa Boedo<\/strong>, fue trasladado ayer hasta el Hospital de Ni\u00f1os, un ni\u00f1o de dos a\u00f1os con lesiones a establecer.<\/p>\n<p class=\"\">Seg\u00fan manifest\u00f3 su madre, el menor hab\u00eda ca\u00eddo a un pozo con agua ubicado en la zona mencionada.<\/p>\n<p class=\"\">&nbsp;<\/p>\n<div class=\"ubm_banner\"><a href=\"https:\/\/www.cba.gov.ar\/dengue\/\" target=\"_blank\" rel=\"dofollow noopener noreferrer\"><img src=\"http:\/\/hoycordobaweb.com\/wp-content\/uploads\/2025\/01\/un-nino-fue-trasladado-a-un-hospital-tras-caer-a-un-pozo-con-agua-en-la-via-publica.gif\" alt=\"\"><\/a><\/div>\n<\/div>\n<\/div>\n<\/div>\n<\/div>\n<p>La entrada <a rel=\"nofollow\" href=\"https:\/\/ladecimaweb.com\/un-nino-fue-trasladado-a-un-hospital-tras-caer-a-un-pozo-con-agua-en-la-via-publica\/\">Un ni\u00f1o fue trasladado a un hospital tras caer a un pozo con agua en la v\u00eda p\u00fablica<\/a> se public\u00f3 primero en <a rel=\"nofollow\" href=\"https:\/\/ladecimaweb.com\">LaDecima<\/a>.<\/p>\n","protected":false},"excerpt":{"rendered":"<p>Desde el sector de calles Jos\u00e9 Aycardoz al 2200 de B\u00b0 Villa Boedo, fue trasladado ayer hasta el Hospital de Ni\u00f1os, un ni\u00f1o de dos a\u00f1os con lesiones a establecer. Seg\u00fan manifest\u00f3 su madre, el menor hab\u00eda ca\u00eddo a un pozo con agua ubicado en la zona mencionada. &nbsp; La entrada Un ni\u00f1o fue trasladado [&hellip;]<\/p>\n","protected":false},"author":1,"featured_media":0,"comment_status":"closed","ping_status":"closed","sticky":false,"template":"","format":"standard","meta":[],"categories":[32],"tags":[],"_links":{"self":[{"href":"http:\/\/hoycordobaweb.com\/index.php\/wp-json\/wp\/v2\/posts\/93940"}],"collection":[{"href":"http:\/\/hoycordobaweb.com\/index.php\/wp-json\/wp\/v2\/posts"}],"about":[{"href":"http:\/\/hoycordobaweb.com\/index.php\/wp-json\/wp\/v2\/types\/post"}],"author":[{"embeddable":true,"href":"http:\/\/hoycordobaweb.com\/index.php\/wp-json\/wp\/v2\/users\/1"}],"replies":[{"embeddable":true,"href":"http:\/\/hoycordobaweb.com\/index.php\/wp-json\/wp\/v2\/comments?post=93940"}],"version-history":[{"count":0,"href":"http:\/\/hoycordobaweb.com\/index.php\/wp-json\/wp\/v2\/posts\/93940\/revisions"}],"wp:attachment":[{"href":"http:\/\/hoycordobaweb.com\/index.php\/wp-json\/wp\/v2\/media?parent=93940"}],"wp:term":[{"taxonomy":"category","embeddable":true,"href":"http:\/\/hoycordobaweb.com\/index.php\/wp-json\/wp\/v2\/categories?post=93940"},{"taxonomy":"post_tag","embeddable":true,"href":"http:\/\/hoycordobaweb.com\/index.php\/wp-json\/wp\/v2\/tags?post=93940"}],"curies":[{"name":"wp","href":"https:\/\/api.w.org\/{rel}","templated":true}]}}