{"id":93867,"date":"2025-01-11T15:00:37","date_gmt":"2025-01-11T15:00:37","guid":{"rendered":"https:\/\/www.trendencias.com\/belleza\/layered-bob-corte-pelo-a-capas-ideal-para-mujeres-50-que-quieres-rejuvenecer"},"modified":"2025-01-11T15:00:37","modified_gmt":"2025-01-11T15:00:37","slug":"el-layered-bob-el-corte-de-pelo-a-capas-ideal-para-las-mujeres-de-mas-de-50-que-quieres-rejuvenecer","status":"publish","type":"post","link":"http:\/\/hoycordobaweb.com\/index.php\/2025\/01\/11\/el-layered-bob-el-corte-de-pelo-a-capas-ideal-para-las-mujeres-de-mas-de-50-que-quieres-rejuvenecer\/","title":{"rendered":"El layered bob: el corte de pelo a capas ideal para las mujeres de m\u00e1s de 50 que quieres rejuvenecer"},"content":{"rendered":"<p>Son muchas las opciones en el mundo de la peluquer\u00eda que nos pueden ayudar a <strong>sentirnos m\u00e1s favorecidas e, incluso, m\u00e1s rejuvenecidas.<\/strong> Y es que la elecci\u00f3n de un buen <a class=\"text-outboundlink\" href=\"https:\/\/www.trendencias.com\/belleza\/15-cortes-pelo-tendencia-2024-que-se-pediran-peluquerias\" data-vars-post-title=\"18 cortes de pelo de tendencia en 2024 que m\u00e1s se pedir\u00e1n en las peluquer\u00edas\" data-vars-post-url=\"https:\/\/www.trendencias.com\/belleza\/15-cortes-pelo-tendencia-2024-que-se-pediran-peluquerias\">corte de pelo<\/a> y de un tinte, tienen la capacidad de renovar completamente nuestro estilo.<\/p>\n<p><!-- BREAK 1 --> <\/p>\n<p>Sin embargo, muchas veces tampoco hablamos de cambios radicales. As\u00ed, somos muchas las que no queremos renunciar a cierta largura y, por ello, <strong>cortes de pelo como el <\/strong><em><strong>bob layered <\/strong><\/em><strong>o <\/strong><em><strong>long bob layered <\/strong><\/em>son una buen\u00edsima opci\u00f3n por la que est\u00e1n apostando muchas mujeres de mediana (y estupenda) edad.<\/p>\n<p><!-- BREAK 2 --><\/p>\n<div class=\"article-asset article-asset-normal article-asset-center\">\n<div class=\"desvio-container\">\n<div class=\"desvio\">\n<div class=\"desvio-figure js-desvio-figure\"> <a href=\"https:\/\/www.trendencias.com\/trabajo\/has-logrado-estas-seis-cosas-tienes-exito-que-mayoria-puede-que-tambien-felicidad\" class=\"pivot-outboundlink\" data-vars-post-title=\"Si has conseguido estas seis cosas, tienes m\u00e1s \u00e9xito que la mayor\u00eda. Y puede que tambi\u00e9n seas m\u00e1s feliz de lo que crees\"> <img loading=\"lazy\" alt=\"Si has conseguido estas seis cosas, tienes m\u00e1s \u00e9xito que la mayor\u00eda. Y puede que tambi\u00e9n seas m\u00e1s feliz de lo que crees\" width=\"375\" height=\"142\" src=\"http:\/\/hoycordobaweb.com\/wp-content\/uploads\/2025\/01\/el-layered-bob-el-corte-de-pelo-a-capas-ideal-para-las-mujeres-de-mas-de-50-que-quieres-rejuvenecer.jpg\"> <\/a> <\/div><\/div><\/div>\n<\/div>\n<p>As\u00ed, como nos coment\u00f3 Kevin Brice\u00f1o, de <a rel=\"noopener, noreferrer\" href=\"https:\/\/www.instagram.com\/krown.kb\/\" data-id=\"noopener, noreferrer\">Krown by Kevin Brice\u00f1o <\/a>&nbsp;las capas suaves son ideales para las melenas de las mujeres de m\u00e1s de 50 porque es la mejor opci\u00f3n para quienes desean mantener el cabello m\u00e1s largo. Pero es que el layered bob \u00ab<strong>incorpora capas <\/strong>que empiezan desde el ment\u00f3n hacia abajo, promoviendo la textura y el movimiento natural. Es perfecto para agregar volumen a cabellos que tienden a aplanarse y para disimular \u00e1reas de adelgazamiento, haciendo que el cabello luzca m\u00e1s lleno y juvenil\u00bb.<\/p>\n<p><!-- BREAK 3 --> <\/p>\n<p>Podemos combinarlo con o sin flequillo, de manera que consigamos efectos diferentes pero muy favorecedores en todos los casos.<\/p>\n<p>Por otro lado, tambi\u00e9n podemos recordar las palabras de David Lesur, director de formaci\u00f3n de los salones <a rel=\"noopener, noreferrer\" href=\"https:\/\/davidkunzle.com\/\" data-id=\"noopener, noreferrer\">David K\u00fcnzle<\/a>, que nos recuerda que <strong>en el layered bob hay m\u00e1s capas y est\u00e1 m\u00e1s desestructurado<\/strong>: \u201c<em>Es una tendencia inspirada en los a\u00f1os 30 y la est\u00e9tica Louise Brooks, la verdadera pionera entre las celebrities del corte bob. <\/em><em><strong>Favorece mucho a las caras finas y ovaladas pero no lo aconsejo tanto en un rostro muy redondo o de cuello ancho<\/strong><\/em>\u201d.<\/p>\n<p><!-- BREAK 4 --><\/p>\n<div class=\"article-asset-image article-asset-normal article-asset-center\">\n<div class=\"asset-content\"> <img class=\"centro_sinmarco\" height=\"1040\" width=\"1440\" loading=\"lazy\" decoding=\"async\" sizes=\"100vw\" fetchpriority=\"high\" srcset=\"http:\/\/hoycordobaweb.com\/wp-content\/uploads\/2025\/01\/el-layered-bob-el-corte-de-pelo-a-capas-ideal-para-las-mujeres-de-mas-de-50-que-quieres-rejuvenecer-1.jpg 450w, http:\/\/hoycordobaweb.com\/wp-content\/uploads\/2025\/01\/el-layered-bob-el-corte-de-pelo-a-capas-ideal-para-las-mujeres-de-mas-de-50-que-quieres-rejuvenecer-3.jpg 681w, http:\/\/hoycordobaweb.com\/wp-content\/uploads\/2025\/01\/el-layered-bob-el-corte-de-pelo-a-capas-ideal-para-las-mujeres-de-mas-de-50-que-quieres-rejuvenecer-4.jpg 1024w, http:\/\/hoycordobaweb.com\/wp-content\/uploads\/2025\/01\/el-layered-bob-el-corte-de-pelo-a-capas-ideal-para-las-mujeres-de-mas-de-50-que-quieres-rejuvenecer-5.jpg 1366w\" src=\"http:\/\/hoycordobaweb.com\/wp-content\/uploads\/2025\/01\/el-layered-bob-el-corte-de-pelo-a-capas-ideal-para-las-mujeres-de-mas-de-50-que-quieres-rejuvenecer-1.jpg\" alt=\"layered bob\"> <noscript><img alt=\"layered bob\" class=\"centro_sinmarco\" src=\"http:\/\/hoycordobaweb.com\/wp-content\/uploads\/2025\/01\/el-layered-bob-el-corte-de-pelo-a-capas-ideal-para-las-mujeres-de-mas-de-50-que-quieres-rejuvenecer-1.jpg\"><\/noscript> <\/div>\n<\/div>\n<p>Por su parte,<strong> <\/strong><a rel=\"noopener, noreferrer\" href=\"https:\/\/www.instagram.com\/llatacarrerapeluqueria\/?hl=es\" data-id=\"noopener noreferrer\">M\u00aa Jos\u00e9 Llata<\/a>, directora de <a rel=\"noopener, noreferrer\" href=\"https:\/\/www.llatacarrera.com\/\" data-id=\"noopener noreferrer\">Peluquer\u00eda Llata Carrera<\/a> (Santa Cruz de Bezana, Cantabria) comenta que los cortes bob con capas \u00abson una opci\u00f3n acertada a cualquier edad, gracias a su gran versatilidad, que les permite adaptarse a todos los estilos y necesidades\u00bb. De hecho, si sumamos unas capas <strong>por debajo de la barbilla, con capas ligeras y movimiento en las puntas,<\/strong> que se peinan hacia fuera para aportar densidad y textura, \u00abel acabado es muy desenfadado, natural y rejuvenecedor\u00bb.&nbsp;<\/p>\n<p><!-- BREAK 5 --><\/p>\n<p>Sin duda, un estilo que merece la pena tener en cuenta. &nbsp;<\/p>\n<p>Fotos | Gtres, Pinterest y <a rel=\"noopener, noreferrer\" href=\"https:\/\/www.instagram.com\/justlikethatmax\/?e=40c3f45a-7d47-43ad-ae58-43156452e686&amp;g=5\">@justlikethatmax<\/a><\/p>\n<p>En Trendencias | <a class=\"text-outboundlink\" href=\"https:\/\/www.trendencias.com\/belleza\/11-mejores-peluquerias-para-pelo-rizado-madrid-que-no-puedes-perderte-tienes-cabello-curly\" data-vars-post-title=\"Las 15 mejores peluquer\u00edas para pelo rizado de Madrid que no puedes perderte si tienes cabello curly\" data-vars-post-url=\"https:\/\/www.trendencias.com\/belleza\/11-mejores-peluquerias-para-pelo-rizado-madrid-que-no-puedes-perderte-tienes-cabello-curly\">Las 12 mejores peluquer\u00edas para pelo rizado de Madrid que no puedes perderte si tienes cabello <em>curly<\/em><\/a>.<\/p>\n","protected":false},"excerpt":{"rendered":"<p>Son muchas las opciones en el mundo de la peluquer\u00eda que nos pueden ayudar a sentirnos m\u00e1s favorecidas e, incluso, m\u00e1s rejuvenecidas. Y es que la elecci\u00f3n de un buen corte de pelo y de un tinte, tienen la capacidad de renovar completamente nuestro estilo. Sin embargo, muchas veces tampoco hablamos de cambios radicales. As\u00ed, [&hellip;]<\/p>\n","protected":false},"author":1,"featured_media":93868,"comment_status":"closed","ping_status":"closed","sticky":false,"template":"","format":"standard","meta":[],"categories":[],"tags":[],"_links":{"self":[{"href":"http:\/\/hoycordobaweb.com\/index.php\/wp-json\/wp\/v2\/posts\/93867"}],"collection":[{"href":"http:\/\/hoycordobaweb.com\/index.php\/wp-json\/wp\/v2\/posts"}],"about":[{"href":"http:\/\/hoycordobaweb.com\/index.php\/wp-json\/wp\/v2\/types\/post"}],"author":[{"embeddable":true,"href":"http:\/\/hoycordobaweb.com\/index.php\/wp-json\/wp\/v2\/users\/1"}],"replies":[{"embeddable":true,"href":"http:\/\/hoycordobaweb.com\/index.php\/wp-json\/wp\/v2\/comments?post=93867"}],"version-history":[{"count":0,"href":"http:\/\/hoycordobaweb.com\/index.php\/wp-json\/wp\/v2\/posts\/93867\/revisions"}],"wp:featuredmedia":[{"embeddable":true,"href":"http:\/\/hoycordobaweb.com\/index.php\/wp-json\/wp\/v2\/media\/93868"}],"wp:attachment":[{"href":"http:\/\/hoycordobaweb.com\/index.php\/wp-json\/wp\/v2\/media?parent=93867"}],"wp:term":[{"taxonomy":"category","embeddable":true,"href":"http:\/\/hoycordobaweb.com\/index.php\/wp-json\/wp\/v2\/categories?post=93867"},{"taxonomy":"post_tag","embeddable":true,"href":"http:\/\/hoycordobaweb.com\/index.php\/wp-json\/wp\/v2\/tags?post=93867"}],"curies":[{"name":"wp","href":"https:\/\/api.w.org\/{rel}","templated":true}]}}