{"id":93859,"date":"2025-01-10T21:56:47","date_gmt":"2025-01-10T21:56:47","guid":{"rendered":"https:\/\/www.ole.com.ar\/futbol-internacional\/almada-botafogo-libertadores-brasileirao_0_erdIs5PdCt.html"},"modified":"2025-01-10T21:56:47","modified_gmt":"2025-01-10T21:56:47","slug":"la-despedida-de-thiago-almada-de-botafogo","status":"publish","type":"post","link":"http:\/\/hoycordobaweb.com\/index.php\/2025\/01\/10\/la-despedida-de-thiago-almada-de-botafogo\/","title":{"rendered":"La despedida de Thiago Almada de Botafogo"},"content":{"rendered":"<p><img src=\"http:\/\/hoycordobaweb.com\/wp-content\/uploads\/2025\/01\/la-despedida-de-thiago-almada-de-botafogo.jpg\"><\/p>\n<p><time class=\"createDate\" datetime=\"2025-01-10T18:56:47-03:00\">10\/01\/2025 18:56hs.<\/time><\/p>\n<div id=\"storyBody\">\n<div class=\"custom-text \" readability=\"37.463414634146\">\n<p><strong><a href=\"https:\/\/www.ole.com.ar\/tema\/thiago-almada.html\" title=\"Thiago Almada\" alt=\"Thiago Almada\" class=\"slug\">Thiago Almada<\/a><\/strong> fue uno de los mejores futbolistas de 2024 en Brasil: titular y campe\u00f3n de la Copa Libertadores y del Brasileirao con el <strong><a href=\"https:\/\/www.ole.com.ar\/tema\/botafogo.html\" title=\"botafogo\" alt=\"botafogo\" class=\"slug\">Botafogo<\/a><\/strong>. El Fogao vivi\u00f3 el mejor a\u00f1o de su historia con el argentino, integrante tambi\u00e9n del plantel de la Selecci\u00f3n campeona en Qatar 2022. El volante ofensivo se despidi\u00f3 del club porque jugar\u00e1 en el Lyon de Francia, club que tambi\u00e9n pertenece al Eagle Football, la empresa del estadounidense John Textor. <strong>Por eso, el ex V\u00e9lez public\u00f3 un mensaje para los torcedores del equipo carioca.<\/strong><\/p>\n<\/div>\n<div class=\"custom-text \" readability=\"39\">\n<p>\u00abHinchas de Botafogo, \u00a1gracias por todo este tiempo incre\u00edble y por todo el cari\u00f1o que recib\u00ed! Gracias al club por darme la oportunidad de defender esta camiseta, al staff y a mis compa\u00f1eros por todo el apoyo. <strong>Fue hermoso conquistar la Libertadores y el Brasileir\u00e3o con ustedes, esos momentos siempre estar\u00e1n en mi memoria<\/strong>. Ahora es momento de partir hacia un nuevo desaf\u00edo, pero sepan que se ganaron un torcedor m\u00e1s para toda la vida\u00bb<\/p>\n<\/div>\n<div class=\"sc-e7b891c4-0 ifHnQL image-embed\"><img alt=\"Thiago Almada tras ganar la Libertadores (Reuters). \" loading=\"lazy\" width=\"720\" height=\"100\" decoding=\"async\" data-nimg=\"1\" src=\"http:\/\/hoycordobaweb.com\/wp-content\/uploads\/2025\/01\/la-despedida-de-thiago-almada-de-botafogo-2.jpg\"><span class=\"epigraphe\">Thiago Almada tras ganar la Libertadores (Reuters). <\/span><\/div>\n<div class=\"custom-text \" readability=\"32\">\n<p>Almada aport\u00f3 tres goles y dos asistencias en 26 partidos. <\/p>\n<\/div>\n<p><h2><strong>Llegada de manera ins\u00f3lita<\/strong><\/h2>\n<\/p>\n<div class=\"custom-text \" readability=\"47.681100058514\">\n<p>Textor, <a href=\"https:\/\/www.ole.com.ar\/ole-sports-summit-congreso\/textor-empresario-botafogo-compro-almada-suerte_0_ASlAU4JQIb.html\" target=\"_self\" title=\"durante su participaci\u00f3n en el Summit de Ol\u00e9\" alt=\"durante su participaci\u00f3n en el Summit de Ol\u00e9\" rel=\"noopener noreferrer\">durante su participaci\u00f3n en el Summit de Ol\u00e9<\/a>, cont\u00f3 la an\u00e9cdota de la incorporaci\u00f3n de Almada, antes de resolver su paso al Lyon. \u00abNo soy un gran fan de la MLS y creo que eso ha afectado mi deseo de verla. Fueron en realidad dos personas las que me llevaron a Thiago. Hay un jugador de FC Florida llamado Julian Gressel, quien fue uno de los primeros del club en convertirse en profesional. Fue el Novato del A\u00f1o en 2017 y estaba jugando para Atlanta United. Ahora est\u00e1 en Inter Miami. As\u00ed que fui a ver algunos de sus partidos, llegu\u00e9 a conocer al equipo, vi a Thiago. Y luego recib\u00ed una llamada de un amigo en el Atl\u00e9tico de Madrid, uno de los due\u00f1os all\u00ed, que me dijo que lo quer\u00edan. Tenemos grandes amistades con otros clubes. Y no confiaba en su calidad porque aunque pod\u00eda verlo en la televisi\u00f3n, no confiaba en el nivel de la MLS. Y sab\u00eda que estaba arrasando y segu\u00ed viendo m\u00e1s y m\u00e1s. La calidad es calidad, ya sea que tomes un bal\u00f3n en el pecho y lo golpees en volea. No importa si lo haces contra un oponente de 10 a\u00f1os o contra el Real Madrid. As\u00ed que comenc\u00e9 a ver una calidad en Thiago que era abrumadora y pens\u00e9 que era importante traerlo a Brasil para probar su nivel, para fortalecer la competencia. Y \u00e9l ten\u00eda el deseo de ser parte de nuestro proyecto. Quer\u00eda ganar campeonatos para Botafogo. \u00c9l sabe que puede ir a Europa cuando est\u00e9 listo, pero realmente quer\u00eda venir a Brasil. Y obviamente es maravilloso que est\u00e9 cerca de casa. Su familia ha podido venir a verlo jugar de manera m\u00e1s conveniente de lo que hubieran podido en los Estados Unidos. As\u00ed que ha sido una gran experiencia. Pero as\u00ed es como lo encontramos. Solo suerte, supongo\u00bb, cont\u00f3.<\/p>\n<\/div>\n<div class=\"custom-text \" readability=\"22.690909090909\">\n<p>Thiago, en di\u00e1logo con el Ol\u00e9\/Blender, <a href=\"https:\/\/www.ole.com.ar\/internacional\/thiago-almada-botafogo-copa-libertadores-proximo-club-europa-di-maria_0_JbVsS62N28.html\" target=\"_self\" title=\"hab\u00eda manifestado su inter\u00e9s en jugar en el f\u00fatbol europeo\" alt=\"hab\u00eda manifestado su inter\u00e9s en jugar en el f\u00fatbol europeo\" rel=\"noopener noreferrer\">hab\u00eda manifestado su inter\u00e9s en jugar en el f\u00fatbol europeo<\/a>. Ya ten\u00eda lo del Lyon como posibilidad, sin la confirmaci\u00f3n.<\/p>\n<\/div>\n<div class=\"sc-e7b891c4-0 ifHnQL image-embed\"><img alt=\"Almada al ser campe\u00f3n del Brasileirao.\" loading=\"lazy\" width=\"720\" height=\"100\" decoding=\"async\" data-nimg=\"1\" src=\"http:\/\/hoycordobaweb.com\/wp-content\/uploads\/2025\/01\/la-despedida-de-thiago-almada-de-botafogo-3.jpg\"><span class=\"epigraphe\">Almada al ser campe\u00f3n del Brasileirao.<\/span><\/div>\n<div class=\"sc-a7166897-0 eoLsBE\" readability=\"6.5\">\n<section readability=\"3\"><picture><img alt=\"Jug\u00f3 en Boca y Juventus, pas\u00f3 por el ascenso y regresa para la Copa Libertadores\" loading=\"lazy\" width=\"290\" height=\"290\" decoding=\"async\" data-nimg=\"1\" src=\"http:\/\/hoycordobaweb.com\/wp-content\/uploads\/2025\/01\/la-despedida-de-thiago-almada-de-botafogo-4.jpg\"><\/picture>\n<p><span>Mir\u00e1 tambi\u00e9n<\/span><\/p>\n<hr>\n<h3>Jug\u00f3 en Boca y Juventus, pas\u00f3 por el ascenso y regresa para la Copa Libertadores<\/h3>\n<\/p>\n<\/section>\n<\/div>\n<div class=\"sc-a7166897-0 eoLsBE\" readability=\"6\">\n<section readability=\"2\"><picture><img alt=\"El inesperado destino y debut de Nico Reniero\" loading=\"lazy\" width=\"290\" height=\"290\" decoding=\"async\" data-nimg=\"1\" src=\"http:\/\/hoycordobaweb.com\/wp-content\/uploads\/2025\/01\/la-despedida-de-thiago-almada-de-botafogo-5.jpg\"><\/picture>\n<p><span>Mir\u00e1 tambi\u00e9n<\/span><\/p>\n<hr>\n<h3>El inesperado destino y debut de Nico Reniero<\/h3>\n<\/p>\n<\/section>\n<\/div>\n<\/div>\n","protected":false},"excerpt":{"rendered":"<p>10\/01\/2025 18:56hs. Thiago Almada fue uno de los mejores futbolistas de 2024 en Brasil: titular y campe\u00f3n de la Copa Libertadores y del Brasileirao con el Botafogo. El Fogao vivi\u00f3 el mejor a\u00f1o de su historia con el argentino, integrante tambi\u00e9n del plantel de la Selecci\u00f3n campeona en Qatar 2022. El volante ofensivo se despidi\u00f3 [&hellip;]<\/p>\n","protected":false},"author":1,"featured_media":93860,"comment_status":"open","ping_status":"closed","sticky":false,"template":"","format":"standard","meta":[],"categories":[16],"tags":[],"_links":{"self":[{"href":"http:\/\/hoycordobaweb.com\/index.php\/wp-json\/wp\/v2\/posts\/93859"}],"collection":[{"href":"http:\/\/hoycordobaweb.com\/index.php\/wp-json\/wp\/v2\/posts"}],"about":[{"href":"http:\/\/hoycordobaweb.com\/index.php\/wp-json\/wp\/v2\/types\/post"}],"author":[{"embeddable":true,"href":"http:\/\/hoycordobaweb.com\/index.php\/wp-json\/wp\/v2\/users\/1"}],"replies":[{"embeddable":true,"href":"http:\/\/hoycordobaweb.com\/index.php\/wp-json\/wp\/v2\/comments?post=93859"}],"version-history":[{"count":0,"href":"http:\/\/hoycordobaweb.com\/index.php\/wp-json\/wp\/v2\/posts\/93859\/revisions"}],"wp:featuredmedia":[{"embeddable":true,"href":"http:\/\/hoycordobaweb.com\/index.php\/wp-json\/wp\/v2\/media\/93860"}],"wp:attachment":[{"href":"http:\/\/hoycordobaweb.com\/index.php\/wp-json\/wp\/v2\/media?parent=93859"}],"wp:term":[{"taxonomy":"category","embeddable":true,"href":"http:\/\/hoycordobaweb.com\/index.php\/wp-json\/wp\/v2\/categories?post=93859"},{"taxonomy":"post_tag","embeddable":true,"href":"http:\/\/hoycordobaweb.com\/index.php\/wp-json\/wp\/v2\/tags?post=93859"}],"curies":[{"name":"wp","href":"https:\/\/api.w.org\/{rel}","templated":true}]}}