{"id":93853,"date":"2025-01-11T00:51:15","date_gmt":"2025-01-11T00:51:15","guid":{"rendered":"https:\/\/www.ole.com.ar\/seleccion\/seleccion-argentina-sub-20-sudamericano-huracan_0_uA930rTKFk.html"},"modified":"2025-01-11T00:51:15","modified_gmt":"2025-01-11T00:51:15","slug":"la-sub-20-le-gano-3-0-a-huracan-antes-de-viajar-al-sudamericano","status":"publish","type":"post","link":"http:\/\/hoycordobaweb.com\/index.php\/2025\/01\/11\/la-sub-20-le-gano-3-0-a-huracan-antes-de-viajar-al-sudamericano\/","title":{"rendered":"La Sub-20 le gan\u00f3 3-0 a Hurac\u00e1n antes de viajar al Sudamericano"},"content":{"rendered":"<p><img src=\"http:\/\/hoycordobaweb.com\/wp-content\/uploads\/2025\/01\/la-sub-20-le-gano-3-0-a-huracan-antes-de-viajar-al-sudamericano.jpg\"><\/p>\n<p><time class=\"createDate\" datetime=\"2025-01-10T21:51:15-03:00\">10\/01\/2025 21:51hs.<\/time><\/p>\n<div id=\"storyBody\">\n<div class=\"custom-text \" readability=\"37\">\n<p>El seleccionado Sub 20 se prepara para un nuevo Sudamericano en Venezuela o por lo menos as\u00ed est\u00e1 pactado hasta el momento luego de que se ponga en duda el certamen a ra\u00edz de la situaci\u00f3n pol\u00edtica-social que enfrentan all\u00ed. Pese a ello, <strong>los chicos tienen la cabeza en lo deportivo y en el d\u00eda de hoy llevaron adelante un ensayo ante Hurac\u00e1n, a quien vencieron 3-0. <\/strong><\/p>\n<\/div>\n<p><h2>El Sub 20 enfrent\u00f3 a Hurac\u00e1n en el Predio Lionel Messi<\/h2>\n<\/p>\n<div class=\"custom-text \" readability=\"37\">\n<p><strong>Seg\u00fan informaron desde la Asociaci\u00f3n del F\u00fatbol Argentino, el conjunto dirigido por Diego Placente realiz\u00f3 un ensayo futbol\u00edstico en el predio Lionel Andr\u00e9s Messi frente a Hurac\u00e1n.<\/strong> De acuerdo a lo comunicado por el Departamento de Prensa, la pr\u00e1ctica ante el Globo que dirige Frank Kudelka const\u00f3 de dos tiempos de 45 minutos que sirvieron para seguir poniendo a tono al equipo de cara al inicio del Sudamericano Sub-20. <\/p>\n<\/div>\n<div class=\"sc-e7b891c4-0 ifHnQL image-embed\"><img alt=\"La Sub 20 le gan\u00f3 3-0 a Hurac\u00e1n en Ezeiza. (PRENSA AFA)\" loading=\"lazy\" width=\"720\" height=\"100\" decoding=\"async\" data-nimg=\"1\" src=\"http:\/\/hoycordobaweb.com\/wp-content\/uploads\/2025\/01\/la-sub-20-le-gano-3-0-a-huracan-antes-de-viajar-al-sudamericano-2.jpg\"><span class=\"epigraphe\">La Sub 20 le gan\u00f3 3-0 a Hurac\u00e1n en Ezeiza. (PRENSA AFA)<\/span><\/div>\n<div class=\"custom-text \" readability=\"45\">\n<p>Si bien el DT no pudo contar con Julio Soler, que viaj\u00f3 a Inglaterra para firmar con Bournemouth y volver\u00e1 la pr\u00f3xima semana para sumarse al plantel, Placente dispuso un equipo que parece perfilarse como el ideal de cara al Sudamericano. Ante ello, la Sub 20 form\u00f3 con: <strong>Jerem\u00edas Martinet, Dylan Gorosito, Juan Gim\u00e9nez, Juan Villalba, Teo Rodr\u00edguez; Milton Delgado, Valentino Acu\u00f1a; Maher Carrizo, Franco Mastantuono, Santino Andino y Agust\u00edn Ruberto.<\/strong><\/p>\n<\/div>\n<div class=\"custom-text \" readability=\"38\">\n<p>Tras el entrenamiento matutino, <strong>el plantel a cargo de Placente fue liberado hasta el pr\u00f3ximo lunes, d\u00eda en el que se volver\u00e1n a encontrar por la tarde en el predio de Ezeiza<\/strong>. Cabe destacar que los chicos viajar\u00e1n el martes rumbo a Chile, en donde disputar\u00e1n dos amistosos internacionales ante el combinado local.<\/p>\n<\/div>\n<div class=\"custom-text \" readability=\"35\">\n<p>El primero de ellos se disputar\u00e1 el pr\u00f3ximo mi\u00e9rcoles en el <strong>Complejo Juan Pinto de Santiago de Chile desde las 18:30<\/strong>, mientras que el segundo encuentro <strong>ser\u00e1 a las 21 horas del 17 de enero <\/strong>en el Estadio Municipal Nicol\u00e1s Chahu\u00e1n Nazar de La Calera. <\/p>\n<\/div>\n<p><h2>El cronograma de la fase de grupos del Sudamericano Sub-20<\/h2>\n<\/p>\n<div class=\"custom-text \">\n<p><strong>S\u00e1bado 24 de enero<\/strong><\/p>\n<\/div>\n<div class=\"custom-text \" readability=\"33\">\n<p>20.30 Brasil \u2013 Argentina, en el estadio Misael Delgado (Valencia) <\/p>\n<\/div>\n<div class=\"custom-text \">\n<p><strong>Domingo 26 de enero<\/strong><\/p>\n<\/div>\n<div class=\"custom-text \" readability=\"33\">\n<p>20.30 Argentina \u2013 Colombia, en el estadio Misael Delgado (Valencia) <\/p>\n<\/div>\n<div class=\"custom-text \">\n<p><strong>Martes 28 de enero<\/strong><\/p>\n<\/div>\n<div class=\"custom-text \" readability=\"33\">\n<p>18.00 Argentina \u2013 Bolivia, en el estadio Misael Delgado (Valencia) <\/p>\n<\/div>\n<div class=\"custom-text \">\n<p><strong>S\u00e1bado 1\u00b0 de febrero<\/strong><\/p>\n<\/div>\n<div class=\"custom-text \" readability=\"33\">\n<p>18.00 Argentina \u2013 Ecuador, en el estadio Metropolitano de Lara (Cabudare)<\/p>\n<\/div>\n<div class=\"sc-e7b891c4-0 ifHnQL image-embed\"><img alt=\"Argentina venci\u00f3 3-0 a Hurac\u00e1n antes del Sudamericano. (Prensa AFA)\" loading=\"lazy\" width=\"720\" height=\"100\" decoding=\"async\" data-nimg=\"1\" src=\"http:\/\/hoycordobaweb.com\/wp-content\/uploads\/2025\/01\/la-sub-20-le-gano-3-0-a-huracan-antes-de-viajar-al-sudamericano-3.jpg\"><span class=\"epigraphe\">Argentina venci\u00f3 3-0 a Hurac\u00e1n antes del Sudamericano. (Prensa AFA)<\/span><\/div>\n<div class=\"sc-a7166897-0 eoLsBE\" readability=\"6\">\n<section readability=\"2\"><picture><img alt=\"El Inter de Porto Alegre compr\u00f3 a Bernabei y Lan\u00fas factura\" loading=\"lazy\" width=\"290\" height=\"290\" decoding=\"async\" data-nimg=\"1\" src=\"http:\/\/hoycordobaweb.com\/wp-content\/uploads\/2025\/01\/la-sub-20-le-gano-3-0-a-huracan-antes-de-viajar-al-sudamericano-4.jpg\"><\/picture>\n<p><span>Mir\u00e1 tambi\u00e9n<\/span><\/p>\n<hr>\n<h3>El Inter de Porto Alegre compr\u00f3 a Bernabei y Lan\u00fas factura<\/h3>\n<\/p>\n<\/section>\n<\/div>\n<div class=\"sc-a7166897-0 eoLsBE\" readability=\"6\">\n<section readability=\"2\"><picture><img alt=\"L\u00ednea con Qatar: la oferta que espera Bareiro de Medio Oriente\" loading=\"lazy\" width=\"290\" height=\"290\" decoding=\"async\" data-nimg=\"1\" src=\"http:\/\/hoycordobaweb.com\/wp-content\/uploads\/2025\/01\/la-sub-20-le-gano-3-0-a-huracan-antes-de-viajar-al-sudamericano-5.jpg\"><\/picture>\n<p><span>Mir\u00e1 tambi\u00e9n<\/span><\/p>\n<hr>\n<h3>L\u00ednea con Qatar: la oferta que espera Bareiro de Medio Oriente<\/h3>\n<\/p>\n<\/section>\n<\/div>\n<div class=\"sc-a7166897-0 eoLsBE\" readability=\"6\">\n<section readability=\"2\"><picture><img alt=\"\u00bfValent\u00edn G\u00f3mez a Cruzeiro? En Belo Horizonte lo niegan\" loading=\"lazy\" width=\"290\" height=\"290\" decoding=\"async\" data-nimg=\"1\" src=\"http:\/\/hoycordobaweb.com\/wp-content\/uploads\/2025\/01\/la-sub-20-le-gano-3-0-a-huracan-antes-de-viajar-al-sudamericano-6.jpg\"><\/picture>\n<p><span>Mir\u00e1 tambi\u00e9n<\/span><\/p>\n<hr>\n<h3>\u00bfValent\u00edn G\u00f3mez a Cruzeiro? En Belo Horizonte lo niegan<\/h3>\n<\/p>\n<\/section>\n<\/div>\n<\/div>\n","protected":false},"excerpt":{"rendered":"<p>10\/01\/2025 21:51hs. El seleccionado Sub 20 se prepara para un nuevo Sudamericano en Venezuela o por lo menos as\u00ed est\u00e1 pactado hasta el momento luego de que se ponga en duda el certamen a ra\u00edz de la situaci\u00f3n pol\u00edtica-social que enfrentan all\u00ed. Pese a ello, los chicos tienen la cabeza en lo deportivo y en [&hellip;]<\/p>\n","protected":false},"author":1,"featured_media":93854,"comment_status":"open","ping_status":"closed","sticky":false,"template":"","format":"standard","meta":[],"categories":[16],"tags":[],"_links":{"self":[{"href":"http:\/\/hoycordobaweb.com\/index.php\/wp-json\/wp\/v2\/posts\/93853"}],"collection":[{"href":"http:\/\/hoycordobaweb.com\/index.php\/wp-json\/wp\/v2\/posts"}],"about":[{"href":"http:\/\/hoycordobaweb.com\/index.php\/wp-json\/wp\/v2\/types\/post"}],"author":[{"embeddable":true,"href":"http:\/\/hoycordobaweb.com\/index.php\/wp-json\/wp\/v2\/users\/1"}],"replies":[{"embeddable":true,"href":"http:\/\/hoycordobaweb.com\/index.php\/wp-json\/wp\/v2\/comments?post=93853"}],"version-history":[{"count":0,"href":"http:\/\/hoycordobaweb.com\/index.php\/wp-json\/wp\/v2\/posts\/93853\/revisions"}],"wp:featuredmedia":[{"embeddable":true,"href":"http:\/\/hoycordobaweb.com\/index.php\/wp-json\/wp\/v2\/media\/93854"}],"wp:attachment":[{"href":"http:\/\/hoycordobaweb.com\/index.php\/wp-json\/wp\/v2\/media?parent=93853"}],"wp:term":[{"taxonomy":"category","embeddable":true,"href":"http:\/\/hoycordobaweb.com\/index.php\/wp-json\/wp\/v2\/categories?post=93853"},{"taxonomy":"post_tag","embeddable":true,"href":"http:\/\/hoycordobaweb.com\/index.php\/wp-json\/wp\/v2\/tags?post=93853"}],"curies":[{"name":"wp","href":"https:\/\/api.w.org\/{rel}","templated":true}]}}