{"id":93764,"date":"2025-01-09T23:02:43","date_gmt":"2025-01-09T23:02:43","guid":{"rendered":"https:\/\/www.ole.com.ar\/futbol-internacional\/pablo-maffeo-real-madrid-mallorca-vinicius-aurelien-tchouameni-supercopa-espana_0_dTFsgKPASs.html"},"modified":"2025-01-09T23:02:43","modified_gmt":"2025-01-09T23:02:43","slug":"tchouameni-apunto-contra-pablo-maffeo-no-queremos-hablar-de-este-chico","status":"publish","type":"post","link":"http:\/\/hoycordobaweb.com\/index.php\/2025\/01\/09\/tchouameni-apunto-contra-pablo-maffeo-no-queremos-hablar-de-este-chico\/","title":{"rendered":"Tchouameni apunt\u00f3 contra Pablo Maffeo: \u00abNo queremos hablar de este chico\u00bb"},"content":{"rendered":"<p><img src=\"http:\/\/hoycordobaweb.com\/wp-content\/uploads\/2025\/01\/tchouameni-apunto-contra-pablo-maffeo-no-queremos-hablar-de-este-chico.jpg\"><\/p>\n<p><time class=\"createDate\" datetime=\"2025-01-09T20:02:43-03:00\">09\/01\/2025 20:02hs.<\/time><\/p>\n<div id=\"storyBody\">\n<div class=\"custom-text \" readability=\"33.428571428571\">\n<p><strong>El <a href=\"https:\/\/www.ole.com.ar\/tema\/real-madrid.html\" title=\"Real Madrid\" alt=\"Real Madrid\" class=\"slug\">Real Madrid<\/a> avanz\u00f3 con autoridad a la final de la <a href=\"https:\/\/www.ole.com.ar\/tema\/supercopa-de-espana.html\" title=\"Supercopa de Espa\u00f1a\" alt=\"Supercopa de Espa\u00f1a\" class=\"slug\">Supercopa de Espa\u00f1a<\/a><\/strong> tras vencer 3-0 al Mallorca en un partido marcado, una vez m\u00e1s, por <strong>la pol\u00e9mica en torno a <a href=\"https:\/\/www.ole.com.ar\/tema\/pablo-maffeo.html\" title=\"Pablo Maffeo\" alt=\"Pablo Maffeo\" class=\"slug\">Pablo Maffeo<\/a> y su constante enfrentamiento con <a href=\"https:\/\/www.ole.com.ar\/tema\/vinicius.html\" title=\"Vinicius\" alt=\"Vinicius\" class=\"slug\">Vin\u00edcius Jr<\/a><\/strong>. Tras el encuentro, Aur\u00e9lien Tchouameni no esquiv\u00f3 el tema y lanz\u00f3 cr\u00edticas al defensa bermell\u00f3n, se\u00f1alando un patr\u00f3n repetitivo en su comportamiento.<\/p>\n<\/div>\n<p><h2><strong><em>Tchouameni, sobre la pica Maffeo-Vinicius: \u00abEs lo que \u00e9l quiere\u00bb<\/em><\/strong><\/h2>\n<\/p>\n<div class=\"custom-text \" readability=\"39\">\n<p><strong>\u00abHay un jugador del Mallorca que en todos los partidos nos genera problemas\u00bb<\/strong>, expres\u00f3 el franc\u00e9s en referencia a Maffeo. \u00abLa gente se ha enfadado un poquito, pero lo m\u00e1s importante es ganar el partido y llegar a la final.<strong> No queremos hablar de este chico porque es lo que \u00e9l busca\u00bb<\/strong>, a\u00f1adi\u00f3 el mediocentro, quien ha sido clave en la defensa merengue ante las ausencias por lesi\u00f3n.<\/p>\n<\/div>\n<div class=\"custom-text \" readability=\"38\">\n<p><strong>El partido estuvo cargado de momentos tensos, con un penal claro de Maffeo sobre Vin\u00edcius<\/strong> y una barrida que roz\u00f3 la lesi\u00f3n grave para el brasile\u00f1o. A pesar de estas acciones, el \u00e1rbitro no sancion\u00f3 con tarjetas al defensor argentino, un hecho que caus\u00f3 indignaci\u00f3n en los jugadores del Madrid y dej\u00f3 en evidencia la controversia que rodea cada enfrentamiento entre ambos equipos.<\/p>\n<\/div>\n<div class=\"custom-text \" readability=\"39\">\n<p>Tchouameni tambi\u00e9n aprovech\u00f3 para destacar el enfoque del equipo en lo deportivo y no en las provocaciones externas. <strong>\u00abLo importante es lo que hacemos en el campo. Hemos jugado muy bien, estamos en un gran momento, y ahora toca prepararnos para la final\u00bb<\/strong>, indic\u00f3 el franc\u00e9s, quien tuvo que abandonar el terreno de juego por precauci\u00f3n tras un golpe en la cabeza.<\/p>\n<\/div>\n<div class=\"custom-text \" readability=\"40\">\n<p><strong>El Real Madrid ya se encuentra listo para enfrentar al Barcelona en un Cl\u00e1sico que definir\u00e1 al campe\u00f3n de la Supercopa<\/strong>. Mientras tanto, las declaraciones de Tchouameni vuelven a encender los focos sobre el comportamiento de Maffeo, dejando claro que, m\u00e1s all\u00e1 de las provocaciones, el equipo merengue mantiene el foco en sus objetivos: ganar y seguir adelante. La pelea entre Vini y el lateral, es otra cosa&#8230;<\/p>\n<\/div>\n<div class=\"sc-e7b891c4-0 ifHnQL image-embed\"><img alt=\"Tchouameni debi\u00f3 salir por molestias. (AP)\" loading=\"lazy\" width=\"720\" height=\"100\" decoding=\"async\" data-nimg=\"1\" src=\"http:\/\/hoycordobaweb.com\/wp-content\/uploads\/2025\/01\/tchouameni-apunto-contra-pablo-maffeo-no-queremos-hablar-de-este-chico-2.jpg\"><span class=\"epigraphe\">Tchouameni debi\u00f3 salir por molestias. (AP)<\/span><\/div>\n<p><h2><strong><em>El resumen de Real Madrid vs. Mallorca, por la Copa del Rey<\/em><\/strong><\/h2>\n<\/p>\n<div class=\"sc-734b4696-1 kFfZtB\">\n<div class=\"sc-d00d9e74-0 hnHYbk\" type=\"embed\">\n<div class=\"sc-d00d9e74-1 iKVbz videoText\" id=\"contentTitleembed5AaxS6zI\" type=\"embed\"><svg fill=\"#ffffff\"><symbol id=\"play\" viewBox=\"0 0 512 512\"><path d=\"M512 256C512 397.4 397.4 512 256 512C114.6 512 0 397.4 0 256C0 114.6 114.6 0 256 0C397.4 0 512 114.6 512 256zM176 168V344C176 352.7 180.7 360.7 188.3 364.9C195.8 369.2 205.1 369 212.5 364.5L356.5 276.5C363.6 272.1 368 264.4 368 256C368 247.6 363.6 239.9 356.5 235.5L212.5 147.5C205.1 142.1 195.8 142.8 188.3 147.1C180.7 151.3 176 159.3 176 168V168z\" \/><\/symbol><use xlink:href=\"#play\" \/><\/svg><\/p>\n<div class=\"right\">\n<p>Supercopa Espa\u00f1a<!-- --> &#8211; <span>&nbsp;<\/span><\/p>\n<h2 class=\"title-vid\">Los goles de Real Madrid 3 &#8211; Mallorca 0<\/h2>\n<\/div>\n<\/div>\n<p><span class=\"back\" id=\"spanBackembed5AaxS6zI\"><\/span><\/div>\n<div class=\"JWvideoNota_title\">\n<p>Video: D Sports.\t<\/p>\n<\/div>\n<\/div>\n<div class=\"sc-a7166897-0 eoLsBE\" readability=\"7\">\n<section readability=\"4\"><picture><img alt=\"Los picantes cruces entre Vinicius y Pablo Maffeo: patadas, empujones y tumulto post partido\" loading=\"lazy\" width=\"290\" height=\"290\" decoding=\"async\" data-nimg=\"1\" src=\"http:\/\/hoycordobaweb.com\/wp-content\/uploads\/2025\/01\/tchouameni-apunto-contra-pablo-maffeo-no-queremos-hablar-de-este-chico-3.jpg\"><\/picture>\n<p><span>Mir\u00e1 tambi\u00e9n<\/span><\/p>\n<hr>\n<h3>Los picantes cruces entre Vinicius y Pablo Maffeo: patadas, empujones y tumulto post partido<\/h3>\n<\/p>\n<\/section>\n<\/div>\n<div class=\"sc-a7166897-0 eoLsBE\" readability=\"6\">\n<section readability=\"2\"><picture><img alt=\"\u00a1Real Madrid gole\u00f3 y se meti\u00f3 en la final de la Supercopa de Espa\u00f1a!\" loading=\"lazy\" width=\"290\" height=\"290\" decoding=\"async\" data-nimg=\"1\" src=\"http:\/\/hoycordobaweb.com\/wp-content\/uploads\/2025\/01\/tchouameni-apunto-contra-pablo-maffeo-no-queremos-hablar-de-este-chico-4.jpg\"><\/picture>\n<p><span>Mir\u00e1 tambi\u00e9n<\/span><\/p>\n<hr>\n<h3>\u00a1Real Madrid gole\u00f3 y se meti\u00f3 en la final de la Supercopa de Espa\u00f1a!<\/h3>\n<\/p>\n<\/section>\n<\/div>\n<div class=\"sc-a7166897-0 eoLsBE\" readability=\"6\">\n<section readability=\"2\"><picture><img alt=\"La Liga inscribi\u00f3 a Dani Olmo y Pau V\u00edctor: \u00bfse viene una crisis?\" loading=\"lazy\" width=\"290\" height=\"290\" decoding=\"async\" data-nimg=\"1\" src=\"http:\/\/hoycordobaweb.com\/wp-content\/uploads\/2025\/01\/tchouameni-apunto-contra-pablo-maffeo-no-queremos-hablar-de-este-chico-5.jpg\"><\/picture>\n<p><span>Mir\u00e1 tambi\u00e9n<\/span><\/p>\n<hr>\n<h3>La Liga inscribi\u00f3 a Dani Olmo y Pau V\u00edctor: \u00bfse viene una crisis?<\/h3>\n<\/p>\n<\/section>\n<\/div>\n<\/div>\n","protected":false},"excerpt":{"rendered":"<p>09\/01\/2025 20:02hs. El Real Madrid avanz\u00f3 con autoridad a la final de la Supercopa de Espa\u00f1a tras vencer 3-0 al Mallorca en un partido marcado, una vez m\u00e1s, por la pol\u00e9mica en torno a Pablo Maffeo y su constante enfrentamiento con Vin\u00edcius Jr. Tras el encuentro, Aur\u00e9lien Tchouameni no esquiv\u00f3 el tema y lanz\u00f3 cr\u00edticas [&hellip;]<\/p>\n","protected":false},"author":1,"featured_media":93765,"comment_status":"open","ping_status":"closed","sticky":false,"template":"","format":"standard","meta":[],"categories":[16],"tags":[],"_links":{"self":[{"href":"http:\/\/hoycordobaweb.com\/index.php\/wp-json\/wp\/v2\/posts\/93764"}],"collection":[{"href":"http:\/\/hoycordobaweb.com\/index.php\/wp-json\/wp\/v2\/posts"}],"about":[{"href":"http:\/\/hoycordobaweb.com\/index.php\/wp-json\/wp\/v2\/types\/post"}],"author":[{"embeddable":true,"href":"http:\/\/hoycordobaweb.com\/index.php\/wp-json\/wp\/v2\/users\/1"}],"replies":[{"embeddable":true,"href":"http:\/\/hoycordobaweb.com\/index.php\/wp-json\/wp\/v2\/comments?post=93764"}],"version-history":[{"count":0,"href":"http:\/\/hoycordobaweb.com\/index.php\/wp-json\/wp\/v2\/posts\/93764\/revisions"}],"wp:featuredmedia":[{"embeddable":true,"href":"http:\/\/hoycordobaweb.com\/index.php\/wp-json\/wp\/v2\/media\/93765"}],"wp:attachment":[{"href":"http:\/\/hoycordobaweb.com\/index.php\/wp-json\/wp\/v2\/media?parent=93764"}],"wp:term":[{"taxonomy":"category","embeddable":true,"href":"http:\/\/hoycordobaweb.com\/index.php\/wp-json\/wp\/v2\/categories?post=93764"},{"taxonomy":"post_tag","embeddable":true,"href":"http:\/\/hoycordobaweb.com\/index.php\/wp-json\/wp\/v2\/tags?post=93764"}],"curies":[{"name":"wp","href":"https:\/\/api.w.org\/{rel}","templated":true}]}}