{"id":93754,"date":"2025-01-10T02:27:06","date_gmt":"2025-01-10T02:27:06","guid":{"rendered":"https:\/\/www.ole.com.ar\/futbol-internacional\/real-madrid-roberto-carlos-brasil_0_r1R4JXZmSs.html"},"modified":"2025-01-10T02:27:06","modified_gmt":"2025-01-10T02:27:06","slug":"roberto-carlos-desmintio-estar-viviendo-en-la-ciudad-deportiva-del-real-madrid","status":"publish","type":"post","link":"http:\/\/hoycordobaweb.com\/index.php\/2025\/01\/10\/roberto-carlos-desmintio-estar-viviendo-en-la-ciudad-deportiva-del-real-madrid\/","title":{"rendered":"Roberto Carlos desminti\u00f3 estar viviendo en la Ciudad Deportiva del Real Madrid"},"content":{"rendered":"<p><img src=\"http:\/\/hoycordobaweb.com\/wp-content\/uploads\/2025\/01\/roberto-carlos-desmintio-estar-viviendo-en-la-ciudad-deportiva-del-real-madrid.jpg\"><\/p>\n<p><time class=\"createDate\" datetime=\"2025-01-09T23:27:06-03:00\">09\/01\/2025 23:27hs.<\/time><\/p>\n<div id=\"storyBody\">\n<div class=\"custom-text \" readability=\"42\">\n<p>Roberto Carlos es una de las grandes estrellas del f\u00fatbol mundial, no solo del Real Madrid. Sin embargo, durante los \u00faltimos d\u00edas, su figura cop\u00f3 los portales deportivos, pero no por su rol como embajador mundial del Merengue, algo por lo que a menudo se lo ve en los eventos de la FIFA,<strong> sino por los rumores que aseguraban que el brasile\u00f1o estaba pasando sus d\u00edas en la Ciudad Deportiva de Valdebebas, el centro deportivo del Merengue luego de separarse de su mujer. <\/strong><\/p>\n<\/div>\n<p><h2>Roberto Carlos desminti\u00f3 los rumores que aseguraban que estaba viviendo en el complejo del Real Madrid<\/h2>\n<\/p>\n<div class=\"custom-text \" readability=\"39\">\n<p>Luego de que desde Espa\u00f1a confirmar\u00e1n que Roberto Carlos se hab\u00eda separado de Mariana Luccon, quien supo ser su pareja desde 2009,<strong> el rumor de que el brasile\u00f1o estaba viviendo en el Centro Deportivo del Real Madrid hab\u00eda copado las noticias.<\/strong> Sin embargo, fue el propio RC3 quien asegur\u00f3 que se trata de una serie de mentiras que no solo lo han da\u00f1ado a \u00e9l, sino tambi\u00e9n a toda su familia. <\/p>\n<\/div>\n<div class=\"custom-text \" readability=\"40\">\n<p>Ante ello, Roberto Carlos lanz\u00f3 un descargo en sus redes sociales aseguran que no se encontraba alojado en el complejo de Valdebebas, en donde concentra se entrena el plantel profesional del Real Madrid. \u00abEn los \u00faltimos d\u00edas, me he enterado de que circulan historias falsas y perjudiciales sobre m\u00ed y mi familia.<strong> Si bien valoro la privacidad, me siento obligado a abordar los rumores infundados sobre mi situaci\u00f3n de vida<\/strong>.<strong> Estas historias inventadas son completamente falsas y parecen dise\u00f1adas para generar clics\u00bb<\/strong>, comenz\u00f3 diciendo la leyenda brasile\u00f1o. <\/p>\n<\/div>\n<div class=\"custom-text \" readability=\"34\">\n<p>Cabe destacar que los rumores se hab\u00edan potenciado luego de que se filtrar\u00e1 a la prensa la informaci\u00f3n de una supuesta disputa matrimonial que habr\u00eda provocado que <strong>Roberto Carlos perdiera su vivienda en las afueras de la capital espa\u00f1ola. <\/strong><\/p>\n<\/div>\n<div class=\"sc-e7b891c4-0 ifHnQL image-embed\"><img alt=\"Roberto Carlos y Mariana Luccon. (Photo by CRISTINA QUICLER \/ AFP)\" loading=\"lazy\" width=\"720\" height=\"100\" decoding=\"async\" data-nimg=\"1\" src=\"http:\/\/hoycordobaweb.com\/wp-content\/uploads\/2025\/01\/roberto-carlos-desmintio-estar-viviendo-en-la-ciudad-deportiva-del-real-madrid-2.jpg\"><span class=\"epigraphe\">Roberto Carlos y Mariana Luccon. (Photo by CRISTINA QUICLER \/ AFP)<\/span><\/div>\n<div class=\"sc-a7166897-0 eoLsBE\" readability=\"6.5\">\n<section readability=\"3\"><picture><img alt=\"Las bombas del mercado del Ascenso: varios ex Boca, el sobrino de Lavezzi y m\u00e1s\" loading=\"lazy\" width=\"290\" height=\"290\" decoding=\"async\" data-nimg=\"1\" src=\"http:\/\/hoycordobaweb.com\/wp-content\/uploads\/2025\/01\/roberto-carlos-desmintio-estar-viviendo-en-la-ciudad-deportiva-del-real-madrid-3.jpg\"><\/picture>\n<p><span>Mir\u00e1 tambi\u00e9n<\/span><\/p>\n<hr>\n<h3>Las bombas del mercado del Ascenso: varios ex Boca, el sobrino de Lavezzi y m\u00e1s<\/h3>\n<\/p>\n<\/section>\n<\/div>\n<div class=\"sc-a7166897-0 eoLsBE\" readability=\"6\">\n<section readability=\"2\"><picture><img alt=\"LocuraPinto: Alpine ya sortea una camiseta de Colapinto\" loading=\"lazy\" width=\"290\" height=\"290\" decoding=\"async\" data-nimg=\"1\" src=\"http:\/\/hoycordobaweb.com\/wp-content\/uploads\/2025\/01\/roberto-carlos-desmintio-estar-viviendo-en-la-ciudad-deportiva-del-real-madrid-4.jpg\"><\/picture>\n<p><span>Mir\u00e1 tambi\u00e9n<\/span><\/p>\n<hr>\n<h3>LocuraPinto: Alpine ya sortea una camiseta de Colapinto<\/h3>\n<\/p>\n<\/section>\n<\/div>\n<div class=\"sc-a7166897-0 eoLsBE\" readability=\"6\">\n<section readability=\"2\"><picture><img alt=\"Cu\u00e1ndo correr\u00eda Colapinto y otras respuestas tras el anticipo mundial de Ol\u00e9\" loading=\"lazy\" width=\"290\" height=\"290\" decoding=\"async\" data-nimg=\"1\" src=\"http:\/\/hoycordobaweb.com\/wp-content\/uploads\/2025\/01\/roberto-carlos-desmintio-estar-viviendo-en-la-ciudad-deportiva-del-real-madrid-5.jpg\"><\/picture>\n<p><span>Mir\u00e1 tambi\u00e9n<\/span><\/p>\n<hr>\n<h3>Cu\u00e1ndo correr\u00eda Colapinto y otras respuestas tras el anticipo mundial de Ol\u00e9<\/h3>\n<\/p>\n<\/section>\n<\/div>\n<div class=\"custom-text \" readability=\"37\">\n<p>A lo que agreg\u00f3: \u00abPermanezco en una residencia privada, con el apoyo de miembros de mi familia. <strong>Mi equipo legal est\u00e1 revisando estas afirmaciones y tomar\u00e1 las medidas adecuadas. <\/strong>Pido privacidad con respecto a los asuntos personales y agradezco a quienes contin\u00faan apoy\u00e1ndome durante este tiempo\u00bb, cerr\u00f3 el ex jugador del Real Madrid e Inter. <\/p>\n<\/div>\n<\/div>\n","protected":false},"excerpt":{"rendered":"<p>09\/01\/2025 23:27hs. Roberto Carlos es una de las grandes estrellas del f\u00fatbol mundial, no solo del Real Madrid. Sin embargo, durante los \u00faltimos d\u00edas, su figura cop\u00f3 los portales deportivos, pero no por su rol como embajador mundial del Merengue, algo por lo que a menudo se lo ve en los eventos de la FIFA, [&hellip;]<\/p>\n","protected":false},"author":1,"featured_media":93755,"comment_status":"open","ping_status":"closed","sticky":false,"template":"","format":"standard","meta":[],"categories":[16],"tags":[],"_links":{"self":[{"href":"http:\/\/hoycordobaweb.com\/index.php\/wp-json\/wp\/v2\/posts\/93754"}],"collection":[{"href":"http:\/\/hoycordobaweb.com\/index.php\/wp-json\/wp\/v2\/posts"}],"about":[{"href":"http:\/\/hoycordobaweb.com\/index.php\/wp-json\/wp\/v2\/types\/post"}],"author":[{"embeddable":true,"href":"http:\/\/hoycordobaweb.com\/index.php\/wp-json\/wp\/v2\/users\/1"}],"replies":[{"embeddable":true,"href":"http:\/\/hoycordobaweb.com\/index.php\/wp-json\/wp\/v2\/comments?post=93754"}],"version-history":[{"count":0,"href":"http:\/\/hoycordobaweb.com\/index.php\/wp-json\/wp\/v2\/posts\/93754\/revisions"}],"wp:featuredmedia":[{"embeddable":true,"href":"http:\/\/hoycordobaweb.com\/index.php\/wp-json\/wp\/v2\/media\/93755"}],"wp:attachment":[{"href":"http:\/\/hoycordobaweb.com\/index.php\/wp-json\/wp\/v2\/media?parent=93754"}],"wp:term":[{"taxonomy":"category","embeddable":true,"href":"http:\/\/hoycordobaweb.com\/index.php\/wp-json\/wp\/v2\/categories?post=93754"},{"taxonomy":"post_tag","embeddable":true,"href":"http:\/\/hoycordobaweb.com\/index.php\/wp-json\/wp\/v2\/tags?post=93754"}],"curies":[{"name":"wp","href":"https:\/\/api.w.org\/{rel}","templated":true}]}}