{"id":93672,"date":"2025-01-09T16:33:24","date_gmt":"2025-01-09T16:33:24","guid":{"rendered":"https:\/\/www.mujerhoy.com\/moda\/tendencias\/pantalones-tipazo-zara-instagram-nuevo-20250109173253-nt.html"},"modified":"2025-01-09T16:33:24","modified_gmt":"2025-01-09T16:33:24","slug":"estos-son-los-conjuntos-que-estan-arrasando-en-instagram-y-que-renovaran-por-completo-tu-look-de-invierno","status":"publish","type":"post","link":"http:\/\/hoycordobaweb.com\/index.php\/2025\/01\/09\/estos-son-los-conjuntos-que-estan-arrasando-en-instagram-y-que-renovaran-por-completo-tu-look-de-invierno\/","title":{"rendered":"Estos son los conjuntos que est\u00e1n arrasando en Instagram y que renovar\u00e1n por completo tu look de invierno"},"content":{"rendered":"<p><!-- AUTHOR --> <\/p>\n<div class=\"voc-author-timesocial \"> <!-- AUTHOR --> <\/p>\n<div class=\"voc-author-timesocial__signature \">\n<div class=\"voc-author-timesocial__img-c\"> <!-- IMAGE AUTHOR --> <picture class=\"voc-image-signature\"> <img class=\"voc-image-signature__img\" src=\"http:\/\/hoycordobaweb.com\/wp-content\/uploads\/2025\/01\/estos-son-los-conjuntos-que-estan-arrasando-en-instagram-y-que-renovaran-por-completo-tu-look-de-invierno.jpg\" alt=\"Gemma Cano\"> <\/picture> <\/div>\n<p> <!-- INFO AUTHOR --> <\/p>\n<div class=\"voc-author-timesocial__info\" data-mrf-recirculation=\"Autor\">\n<div class=\"voc-author-info\"> <author> <a class=\"voc-author\" href=\"https:\/\/www.mujerhoy.com\/autor\/gemma-cano-1220.html\" data-mrf-link=\"https:\/\/www.mujerhoy.com\/autor\/gemma-cano-1220.html\">Gemma Cano<\/a> <\/author> <time datetime=\"2025-01-09T16:33:24Z\" data-timestamp>Publicado \u00b7 <span data-voc-date-modified-short>9 de enero de 2025, 17:33 h<\/span><\/time> <\/div><\/div><\/div><\/div>\n<p> <!-- COMPONENTS --> <\/p>\n<p class=\"voc-paragraph\" data-mrf-recirculation=\"Link art\u00edculo\">Instagram sigue siendo la mejor fuente de inspiraci\u00f3n para dar con los looks m\u00e1s infalibles en cualquier \u00e9poca del a\u00f1o. Al mismo tiempo, es el mejor term\u00f3metro para descubrir las nuevas tendencias, incluso antes, de que se pongan de moda en la calle. Y cuando llegan los avances de colecci\u00f3n a las tiendas, <strong>podemos empezar a vislumbrar por d\u00f3nde ir\u00e1n los tiros de la pr\u00f3xima temporada<\/strong>. <\/p>\n<p class=\"voc-paragraph\" data-mrf-recirculation=\"Link art\u00edculo\">Y echando un vistazo a algunas de nuestras cuentas de moda favoritas, siempre podemos dar con <a data-voc-vtm-id=\"in-text-traffic\" href=\"https:\/\/www.mujerhoy.com\/moda\/tendencias\/novedades-vestidos-midi-invierno-instagram-zara-20250101172227-nt.html\" data-mrf-link=\"https:\/\/www.mujerhoy.com\/moda\/tendencias\/novedades-vestidos-midi-invierno-instagram-zara-20250101172227-nt.html\">nuevos looks<\/a><br \/>\n, de esos que podemos copiar de pies a cabeza. Todas esas ideas sencillas, que nos har\u00e1n redescubrir las prendas y accesorios que no hab\u00edamos tenido demasiado en cuenta \u00faltimamente. <\/p>\n<div class=\"voc-detail-photo-zoom\"> <picture data-toggle=\"modal\" data-target=\"#photoZoomModal-954\" target=\"modal\">\n<div class=\"voc-img-icon-link\"> <img loading=\"lazy\" src=\"http:\/\/hoycordobaweb.com\/wp-content\/uploads\/2025\/01\/estos-son-los-conjuntos-que-estan-arrasando-en-instagram-y-que-renovaran-por-completo-tu-look-de-invierno-1.jpg\" width=\"650\" height=\"900\"> <noscript> <img src=\"http:\/\/hoycordobaweb.com\/wp-content\/uploads\/2025\/01\/estos-son-los-conjuntos-que-estan-arrasando-en-instagram-y-que-renovaran-por-completo-tu-look-de-invierno-1.jpg\"> <\/noscript> <i class=\"voc-icons zoom voc-multimedia-box voc-ico-l\"><\/i> <\/div><figcaption class=\"figure-caption\"><\/figcaption><\/picture>\n<\/div>\n<div id=\"photoZoomModal-954\" class=\"voc-lightbox modal fade voc-lightbox--photo-zoom\" role=\"dialog\" data-voc-photozoom-lightbox>\n<div class=\"voc-lightbox__dialog\" role=\"document\">\n<div class=\"voc-lightbox__content\"> <!-- Modal header --> <!-- Modal content --> <\/p>\n<div class=\"voc-lightbox__photo-container\"> <picture class> <img loading=\"lazy\" src=\"http:\/\/hoycordobaweb.com\/wp-content\/uploads\/2025\/01\/estos-son-los-conjuntos-que-estan-arrasando-en-instagram-y-que-renovaran-por-completo-tu-look-de-invierno-1.jpg\"> <noscript> <img src=\"http:\/\/hoycordobaweb.com\/wp-content\/uploads\/2025\/01\/estos-son-los-conjuntos-que-estan-arrasando-en-instagram-y-que-renovaran-por-completo-tu-look-de-invierno-1.jpg\"> <\/noscript> <\/picture> <\/div><\/div><\/div>\n<\/div>\n<p class=\"voc-paragraph\" data-mrf-recirculation=\"Link art\u00edculo\">Y en este 2025, no hay nada mejor que empezar por un conjunto especial para conseguir un total <a data-voc-vtm-id=\"in-text-traffic\" href=\"https:\/\/www.mujerhoy.com\/moda\/no-te-pierdas\/vestidos-invitada-bodas-diciembre-maksu-bimani-cherubina-20241217125407-nt.html\" data-mrf-link=\"https:\/\/www.mujerhoy.com\/moda\/no-te-pierdas\/vestidos-invitada-bodas-diciembre-maksu-bimani-cherubina-20241217125407-nt.html\">look infalible<\/a><br \/>\n. Haciendo un repaso por las novedades de nuestras tiendas favoritas, como Zara, hemos encontrado estas propuestas, que <strong>tienes que a\u00f1adir, s\u00ed o s\u00ed, a tu lista de deseos de invierno<\/strong>.\n<\/p>\n<div class=\"voc-detail-photo-zoom\"> <picture data-toggle=\"modal\" data-target=\"#photoZoomModal-21\" target=\"modal\">\n<div class=\"voc-img-icon-link\"> <img loading=\"lazy\" src=\"http:\/\/hoycordobaweb.com\/wp-content\/uploads\/2025\/01\/estos-son-los-conjuntos-que-estan-arrasando-en-instagram-y-que-renovaran-por-completo-tu-look-de-invierno-2.jpg\" width=\"650\" height=\"900\"> <noscript> <img src=\"http:\/\/hoycordobaweb.com\/wp-content\/uploads\/2025\/01\/estos-son-los-conjuntos-que-estan-arrasando-en-instagram-y-que-renovaran-por-completo-tu-look-de-invierno-2.jpg\"> <\/noscript> <i class=\"voc-icons zoom voc-multimedia-box voc-ico-l\"><\/i> <\/div><figcaption class=\"figure-caption\"><\/figcaption><\/picture>\n<\/div>\n<div id=\"photoZoomModal-21\" class=\"voc-lightbox modal fade voc-lightbox--photo-zoom\" role=\"dialog\" data-voc-photozoom-lightbox>\n<div class=\"voc-lightbox__dialog\" role=\"document\">\n<div class=\"voc-lightbox__content\"> <!-- Modal header --> <!-- Modal content --> <\/p>\n<div class=\"voc-lightbox__photo-container\"> <picture class> <img loading=\"lazy\" src=\"http:\/\/hoycordobaweb.com\/wp-content\/uploads\/2025\/01\/estos-son-los-conjuntos-que-estan-arrasando-en-instagram-y-que-renovaran-por-completo-tu-look-de-invierno-2.jpg\"> <noscript> <img src=\"http:\/\/hoycordobaweb.com\/wp-content\/uploads\/2025\/01\/estos-son-los-conjuntos-que-estan-arrasando-en-instagram-y-que-renovaran-por-completo-tu-look-de-invierno-2.jpg\"> <\/noscript> <\/picture> <\/div><\/div><\/div>\n<\/div>\n<p class=\"voc-paragraph\" data-mrf-recirculation=\"Link art\u00edculo\">Esta temporada, los conjuntos de punto son la alternativa perfecta para los pr\u00f3ximos meses de invierno. Ll\u00e9valo como las chicas m\u00e1s estilosas de Instagram: con botines de tac\u00f3n y un bolso de hombro. \u00bfTe atreves a probarlo?\n<\/p>\n<div class=\"voc-detail-photo-zoom\"> <picture data-toggle=\"modal\" data-target=\"#photoZoomModal-299\" target=\"modal\">\n<div class=\"voc-img-icon-link\"> <img loading=\"lazy\" src=\"http:\/\/hoycordobaweb.com\/wp-content\/uploads\/2025\/01\/estos-son-los-conjuntos-que-estan-arrasando-en-instagram-y-que-renovaran-por-completo-tu-look-de-invierno-3.jpg\" width=\"460\" height=\"637\" alt=\"Top de punto de Zara (17,99 euros)\"> <noscript> <img src=\"http:\/\/hoycordobaweb.com\/wp-content\/uploads\/2025\/01\/estos-son-los-conjuntos-que-estan-arrasando-en-instagram-y-que-renovaran-por-completo-tu-look-de-invierno-3.jpg\" alt=\"Top de punto de Zara (17,99 euros)\"> <\/noscript> <i class=\"voc-icons zoom voc-multimedia-box voc-ico-l\"><\/i> <\/div><figcaption class=\"figure-caption\">Top de punto de Zara (17,99 euros)<\/figcaption><\/picture>\n<\/div>\n<div id=\"photoZoomModal-299\" class=\"voc-lightbox modal fade voc-lightbox--photo-zoom\" role=\"dialog\" data-voc-photozoom-lightbox>\n<div class=\"voc-lightbox__dialog\" role=\"document\">\n<div class=\"voc-lightbox__content\"> <!-- Modal header --> <!-- Modal content --> <\/p>\n<div class=\"voc-lightbox__photo-container\"> <picture class> <img loading=\"lazy\" src=\"http:\/\/hoycordobaweb.com\/wp-content\/uploads\/2025\/01\/estos-son-los-conjuntos-que-estan-arrasando-en-instagram-y-que-renovaran-por-completo-tu-look-de-invierno-3.jpg\" alt=\"Top de punto de Zara (17,99 euros)\"> <noscript> <img src=\"http:\/\/hoycordobaweb.com\/wp-content\/uploads\/2025\/01\/estos-son-los-conjuntos-que-estan-arrasando-en-instagram-y-que-renovaran-por-completo-tu-look-de-invierno-3.jpg\" alt=\"Top de punto de Zara (17,99 euros)\"> <\/noscript> <\/picture> <\/div><\/div><\/div>\n<\/div>\n<p><h3 class=\"voc-detail__title\"> Top de punto de Zara (17,99 euros)<br \/>\n<\/h3>\n<\/p>\n<p class=\"voc-paragraph\" data-mrf-recirculation=\"Link art\u00edculo\">Este tipo de propuestas son la alternativa perfecta para conseguir el perfecto look de oficina. Elige un dise\u00f1o en un color tan elegante como el beige.\n<\/p>\n<div class=\"voc-detail-photo-zoom\"> <picture data-toggle=\"modal\" data-target=\"#photoZoomModal-437\" target=\"modal\">\n<div class=\"voc-img-icon-link\"> <img loading=\"lazy\" src=\"http:\/\/hoycordobaweb.com\/wp-content\/uploads\/2025\/01\/estos-son-los-conjuntos-que-estan-arrasando-en-instagram-y-que-renovaran-por-completo-tu-look-de-invierno-4.jpg\" width=\"460\" height=\"637\" alt=\"Falda midi de Zara (19,99 euros)\"> <noscript> <img src=\"http:\/\/hoycordobaweb.com\/wp-content\/uploads\/2025\/01\/estos-son-los-conjuntos-que-estan-arrasando-en-instagram-y-que-renovaran-por-completo-tu-look-de-invierno-4.jpg\" alt=\"Falda midi de Zara (19,99 euros)\"> <\/noscript> <i class=\"voc-icons zoom voc-multimedia-box voc-ico-l\"><\/i> <\/div><figcaption class=\"figure-caption\">Falda midi de Zara (19,99 euros)<\/figcaption><\/picture>\n<\/div>\n<div id=\"photoZoomModal-437\" class=\"voc-lightbox modal fade voc-lightbox--photo-zoom\" role=\"dialog\" data-voc-photozoom-lightbox>\n<div class=\"voc-lightbox__dialog\" role=\"document\">\n<div class=\"voc-lightbox__content\"> <!-- Modal header --> <!-- Modal content --> <\/p>\n<div class=\"voc-lightbox__photo-container\"> <picture class> <img loading=\"lazy\" src=\"http:\/\/hoycordobaweb.com\/wp-content\/uploads\/2025\/01\/estos-son-los-conjuntos-que-estan-arrasando-en-instagram-y-que-renovaran-por-completo-tu-look-de-invierno-4.jpg\" alt=\"Falda midi de Zara (19,99 euros)\"> <noscript> <img src=\"http:\/\/hoycordobaweb.com\/wp-content\/uploads\/2025\/01\/estos-son-los-conjuntos-que-estan-arrasando-en-instagram-y-que-renovaran-por-completo-tu-look-de-invierno-4.jpg\" alt=\"Falda midi de Zara (19,99 euros)\"> <\/noscript> <\/picture> <\/div><\/div><\/div>\n<\/div>\n<p><h3 class=\"voc-detail__title\"> Falda midi de Zara (19,99 euros)<br \/>\n<\/h3>\n<\/p>\n<p class=\"voc-paragraph\" data-mrf-recirculation=\"Link art\u00edculo\">Una de las piezas m\u00e1s bonitas de la nueva temporada que acaba de llegar a las tiendas. Un dise\u00f1o hecho para llevarlo a todas horas. <\/p>\n<div class=\"voc-detail-photo-zoom\"> <picture data-toggle=\"modal\" data-target=\"#photoZoomModal-706\" target=\"modal\">\n<div class=\"voc-img-icon-link\"> <img loading=\"lazy\" src=\"http:\/\/hoycordobaweb.com\/wp-content\/uploads\/2025\/01\/estos-son-los-conjuntos-que-estan-arrasando-en-instagram-y-que-renovaran-por-completo-tu-look-de-invierno-5.jpg\" width=\"460\" height=\"637\" alt=\"Falda midi de Zara (19,99 euros)\"> <noscript> <img src=\"http:\/\/hoycordobaweb.com\/wp-content\/uploads\/2025\/01\/estos-son-los-conjuntos-que-estan-arrasando-en-instagram-y-que-renovaran-por-completo-tu-look-de-invierno-5.jpg\" alt=\"Falda midi de Zara (19,99 euros)\"> <\/noscript> <i class=\"voc-icons zoom voc-multimedia-box voc-ico-l\"><\/i> <\/div><figcaption class=\"figure-caption\">Falda midi de Zara (19,99 euros)<\/figcaption><\/picture>\n<\/div>\n<div id=\"photoZoomModal-706\" class=\"voc-lightbox modal fade voc-lightbox--photo-zoom\" role=\"dialog\" data-voc-photozoom-lightbox>\n<div class=\"voc-lightbox__dialog\" role=\"document\">\n<div class=\"voc-lightbox__content\"> <!-- Modal header --> <!-- Modal content --> <\/p>\n<div class=\"voc-lightbox__photo-container\"> <picture class> <img loading=\"lazy\" src=\"http:\/\/hoycordobaweb.com\/wp-content\/uploads\/2025\/01\/estos-son-los-conjuntos-que-estan-arrasando-en-instagram-y-que-renovaran-por-completo-tu-look-de-invierno-5.jpg\" alt=\"Falda midi de Zara (19,99 euros)\"> <noscript> <img src=\"http:\/\/hoycordobaweb.com\/wp-content\/uploads\/2025\/01\/estos-son-los-conjuntos-que-estan-arrasando-en-instagram-y-que-renovaran-por-completo-tu-look-de-invierno-5.jpg\" alt=\"Falda midi de Zara (19,99 euros)\"> <\/noscript> <\/picture> <\/div><\/div><\/div>\n<\/div>\n<p><h3 class=\"voc-detail__title\"> Falda midi de Zara (19,99 euros)<br \/>\n<\/h3>\n<\/p>\n<p class=\"voc-paragraph\" data-mrf-recirculation=\"Link art\u00edculo\">Un conjunto muy favorecedor, que hace tipazo. Ll\u00e9valo en total look con el color gris.\n<\/p>\n<div class=\"voc-detail-photo-zoom\"> <picture data-toggle=\"modal\" data-target=\"#photoZoomModal-91\" target=\"modal\">\n<div class=\"voc-img-icon-link\"> <img loading=\"lazy\" src=\"http:\/\/hoycordobaweb.com\/wp-content\/uploads\/2025\/01\/estos-son-los-conjuntos-que-estan-arrasando-en-instagram-y-que-renovaran-por-completo-tu-look-de-invierno-6.jpg\" width=\"460\" height=\"637\" alt=\"Top de punto de color gris de Zara (17,99 euros)\"> <noscript> <img src=\"http:\/\/hoycordobaweb.com\/wp-content\/uploads\/2025\/01\/estos-son-los-conjuntos-que-estan-arrasando-en-instagram-y-que-renovaran-por-completo-tu-look-de-invierno-6.jpg\" alt=\"Top de punto de color gris de Zara (17,99 euros)\"> <\/noscript> <i class=\"voc-icons zoom voc-multimedia-box voc-ico-l\"><\/i> <\/div><figcaption class=\"figure-caption\">Top de punto de color gris de Zara (17,99 euros)<\/figcaption><\/picture>\n<\/div>\n<div id=\"photoZoomModal-91\" class=\"voc-lightbox modal fade voc-lightbox--photo-zoom\" role=\"dialog\" data-voc-photozoom-lightbox>\n<div class=\"voc-lightbox__dialog\" role=\"document\">\n<div class=\"voc-lightbox__content\"> <!-- Modal header --> <!-- Modal content --> <\/p>\n<div class=\"voc-lightbox__photo-container\"> <picture class> <img loading=\"lazy\" src=\"http:\/\/hoycordobaweb.com\/wp-content\/uploads\/2025\/01\/estos-son-los-conjuntos-que-estan-arrasando-en-instagram-y-que-renovaran-por-completo-tu-look-de-invierno-6.jpg\" alt=\"Top de punto de color gris de Zara (17,99 euros)\"> <noscript> <img src=\"http:\/\/hoycordobaweb.com\/wp-content\/uploads\/2025\/01\/estos-son-los-conjuntos-que-estan-arrasando-en-instagram-y-que-renovaran-por-completo-tu-look-de-invierno-6.jpg\" alt=\"Top de punto de color gris de Zara (17,99 euros)\"> <\/noscript> <\/picture> <\/div><\/div><\/div>\n<\/div>\n<p><h3 class=\"voc-detail__title\"> Top de punto de color gris de Zara (17,99 euros)<br \/>\n<\/h3>\n<\/p>\n<p class=\"voc-paragraph\" data-mrf-recirculation=\"Link art\u00edculo\">Un favorecedor dise\u00f1o que podr\u00e1s llevar en total look en la recta final del invierno.\n<\/p>\n<p> <!-- TOPICS --> <\/p>\n","protected":false},"excerpt":{"rendered":"<p>Gemma Cano Publicado \u00b7 9 de enero de 2025, 17:33 h Instagram sigue siendo la mejor fuente de inspiraci\u00f3n para dar con los looks m\u00e1s infalibles en cualquier \u00e9poca del a\u00f1o. Al mismo tiempo, es el mejor term\u00f3metro para descubrir las nuevas tendencias, incluso antes, de que se pongan de moda en la calle. Y [&hellip;]<\/p>\n","protected":false},"author":1,"featured_media":93673,"comment_status":"closed","ping_status":"closed","sticky":false,"template":"","format":"standard","meta":[],"categories":[],"tags":[],"_links":{"self":[{"href":"http:\/\/hoycordobaweb.com\/index.php\/wp-json\/wp\/v2\/posts\/93672"}],"collection":[{"href":"http:\/\/hoycordobaweb.com\/index.php\/wp-json\/wp\/v2\/posts"}],"about":[{"href":"http:\/\/hoycordobaweb.com\/index.php\/wp-json\/wp\/v2\/types\/post"}],"author":[{"embeddable":true,"href":"http:\/\/hoycordobaweb.com\/index.php\/wp-json\/wp\/v2\/users\/1"}],"replies":[{"embeddable":true,"href":"http:\/\/hoycordobaweb.com\/index.php\/wp-json\/wp\/v2\/comments?post=93672"}],"version-history":[{"count":0,"href":"http:\/\/hoycordobaweb.com\/index.php\/wp-json\/wp\/v2\/posts\/93672\/revisions"}],"wp:featuredmedia":[{"embeddable":true,"href":"http:\/\/hoycordobaweb.com\/index.php\/wp-json\/wp\/v2\/media\/93673"}],"wp:attachment":[{"href":"http:\/\/hoycordobaweb.com\/index.php\/wp-json\/wp\/v2\/media?parent=93672"}],"wp:term":[{"taxonomy":"category","embeddable":true,"href":"http:\/\/hoycordobaweb.com\/index.php\/wp-json\/wp\/v2\/categories?post=93672"},{"taxonomy":"post_tag","embeddable":true,"href":"http:\/\/hoycordobaweb.com\/index.php\/wp-json\/wp\/v2\/tags?post=93672"}],"curies":[{"name":"wp","href":"https:\/\/api.w.org\/{rel}","templated":true}]}}