{"id":93658,"date":"2025-01-09T00:39:12","date_gmt":"2025-01-09T00:39:12","guid":{"rendered":"https:\/\/www.ole.com.ar\/huracan\/agustin-urzi-nuevo-refuerzo-huracan_0_g104RHmipb.html"},"modified":"2025-01-09T00:39:12","modified_gmt":"2025-01-09T00:39:12","slug":"gano-la-sudamericana-con-racing-y-fue-presentado-como-nuevo-refuerzo-de-huracan","status":"publish","type":"post","link":"http:\/\/hoycordobaweb.com\/index.php\/2025\/01\/09\/gano-la-sudamericana-con-racing-y-fue-presentado-como-nuevo-refuerzo-de-huracan\/","title":{"rendered":"Gan\u00f3 la Sudamericana con Racing y fue presentado como nuevo refuerzo de Hurac\u00e1n"},"content":{"rendered":"<p><img src=\"http:\/\/hoycordobaweb.com\/wp-content\/uploads\/2025\/01\/gano-la-sudamericana-con-racing-y-fue-presentado-como-nuevo-refuerzo-de-huracan.jpg\"><\/p>\n<p><time class=\"createDate\" datetime=\"2025-01-08T21:39:12-03:00\">08\/01\/2025 21:39hs.<\/time><\/p>\n<div id=\"storyBody\">\n<div class=\"custom-text \" readability=\"32.836820083682\">\n<p>Entre una ola de bajas sensibles y el armado del nuevo plantel de cara a la pr\u00f3xima temporada, donde <a href=\"https:\/\/www.ole.com.ar\/tema\/huracan.html\" title=\"Hurac\u00e1n\" alt=\"Hurac\u00e1n\" class=\"slug\">Hurac\u00e1n<\/a> volver\u00e1 al plano internacional, <strong>la CD activ\u00f3 el mercado de pases e hizo oficial la llegada del tercer refuerzo: <a href=\"https:\/\/www.ole.com.ar\/tema\/agustin-urzi.html\" title=\"Agust\u00edn Urzi\" alt=\"Agust\u00edn Urzi\" class=\"slug\">Agust\u00edn Urzi<\/a>.<\/strong><\/p>\n<\/div>\n<p><h2>Agust\u00edn Urzi puso la firma en el Globo<\/h2>\n<\/p>\n<div class=\"custom-text \" readability=\"38.895089285714\">\n<p>El talentoso extremo zurdo con pasado en las selecciones juveniles termin\u00f3 su pr\u00e9stamo en <a href=\"https:\/\/www.ole.com.ar\/tema\/racing.html\" title=\"Racing\" alt=\"Racing\" class=\"slug\">Racing<\/a>, donde fue campe\u00f3n de la <a href=\"https:\/\/www.ole.com.ar\/tema\/copa-sudamericana.html\" title=\"Copa Sudamericana\" alt=\"Copa Sudamericana\" class=\"slug\">Copa Sudamericana<\/a>, y deb\u00eda volver al Ju\u00e1rez de M\u00e9xico, club due\u00f1o de su pase. Sin embargo, el delantero que surgi\u00f3 y la rompi\u00f3 en Banfield acord\u00f3 su continuidad en el pa\u00eds y jugar\u00e1 cerquita de Avellaneda, en Parque Patricios, <strong>a pr\u00e9stamo por un a\u00f1o y con una opci\u00f3n de compra de U$S2.100.000 por el 90% del pase.<\/strong><\/p>\n<\/div>\n<div class=\"sc-e7b891c4-0 ifHnQL image-embed\"><img alt=\"Agust\u00edn Urzi levantando la Copa Sudamericana en la Nueva Olla de Paraguay. (REUTERS\/Cesar Olmedo)\" loading=\"lazy\" width=\"720\" height=\"100\" decoding=\"async\" data-nimg=\"1\" src=\"http:\/\/hoycordobaweb.com\/wp-content\/uploads\/2025\/01\/gano-la-sudamericana-con-racing-y-fue-presentado-como-nuevo-refuerzo-de-huracan-2.jpg\"><span class=\"epigraphe\">Agust\u00edn Urzi levantando la Copa Sudamericana en la Nueva Olla de Paraguay. (REUTERS\/Cesar Olmedo)<\/span><\/div>\n<div class=\"custom-text \" readability=\"38.936605316973\">\n<p>Cabe destacar que no tuvo mucha continuidad en la Academia: <strong>disput\u00f3 24 partidos -siete como titular- y no convirti\u00f3 goles.<\/strong> No obstante, puede ser un refuerzo m\u00e1s que interesante para Hurac\u00e1n, que tendr\u00e1 un a\u00f1o de triple competencia y est\u00e1 obligado a incorporar, y a\u00fan m\u00e1s teniendo en cuenta las bajas masivas que viene sufriendo el plantel. <strong>Al menos as\u00ed lo piensa<a href=\"https:\/\/www.ole.com.ar\/tema\/frank-dario-kudelka.html\" title=\"Frank Dar\u00edo Kudelka\" alt=\"Frank Dar\u00edo Kudelka\" class=\"slug\"> Frank Kudelka<\/a>, que ya cuenta con Mat\u00edas Tissera, Tom\u00e1s Guidara y el propio Urzi como las primeras&nbsp;caras&nbsp;nuevas.<\/strong><\/p>\n<\/div>\n<p><h2>Fabio Pereyra renov\u00f3 su contrato con Hurac\u00e1n<\/h2>\n<\/p>\n<div class=\"custom-text \" readability=\"37\">\n<p>Los hinchas del Globo respiran con alivio. En un contexto donde las bajas caen como arena en el desierto, <strong>Hurac\u00e1n se asegur\u00f3 la continuidad de uno de los puntos m\u00e1s altos del \u00faltimo a\u00f1o. <\/strong>Se trata de <strong>Favio Pereyra<\/strong>, defensor central de 34 a\u00f1os cuyo vinculo finalizaba el pasado 31 de diciembre y que este mi\u00e9rcoles <strong>estir\u00f3 su contrato hasta diciembre de 2026.<\/strong><\/p>\n<\/div>\n<div class=\"sc-e7b891c4-0 ifHnQL image-embed\"><img alt=\"Fabio Pereyra prolong\u00f3 su v\u00ednculo con Hurac\u00e1n hasta diciembre del 2026. (@CAHurac\u00e1n)\" loading=\"lazy\" width=\"720\" height=\"100\" decoding=\"async\" data-nimg=\"1\" src=\"http:\/\/hoycordobaweb.com\/wp-content\/uploads\/2025\/01\/gano-la-sudamericana-con-racing-y-fue-presentado-como-nuevo-refuerzo-de-huracan-3.jpg\"><span class=\"epigraphe\">Fabio Pereyra prolong\u00f3 su v\u00ednculo con Hurac\u00e1n hasta diciembre del 2026. (@CAHurac\u00e1n)<\/span><\/div>\n<div class=\"custom-text \" readability=\"43\">\n<p>El zaguero, junto con C\u00e9sar Ib\u00e1\u00f1ez, es uno de los \u00fanicos futbolistas de la zona defensiva que seguir\u00e1 ligado al club de Parque Patricios para este 2025 debido a las salidas de Fernando Tobio, Guillermo Burdisso, Leandro Figueredo, Lucas Souto, Hern\u00e1n De La Fuente y Guillermo Ben\u00edtez. Ahora, claro, l<strong>a prioridad pasa por reforzar esa zona que qued\u00f3 debilitada producto de tantas bajas. <\/strong><\/p>\n<\/div>\n<div class=\"custom-embedhtml\" readability=\"9.3173076923077\">\n<blockquote class=\"twitter-tweet\" readability=\"12.423076923077\">\n<p lang=\"es\" dir=\"ltr\">Agust\u00edn Urzi ya es refuerzo de Hurac\u00e1n \ud83d\udce3<\/p>\n<p>\u270d\ud83c\udffb El delantero, proveniente de Racing, firm\u00f3 un pr\u00e9stamo por un a\u00f1o con una opci\u00f3n de compra de 2.100.000 d\u00f3lares por el 90% del pase<\/p>\n<p>De darse esa situaci\u00f3n, el jugador renovar\u00e1 autom\u00e1ticamente su v\u00ednculo con el club hasta el 2028.\u2026 <a href=\"https:\/\/t.co\/zKRAT8D3Y5\">pic.twitter.com\/zKRAT8D3Y5<\/a><\/p>\n<p>\u2014 CA Hurac\u00e1n (@CAHuracan) <a href=\"https:\/\/twitter.com\/CAHuracan\/status\/1877152055196004600?ref_src=twsrc%5Etfw\">January 9, 2025<\/a><\/p><\/blockquote><\/div>\n<p><h2>Todas las altas y bajas de Hurac\u00e1n hasta el momento<\/h2>\n<\/p>\n<div class=\"custom-text \" readability=\"42\">\n<p>En lo que respecta a refuerzos, el Globo hizo oficial las llegadas de <strong>Mat\u00edas Tissera<\/strong>, a pr\u00e9stamo desde el Ludogorest de Bulgaria, <strong>Tom\u00e1s Guidara<\/strong>, libre de V\u00e9lez, y est\u00e1 \u00faltima de <strong>Agust\u00edn Urzi<\/strong>. A su vez, est\u00e1 cerca de concretar el arribo de Matko Miljevic, mediocampista de 24 a\u00f1os que viene de quedar libre de Newell&#8217;s y que habitualmente es convocado por Mauricio Pochettino para la Selecci\u00f3n de Estados Unidos. <\/p>\n<\/div>\n<div class=\"sc-e7b891c4-0 ifHnQL image-embed\"><img alt=\"Tom\u00e1s Guidara ya es refuerzo de Hurac\u00e1n. (@CAHurac\u00e1n)\" loading=\"lazy\" width=\"720\" height=\"100\" decoding=\"async\" data-nimg=\"1\" src=\"http:\/\/hoycordobaweb.com\/wp-content\/uploads\/2025\/01\/gano-la-sudamericana-con-racing-y-fue-presentado-como-nuevo-refuerzo-de-huracan-4.jpg\"><span class=\"epigraphe\">Tom\u00e1s Guidara ya es refuerzo de Hurac\u00e1n. (@CAHurac\u00e1n)<\/span><\/div>\n<div class=\"custom-text \" readability=\"41\">\n<p>En cuanto a las bajas, quitando las mencionadas en la zona defensiva, la lista se extiende a\u00fan m\u00e1s: <strong>Federico Fattori, Alan So\u00f1ora, H\u00e9ctor F\u00e9rtoli, Franco Alfonso, Pablo Siles, Patricio Pizarro y Agust\u00edn Toledo. <\/strong><\/p>\n<\/div>\n<div class=\"custom-text \" readability=\"37\">\n<p>Adem\u00e1s, hay tres pilares del equipo titular por los que se recibieron ofertas desde otros clubes y podr\u00edan dejar Parque Patricios en este mercado de pases: <strong>Rodrigo Echeverr\u00eda<\/strong> (el Le\u00f3n de M\u00e9xico ya mand\u00f3 una oferta formal), <strong>Williams Alarc\u00f3n<\/strong> y <strong>Walter Mazzantti<\/strong> (hay negociaciones con Independiente hace varias semanas). <\/p>\n<\/div>\n<div class=\"sc-a7166897-0 eoLsBE\" readability=\"7\">\n<section readability=\"4\"><picture><img alt=\"As\u00ed se va armando Hurac\u00e1n para el 2025: caras nuevas, renovaciones y los que ya no est\u00e1n\" loading=\"lazy\" width=\"290\" height=\"290\" decoding=\"async\" data-nimg=\"1\" src=\"http:\/\/hoycordobaweb.com\/wp-content\/uploads\/2025\/01\/gano-la-sudamericana-con-racing-y-fue-presentado-como-nuevo-refuerzo-de-huracan-5.jpg\"><\/picture>\n<p><span>Mir\u00e1 tambi\u00e9n<\/span><\/p>\n<hr>\n<h3>As\u00ed se va armando Hurac\u00e1n para el 2025: caras nuevas, renovaciones y los que ya no est\u00e1n<\/h3>\n<\/p>\n<\/section>\n<\/div>\n<div class=\"sc-a7166897-0 eoLsBE\" readability=\"6\">\n<section readability=\"2\"><picture><img alt=\"Tobio se despidi\u00f3 con una factura\" loading=\"lazy\" width=\"290\" height=\"290\" decoding=\"async\" data-nimg=\"1\" src=\"http:\/\/hoycordobaweb.com\/wp-content\/uploads\/2025\/01\/gano-la-sudamericana-con-racing-y-fue-presentado-como-nuevo-refuerzo-de-huracan-6.jpg\"><\/picture>\n<p><span>Mir\u00e1 tambi\u00e9n<\/span><\/p>\n<hr>\n<h3>Tobio se despidi\u00f3 con una factura<\/h3>\n<\/p>\n<\/section>\n<\/div>\n<div class=\"sc-a7166897-0 eoLsBE\" readability=\"6\">\n<section readability=\"2\"><picture><img alt=\"Argentinos se lleva a uno de los mejores cinco del f\u00fatbol argentino\" loading=\"lazy\" width=\"290\" height=\"290\" decoding=\"async\" data-nimg=\"1\" src=\"http:\/\/hoycordobaweb.com\/wp-content\/uploads\/2025\/01\/gano-la-sudamericana-con-racing-y-fue-presentado-como-nuevo-refuerzo-de-huracan-7.jpg\"><\/picture>\n<p><span>Mir\u00e1 tambi\u00e9n<\/span><\/p>\n<hr>\n<h3>Argentinos se lleva a uno de los mejores cinco del f\u00fatbol argentino<\/h3>\n<\/p>\n<\/section>\n<\/div>\n<\/div>\n","protected":false},"excerpt":{"rendered":"<p>08\/01\/2025 21:39hs. Entre una ola de bajas sensibles y el armado del nuevo plantel de cara a la pr\u00f3xima temporada, donde Hurac\u00e1n volver\u00e1 al plano internacional, la CD activ\u00f3 el mercado de pases e hizo oficial la llegada del tercer refuerzo: Agust\u00edn Urzi. Agust\u00edn Urzi puso la firma en el Globo El talentoso extremo zurdo [&hellip;]<\/p>\n","protected":false},"author":1,"featured_media":93659,"comment_status":"open","ping_status":"closed","sticky":false,"template":"","format":"standard","meta":[],"categories":[16],"tags":[],"_links":{"self":[{"href":"http:\/\/hoycordobaweb.com\/index.php\/wp-json\/wp\/v2\/posts\/93658"}],"collection":[{"href":"http:\/\/hoycordobaweb.com\/index.php\/wp-json\/wp\/v2\/posts"}],"about":[{"href":"http:\/\/hoycordobaweb.com\/index.php\/wp-json\/wp\/v2\/types\/post"}],"author":[{"embeddable":true,"href":"http:\/\/hoycordobaweb.com\/index.php\/wp-json\/wp\/v2\/users\/1"}],"replies":[{"embeddable":true,"href":"http:\/\/hoycordobaweb.com\/index.php\/wp-json\/wp\/v2\/comments?post=93658"}],"version-history":[{"count":0,"href":"http:\/\/hoycordobaweb.com\/index.php\/wp-json\/wp\/v2\/posts\/93658\/revisions"}],"wp:featuredmedia":[{"embeddable":true,"href":"http:\/\/hoycordobaweb.com\/index.php\/wp-json\/wp\/v2\/media\/93659"}],"wp:attachment":[{"href":"http:\/\/hoycordobaweb.com\/index.php\/wp-json\/wp\/v2\/media?parent=93658"}],"wp:term":[{"taxonomy":"category","embeddable":true,"href":"http:\/\/hoycordobaweb.com\/index.php\/wp-json\/wp\/v2\/categories?post=93658"},{"taxonomy":"post_tag","embeddable":true,"href":"http:\/\/hoycordobaweb.com\/index.php\/wp-json\/wp\/v2\/tags?post=93658"}],"curies":[{"name":"wp","href":"https:\/\/api.w.org\/{rel}","templated":true}]}}