{"id":93655,"date":"2025-01-08T18:51:30","date_gmt":"2025-01-08T18:51:30","guid":{"rendered":"https:\/\/ladecimaweb.com\/?p=30650"},"modified":"2025-01-08T18:51:30","modified_gmt":"2025-01-08T18:51:30","slug":"saquean-una-escuela-de-vicor-en-vacaciones","status":"publish","type":"post","link":"http:\/\/hoycordobaweb.com\/index.php\/2025\/01\/08\/saquean-una-escuela-de-vicor-en-vacaciones\/","title":{"rendered":"Saquean una escuela de Vicor en vacaciones"},"content":{"rendered":"<div class=\"boldgrid-section\">\n<div class=\"container\">\n<div class=\"row\">\n<div class=\"col-md-12 col-xs-12 col-sm-12\">\n<p class=\"\"><span>Vecinos de barrio Vicor denuncian que anoche la escuela Dr Benito Soria fue objeto de un saqueo por parte de autores ignorados.&nbsp;<\/span><\/p>\n<p class=\"\">Seg\u00fan el reporte de los vecinos, se robaron &#8220;todos los ventiladores de las aulas del patio&#8221; -en total ser\u00edan ocho aparatos; y no conformes con el robo, provocaron destrozos en puertas, rejas, portones y un freezer, entre otros.<\/p>\n<p class=\"\"><img loading=\"lazy\" class=\"alignnone wp-image-30652\" src=\"http:\/\/hoycordobaweb.com\/wp-content\/uploads\/2025\/01\/saquean-una-escuela-de-vicor-en-vacaciones.jpg\" alt=\"\" width=\"113\" height=\"251\" srcset=\"http:\/\/hoycordobaweb.com\/wp-content\/uploads\/2025\/01\/saquean-una-escuela-de-vicor-en-vacaciones.jpg 280w, http:\/\/hoycordobaweb.com\/wp-content\/uploads\/2025\/01\/saquean-una-escuela-de-vicor-en-vacaciones-2.jpg 200w\" sizes=\"(max-width: 113px) 100vw, 113px\" \/><\/p>\n<p>Se calcula que los malvivientes ingresaron alrededor de las cuatro de la madrugada de hoy.&nbsp;&nbsp;<\/p>\n<p class=\"\"><span>&#8220;Es una l\u00e1stima q otra vez la escuela sufra un echo de robo y vandalismo de los mismo vecinos&#8221;, coment\u00f3 una mam\u00e1 que pidi\u00f3 reserva de su nombre.<\/span><\/p>\n<p class=\"\"><img loading=\"lazy\" class=\"alignnone wp-image-30651\" src=\"http:\/\/hoycordobaweb.com\/wp-content\/uploads\/2025\/01\/saquean-una-escuela-de-vicor-en-vacaciones-1.jpg\" alt=\"\" width=\"111\" height=\"247\" srcset=\"http:\/\/hoycordobaweb.com\/wp-content\/uploads\/2025\/01\/saquean-una-escuela-de-vicor-en-vacaciones-3.jpg 280w, http:\/\/hoycordobaweb.com\/wp-content\/uploads\/2025\/01\/saquean-una-escuela-de-vicor-en-vacaciones-4.jpg 200w\" sizes=\"(max-width: 111px) 100vw, 111px\" \/><\/p>\n<p class=\"\"><span>Y continu\u00f3: &#8220;El a\u00f1o pasado sufrimos el robo del dinero recaudado por la cooperadora donde las responsables -retiradas del cargo- fueron las directoras que jam\u00e1s dieron una explicaci\u00f3n a la comunidad de padres que con tanto esfuerzo abona la inscripci\u00f3n&#8221;.&nbsp;<\/span><\/p>\n<p class=\"\">&nbsp;<\/p>\n<div class=\"ubm_banner\"><a href=\"https:\/\/www.cba.gov.ar\/dengue\/\" target=\"_blank\" rel=\"dofollow noopener noreferrer\"><img src=\"http:\/\/hoycordobaweb.com\/wp-content\/uploads\/2025\/01\/saquean-una-escuela-de-vicor-en-vacaciones.gif\" alt=\"\"><\/a><\/div>\n<\/div>\n<\/div>\n<\/div>\n<\/div>\n<p>La entrada <a rel=\"nofollow\" href=\"https:\/\/ladecimaweb.com\/saquean-una-escuela-de-vicor-en-vacaciones\/\">Saquean una escuela de Vicor en vacaciones<\/a> se public\u00f3 primero en <a rel=\"nofollow\" href=\"https:\/\/ladecimaweb.com\">LaDecima<\/a>.<\/p>\n","protected":false},"excerpt":{"rendered":"<p>Vecinos de barrio Vicor denuncian que anoche la escuela Dr Benito Soria fue objeto de un saqueo por parte de autores ignorados.&nbsp; Seg\u00fan el reporte de los vecinos, se robaron &#8220;todos los ventiladores de las aulas del patio&#8221; -en total ser\u00edan ocho aparatos; y no conformes con el robo, provocaron destrozos en puertas, rejas, portones [&hellip;]<\/p>\n","protected":false},"author":1,"featured_media":0,"comment_status":"closed","ping_status":"closed","sticky":false,"template":"","format":"standard","meta":[],"categories":[32],"tags":[],"_links":{"self":[{"href":"http:\/\/hoycordobaweb.com\/index.php\/wp-json\/wp\/v2\/posts\/93655"}],"collection":[{"href":"http:\/\/hoycordobaweb.com\/index.php\/wp-json\/wp\/v2\/posts"}],"about":[{"href":"http:\/\/hoycordobaweb.com\/index.php\/wp-json\/wp\/v2\/types\/post"}],"author":[{"embeddable":true,"href":"http:\/\/hoycordobaweb.com\/index.php\/wp-json\/wp\/v2\/users\/1"}],"replies":[{"embeddable":true,"href":"http:\/\/hoycordobaweb.com\/index.php\/wp-json\/wp\/v2\/comments?post=93655"}],"version-history":[{"count":0,"href":"http:\/\/hoycordobaweb.com\/index.php\/wp-json\/wp\/v2\/posts\/93655\/revisions"}],"wp:attachment":[{"href":"http:\/\/hoycordobaweb.com\/index.php\/wp-json\/wp\/v2\/media?parent=93655"}],"wp:term":[{"taxonomy":"category","embeddable":true,"href":"http:\/\/hoycordobaweb.com\/index.php\/wp-json\/wp\/v2\/categories?post=93655"},{"taxonomy":"post_tag","embeddable":true,"href":"http:\/\/hoycordobaweb.com\/index.php\/wp-json\/wp\/v2\/tags?post=93655"}],"curies":[{"name":"wp","href":"https:\/\/api.w.org\/{rel}","templated":true}]}}