{"id":93651,"date":"2025-01-09T02:47:13","date_gmt":"2025-01-09T02:47:13","guid":{"rendered":"http:\/\/hoycordobaweb.com\/index.php\/2025\/01\/09\/argentina-pone-en-duda-su-presencia-en-el-sub-20-de-venezuela-efe\/"},"modified":"2025-01-09T02:47:13","modified_gmt":"2025-01-09T02:47:13","slug":"argentina-pone-en-duda-su-presencia-en-el-sub-20-de-venezuela-efe","status":"publish","type":"post","link":"http:\/\/hoycordobaweb.com\/index.php\/2025\/01\/09\/argentina-pone-en-duda-su-presencia-en-el-sub-20-de-venezuela-efe\/","title":{"rendered":"<b>Argentina<\/b> pone en duda su presencia en el sub-20 de Venezuela &#8211; EFE"},"content":{"rendered":"<p>La AFA ratifica la participaci\u00f3n de la Albiceleste. El jefe de Prensa de la Asociaci\u00f3n del <b>F\u00fatbol Argentino<\/b> (AFA), Nicol\u00e1s Novello, ratific\u00f3 que la&nbsp;&#8230; <\/p>\n","protected":false},"excerpt":{"rendered":"<p>La AFA ratifica la participaci\u00f3n de la Albiceleste. El jefe de Prensa de la Asociaci\u00f3n del F\u00fatbol Argentino (AFA), Nicol\u00e1s Novello, ratific\u00f3 que la&nbsp;&#8230;<\/p>\n","protected":false},"author":1,"featured_media":0,"comment_status":"closed","ping_status":"closed","sticky":false,"template":"","format":"standard","meta":[],"categories":[22],"tags":[],"_links":{"self":[{"href":"http:\/\/hoycordobaweb.com\/index.php\/wp-json\/wp\/v2\/posts\/93651"}],"collection":[{"href":"http:\/\/hoycordobaweb.com\/index.php\/wp-json\/wp\/v2\/posts"}],"about":[{"href":"http:\/\/hoycordobaweb.com\/index.php\/wp-json\/wp\/v2\/types\/post"}],"author":[{"embeddable":true,"href":"http:\/\/hoycordobaweb.com\/index.php\/wp-json\/wp\/v2\/users\/1"}],"replies":[{"embeddable":true,"href":"http:\/\/hoycordobaweb.com\/index.php\/wp-json\/wp\/v2\/comments?post=93651"}],"version-history":[{"count":0,"href":"http:\/\/hoycordobaweb.com\/index.php\/wp-json\/wp\/v2\/posts\/93651\/revisions"}],"wp:attachment":[{"href":"http:\/\/hoycordobaweb.com\/index.php\/wp-json\/wp\/v2\/media?parent=93651"}],"wp:term":[{"taxonomy":"category","embeddable":true,"href":"http:\/\/hoycordobaweb.com\/index.php\/wp-json\/wp\/v2\/categories?post=93651"},{"taxonomy":"post_tag","embeddable":true,"href":"http:\/\/hoycordobaweb.com\/index.php\/wp-json\/wp\/v2\/tags?post=93651"}],"curies":[{"name":"wp","href":"https:\/\/api.w.org\/{rel}","templated":true}]}}