{"id":93650,"date":"2025-01-09T03:51:16","date_gmt":"2025-01-09T03:51:16","guid":{"rendered":"http:\/\/hoycordobaweb.com\/index.php\/2025\/01\/09\/bullrich-dijo-que-argentina-no-ira-al-sudamericano-sub-20-de-futbol-en-venezuela\/"},"modified":"2025-01-09T03:51:16","modified_gmt":"2025-01-09T03:51:16","slug":"bullrich-dijo-que-argentina-no-ira-al-sudamericano-sub-20-de-futbol-en-venezuela","status":"publish","type":"post","link":"http:\/\/hoycordobaweb.com\/index.php\/2025\/01\/09\/bullrich-dijo-que-argentina-no-ira-al-sudamericano-sub-20-de-futbol-en-venezuela\/","title":{"rendered":"Bullrich dijo que <b>Argentina<\/b> no ir\u00e1 al Sudamericano Sub 20 de <b>f\u00fatbol<\/b> en Venezuela"},"content":{"rendered":"<p>La ministra de Seguridad, Patricia Bullrich, afirm\u00f3 que el Gobierno tiene decidido no enviar a la Selecci\u00f3n <b>Argentina<\/b> de <b>F\u00fatbol<\/b> a disputar el&nbsp;&#8230; <\/p>\n","protected":false},"excerpt":{"rendered":"<p>La ministra de Seguridad, Patricia Bullrich, afirm\u00f3 que el Gobierno tiene decidido no enviar a la Selecci\u00f3n Argentina de F\u00fatbol a disputar el&nbsp;&#8230;<\/p>\n","protected":false},"author":1,"featured_media":0,"comment_status":"closed","ping_status":"closed","sticky":false,"template":"","format":"standard","meta":[],"categories":[22],"tags":[],"_links":{"self":[{"href":"http:\/\/hoycordobaweb.com\/index.php\/wp-json\/wp\/v2\/posts\/93650"}],"collection":[{"href":"http:\/\/hoycordobaweb.com\/index.php\/wp-json\/wp\/v2\/posts"}],"about":[{"href":"http:\/\/hoycordobaweb.com\/index.php\/wp-json\/wp\/v2\/types\/post"}],"author":[{"embeddable":true,"href":"http:\/\/hoycordobaweb.com\/index.php\/wp-json\/wp\/v2\/users\/1"}],"replies":[{"embeddable":true,"href":"http:\/\/hoycordobaweb.com\/index.php\/wp-json\/wp\/v2\/comments?post=93650"}],"version-history":[{"count":0,"href":"http:\/\/hoycordobaweb.com\/index.php\/wp-json\/wp\/v2\/posts\/93650\/revisions"}],"wp:attachment":[{"href":"http:\/\/hoycordobaweb.com\/index.php\/wp-json\/wp\/v2\/media?parent=93650"}],"wp:term":[{"taxonomy":"category","embeddable":true,"href":"http:\/\/hoycordobaweb.com\/index.php\/wp-json\/wp\/v2\/categories?post=93650"},{"taxonomy":"post_tag","embeddable":true,"href":"http:\/\/hoycordobaweb.com\/index.php\/wp-json\/wp\/v2\/tags?post=93650"}],"curies":[{"name":"wp","href":"https:\/\/api.w.org\/{rel}","templated":true}]}}