{"id":93566,"date":"2025-01-08T00:37:00","date_gmt":"2025-01-08T00:37:00","guid":{"rendered":"https:\/\/www.ole.com.ar\/boca-juniors\/pol-fernandez-presentacion-firma-fortaleza-set-fotos-contrato-ex-boca_0_f5uCnizkOS.html"},"modified":"2025-01-08T00:37:00","modified_gmt":"2025-01-08T00:37:00","slug":"de-boca-a-brasil-pol-fernandez-fue-presentado-en-fortaleza-con-una-sesion-de-fotos-muy-especial","status":"publish","type":"post","link":"http:\/\/hoycordobaweb.com\/index.php\/2025\/01\/08\/de-boca-a-brasil-pol-fernandez-fue-presentado-en-fortaleza-con-una-sesion-de-fotos-muy-especial\/","title":{"rendered":"De Boca a Brasil: Pol Fern\u00e1ndez fue presentado en Fortaleza con una sesi\u00f3n de fotos muy especial"},"content":{"rendered":"<p><img src=\"http:\/\/hoycordobaweb.com\/wp-content\/uploads\/2025\/01\/de-boca-a-brasil-pol-fernandez-fue-presentado-en-fortaleza-con-una-sesion-de-fotos-muy-especial.jpg\"><\/p>\n<p><time class=\"createDate\" datetime=\"2025-01-07T21:37:00-03:00\">07\/01\/2025 21:37hs.<\/time><\/p>\n<div id=\"storyBody\">\n<div class=\"custom-text \" readability=\"37.150395778364\">\n<p>El martes 31 de diciembre <strong><a href=\"https:\/\/www.ole.com.ar\/tema\/pol-fernandez.html\" title=\"Pol Fern\u00e1ndez\" alt=\"Pol Fern\u00e1ndez\" class=\"slug\">Pol Fern\u00e1ndez<\/a><\/strong> finaliz\u00f3 su v\u00ednculo contractual con <strong><a href=\"https:\/\/www.ole.com.ar\/tema\/boca-juniors.html\" title=\"Boca Juniors\" alt=\"Boca Juniors\" class=\"slug\">Boca<\/a><\/strong>, poniendo fin a sus cinco a\u00f1os en el Xeneize. Y ahora, el mediocampista de 33 a\u00f1os tuvo <strong>su presentaci\u00f3n oficial en <a href=\"https:\/\/www.ole.com.ar\/tema\/fortaleza.html\" title=\"Fortaleza\" alt=\"Fortaleza\" class=\"slug\">Fortaleza<\/a>, en donde pos\u00f3 con la camiseta del conjunto brasilero, e incluso fue el protagonista de una sesi\u00f3n de fotos muy especial. M\u00e1s tarde, firm\u00f3 su contrato con el club.<\/strong><\/p>\n<\/div>\n<div class=\"custom-text \" readability=\"38\">\n<p>La llegada del jugador a Brasil ya era un hecho conocido desde septiembre, cuando lo anunci\u00f3 Juan Pablo Vojvoda en conferencia. Sin embargo, no fue hasta el 1 de enero de 2025 que Fortaleza anunci\u00f3 en sus redes sociales el fichaje de su nuevo refuerzo en el mediocampo. <strong>Y ahora, finalmente pudo formalizarse su presentaci\u00f3n oficial.<\/strong><\/p>\n<\/div>\n<div class=\"custom-text \" readability=\"38\">\n<p>Este lunes, Pol pis\u00f3 el c\u00e9sped del estadio que ser\u00e1 su nueva casa. Fortaleza public\u00f3 en sus redes sociales im\u00e1genes del futbolista recorriendo las instalaciones y posando con la camiseta con los colores del club. <strong>Pero tambi\u00e9n<\/strong> <strong>la familia de Pol estuvo presente y particip\u00f3 de un set de fotos muy especial.<\/strong> Al igual que en su despedida de Boca en pleno c\u00e9sped de la Bombonera, el volante fue presentado junto a su pareja, su hija mayor y su hijo menor.<\/p>\n<\/div>\n<div class=\"sc-e7b891c4-0 ifHnQL image-embed\"><img alt=\"Pol Fern\u00e1ndez junto a su familia, en su presentaci\u00f3n con Fortaleza.\" loading=\"lazy\" width=\"720\" height=\"100\" decoding=\"async\" data-nimg=\"1\" src=\"http:\/\/hoycordobaweb.com\/wp-content\/uploads\/2025\/01\/de-boca-a-brasil-pol-fernandez-fue-presentado-en-fortaleza-con-una-sesion-de-fotos-muy-especial-2.jpg\"><span class=\"epigraphe\">Pol Fern\u00e1ndez junto a su familia, en su presentaci\u00f3n con Fortaleza.<\/span><\/div>\n<div class=\"sc-e7b891c4-0 ifHnQL image-embed\"><img alt=\"Pol Fern\u00e1ndez junto a su hijo, en su presentaci\u00f3n con Fortaleza.\" loading=\"lazy\" width=\"720\" height=\"100\" decoding=\"async\" data-nimg=\"1\" src=\"http:\/\/hoycordobaweb.com\/wp-content\/uploads\/2025\/01\/de-boca-a-brasil-pol-fernandez-fue-presentado-en-fortaleza-con-una-sesion-de-fotos-muy-especial-3.jpg\"><span class=\"epigraphe\">Pol Fern\u00e1ndez junto a su hijo, en su presentaci\u00f3n con Fortaleza.<\/span><\/div>\n<div class=\"sc-e7b891c4-0 ifHnQL image-embed\"><img alt=\"La hija de Pol Fern\u00e1ndez, en la presentaci\u00f3n del volante en Fortaleza.\" loading=\"lazy\" width=\"720\" height=\"100\" decoding=\"async\" data-nimg=\"1\" src=\"http:\/\/hoycordobaweb.com\/wp-content\/uploads\/2025\/01\/de-boca-a-brasil-pol-fernandez-fue-presentado-en-fortaleza-con-una-sesion-de-fotos-muy-especial-4.jpg\"><span class=\"epigraphe\">La hija de Pol Fern\u00e1ndez, en la presentaci\u00f3n del volante en Fortaleza.<\/span><\/div>\n<div class=\"custom-text \" readability=\"38\">\n<p><strong>\u00abRegistros de nuestro nuevo refuerzo conociendo el Centro de Excelencia Alcides Santos\u00bb<\/strong>; escribi\u00f3 el club en su cuenta de Instagram. Luego, <strong>firm\u00f3 su contrato por tres a\u00f1os (hasta 2028)<\/strong> con el equipo que participar\u00e1 de la pr\u00f3xima edici\u00f3n de la Copa Libertadores, tras haber finalizado en la cuarta posici\u00f3n del Brasileirao. Ahora, <strong>compartir\u00e1 plantel con otros ex Boca como Eros Mancuso y Tom\u00e1s Pochettino.<\/strong><\/p>\n<\/div>\n<div class=\"custom-text \" readability=\"35\">\n<p>Adem\u00e1s, <strong>el club public\u00f3 un video del volante saludando a los hinchas desde el vestuario,<\/strong> y en donde se puede apreciar el propio locker del futbolista con su nombre y hasta incluso su foto.<\/p>\n<\/div>\n<div class=\"sc-734b4696-1 kFfZtB\">\n<div class=\"sc-d00d9e74-0 hnHYbk\" type=\"embed\">\n<div class=\"sc-d00d9e74-1 iKVbz videoText\" id=\"contentTitleembedL37JDQkt\" type=\"embed\"><svg fill=\"#ffffff\"><symbol id=\"play\" viewBox=\"0 0 512 512\"><path d=\"M512 256C512 397.4 397.4 512 256 512C114.6 512 0 397.4 0 256C0 114.6 114.6 0 256 0C397.4 0 512 114.6 512 256zM176 168V344C176 352.7 180.7 360.7 188.3 364.9C195.8 369.2 205.1 369 212.5 364.5L356.5 276.5C363.6 272.1 368 264.4 368 256C368 247.6 363.6 239.9 356.5 235.5L212.5 147.5C205.1 142.1 195.8 142.8 188.3 147.1C180.7 151.3 176 159.3 176 168V168z\" \/><\/symbol><use xlink:href=\"#play\" \/><\/svg><\/p>\n<div class=\"right\">\n<p>Boca Juniors<!-- --> &#8211; <span>&nbsp;<\/span><\/p>\n<h2 class=\"title-vid\">Pol Fern\u00e1ndez salud\u00f3 a los hinchas de Fortaleza en su presentaci\u00f3n oficial.<\/h2>\n<\/div>\n<\/div>\n<p><span class=\"back\" id=\"spanBackembedL37JDQkt\"><\/span><\/div>\n<div class=\"JWvideoNota_title\">\n<p>Video: Fortaleza<\/p>\n<\/div>\n<\/div>\n<p><h2><strong>EL MENSAJE DE POL FERN\u00c1NDEZ A LA HINCHADA DE FORTALEZA<\/strong><\/h2>\n<\/p>\n<div class=\"custom-text \" readability=\"39\">\n<p>Cuando se confirm\u00f3 su llegada, el club subi\u00f3 un video de Pol dirigi\u00e9ndose directamente a la hinchada Tricolor: <strong>\u00abHola torcida, que gusto poder saludarlos. les quer\u00eda contar que estoy muy ilusionado de empezar esta etapa juntos. Me voy a brindar al 100% para poder cumplir los objetivos. Pol Fern\u00e1ndez, ahora es un Leao\u00bb<\/strong>, fueron las primeras palabras del jugador. <\/p>\n<\/div>\n<p><h2><strong>M\u00c1S FOTOS DE POL FERN\u00c1NDEZ EN SU PRESENTACI\u00d3N OFICIAL<\/strong><\/h2>\n<\/p>\n<div class=\"sc-e7b891c4-0 ifHnQL image-embed\"><img alt=\"Pol Fern\u00e1ndez firmando su contrato con Fortaleza.\" loading=\"lazy\" width=\"720\" height=\"100\" decoding=\"async\" data-nimg=\"1\" src=\"http:\/\/hoycordobaweb.com\/wp-content\/uploads\/2025\/01\/de-boca-a-brasil-pol-fernandez-fue-presentado-en-fortaleza-con-una-sesion-de-fotos-muy-especial-5.jpg\"><span class=\"epigraphe\">Pol Fern\u00e1ndez firmando su contrato con Fortaleza.<\/span><\/div>\n<div class=\"sc-e7b891c4-0 ifHnQL image-embed\"><img alt=\"Pol Fern\u00e1ndez fue presentado como nuevo jugador de Fortaleza, en Brasil.\" loading=\"lazy\" width=\"720\" height=\"100\" decoding=\"async\" data-nimg=\"1\" src=\"http:\/\/hoycordobaweb.com\/wp-content\/uploads\/2025\/01\/de-boca-a-brasil-pol-fernandez-fue-presentado-en-fortaleza-con-una-sesion-de-fotos-muy-especial-6.jpg\"><span class=\"epigraphe\">Pol Fern\u00e1ndez fue presentado como nuevo jugador de Fortaleza, en Brasil.<\/span><\/div>\n<div class=\"sc-a7166897-0 eoLsBE\" readability=\"6\">\n<section readability=\"2\"><picture><img alt=\"Video: as\u00ed se entrena Alan Velasco mientras Boca insiste por \u00e9l\" loading=\"lazy\" width=\"290\" height=\"290\" decoding=\"async\" data-nimg=\"1\" src=\"http:\/\/hoycordobaweb.com\/wp-content\/uploads\/2025\/01\/de-boca-a-brasil-pol-fernandez-fue-presentado-en-fortaleza-con-una-sesion-de-fotos-muy-especial-7.jpg\"><\/picture>\n<p><span>Mir\u00e1 tambi\u00e9n<\/span><\/p>\n<hr>\n<h3>Video: as\u00ed se entrena Alan Velasco mientras Boca insiste por \u00e9l<\/h3>\n<\/p>\n<\/section>\n<\/div>\n<div class=\"sc-a7166897-0 eoLsBE\" readability=\"6.5\">\n<section readability=\"3\"><picture><img alt=\"La confirmaci\u00f3n de una baja importante para Gago en el comienzo del a\u00f1o y para el debut en la Copa\" loading=\"lazy\" width=\"290\" height=\"290\" decoding=\"async\" data-nimg=\"1\" src=\"http:\/\/hoycordobaweb.com\/wp-content\/uploads\/2025\/01\/de-boca-a-brasil-pol-fernandez-fue-presentado-en-fortaleza-con-una-sesion-de-fotos-muy-especial-8.jpg\"><\/picture>\n<p><span>Mir\u00e1 tambi\u00e9n<\/span><\/p>\n<hr>\n<h3>La confirmaci\u00f3n de una baja importante para Gago en el comienzo del a\u00f1o y para el debut en la Copa<\/h3>\n<\/p>\n<\/section>\n<\/div>\n<div class=\"sc-a7166897-0 eoLsBE\" readability=\"6\">\n<section readability=\"2\"><picture><img alt=\"Ander f\u00fatbol show: el refuerzo que quiere Boca y una carrera rodeado de estrellas\" loading=\"lazy\" width=\"290\" height=\"290\" decoding=\"async\" data-nimg=\"1\" src=\"http:\/\/hoycordobaweb.com\/wp-content\/uploads\/2025\/01\/de-boca-a-brasil-pol-fernandez-fue-presentado-en-fortaleza-con-una-sesion-de-fotos-muy-especial-9.jpg\"><\/picture>\n<p><span>Mir\u00e1 tambi\u00e9n<\/span><\/p>\n<hr>\n<h3>Ander f\u00fatbol show: el refuerzo que quiere Boca y una carrera rodeado de estrellas<\/h3>\n<\/p>\n<\/section>\n<\/div>\n<div class=\"sc-a7166897-0 eoLsBE\" readability=\"6\">\n<section readability=\"2\"><picture><img alt=\"Alerta Boca: Chiquito Romero debe ser operado y el Consejo buscar\u00e1 otro arquero\" loading=\"lazy\" width=\"290\" height=\"290\" decoding=\"async\" data-nimg=\"1\" src=\"http:\/\/hoycordobaweb.com\/wp-content\/uploads\/2025\/01\/de-boca-a-brasil-pol-fernandez-fue-presentado-en-fortaleza-con-una-sesion-de-fotos-muy-especial-10.jpg\"><\/picture>\n<p><span>Mir\u00e1 tambi\u00e9n<\/span><\/p>\n<hr>\n<h3>Alerta Boca: Chiquito Romero debe ser operado y el Consejo buscar\u00e1 otro arquero<\/h3>\n<\/p>\n<\/section>\n<\/div>\n<div class=\"sc-a7166897-0 eoLsBE\" readability=\"6\">\n<section readability=\"2\"><picture><img alt=\"Boca ya tiene d\u00eda para su debut en Copa Argentina\" loading=\"lazy\" width=\"290\" height=\"290\" decoding=\"async\" data-nimg=\"1\" src=\"http:\/\/hoycordobaweb.com\/wp-content\/uploads\/2025\/01\/de-boca-a-brasil-pol-fernandez-fue-presentado-en-fortaleza-con-una-sesion-de-fotos-muy-especial-11.jpg\"><\/picture>\n<p><span>Mir\u00e1 tambi\u00e9n<\/span><\/p>\n<hr>\n<h3>Boca ya tiene d\u00eda para su debut en Copa Argentina<\/h3>\n<\/p>\n<\/section>\n<\/div>\n<div class=\"sc-a7166897-0 eoLsBE\" readability=\"6.5\">\n<section readability=\"3\"><picture><img alt=\"Otro bombazo de Foster Gillett: quiere sacarle a Velasco a Boca y llevarlo a Estudiantes\" loading=\"lazy\" width=\"290\" height=\"290\" decoding=\"async\" data-nimg=\"1\" src=\"http:\/\/hoycordobaweb.com\/wp-content\/uploads\/2025\/01\/de-boca-a-brasil-pol-fernandez-fue-presentado-en-fortaleza-con-una-sesion-de-fotos-muy-especial-12.jpg\"><\/picture>\n<p><span>Mir\u00e1 tambi\u00e9n<\/span><\/p>\n<hr>\n<h3>Otro bombazo de Foster Gillett: quiere sacarle a Velasco a Boca y llevarlo a Estudiantes<\/h3>\n<\/p>\n<\/section>\n<\/div>\n<div class=\"sc-a7166897-0 eoLsBE\" readability=\"6.5\">\n<section readability=\"3\"><picture><img alt=\"C\u00f3mo qued\u00f3 el calendario completo de Boca hasta el final de las fases previas de la Copa Libertadores\" loading=\"lazy\" width=\"290\" height=\"290\" decoding=\"async\" data-nimg=\"1\" src=\"http:\/\/hoycordobaweb.com\/wp-content\/uploads\/2025\/01\/de-boca-a-brasil-pol-fernandez-fue-presentado-en-fortaleza-con-una-sesion-de-fotos-muy-especial-13.jpg\"><\/picture>\n<p><span>Mir\u00e1 tambi\u00e9n<\/span><\/p>\n<hr>\n<h3>C\u00f3mo qued\u00f3 el calendario completo de Boca hasta el final de las fases previas de la Copa Libertadores<\/h3>\n<\/p>\n<\/section>\n<\/div>\n<\/div>\n","protected":false},"excerpt":{"rendered":"<p>07\/01\/2025 21:37hs. El martes 31 de diciembre Pol Fern\u00e1ndez finaliz\u00f3 su v\u00ednculo contractual con Boca, poniendo fin a sus cinco a\u00f1os en el Xeneize. Y ahora, el mediocampista de 33 a\u00f1os tuvo su presentaci\u00f3n oficial en Fortaleza, en donde pos\u00f3 con la camiseta del conjunto brasilero, e incluso fue el protagonista de una sesi\u00f3n de [&hellip;]<\/p>\n","protected":false},"author":1,"featured_media":93567,"comment_status":"open","ping_status":"closed","sticky":false,"template":"","format":"standard","meta":[],"categories":[16],"tags":[],"_links":{"self":[{"href":"http:\/\/hoycordobaweb.com\/index.php\/wp-json\/wp\/v2\/posts\/93566"}],"collection":[{"href":"http:\/\/hoycordobaweb.com\/index.php\/wp-json\/wp\/v2\/posts"}],"about":[{"href":"http:\/\/hoycordobaweb.com\/index.php\/wp-json\/wp\/v2\/types\/post"}],"author":[{"embeddable":true,"href":"http:\/\/hoycordobaweb.com\/index.php\/wp-json\/wp\/v2\/users\/1"}],"replies":[{"embeddable":true,"href":"http:\/\/hoycordobaweb.com\/index.php\/wp-json\/wp\/v2\/comments?post=93566"}],"version-history":[{"count":0,"href":"http:\/\/hoycordobaweb.com\/index.php\/wp-json\/wp\/v2\/posts\/93566\/revisions"}],"wp:featuredmedia":[{"embeddable":true,"href":"http:\/\/hoycordobaweb.com\/index.php\/wp-json\/wp\/v2\/media\/93567"}],"wp:attachment":[{"href":"http:\/\/hoycordobaweb.com\/index.php\/wp-json\/wp\/v2\/media?parent=93566"}],"wp:term":[{"taxonomy":"category","embeddable":true,"href":"http:\/\/hoycordobaweb.com\/index.php\/wp-json\/wp\/v2\/categories?post=93566"},{"taxonomy":"post_tag","embeddable":true,"href":"http:\/\/hoycordobaweb.com\/index.php\/wp-json\/wp\/v2\/tags?post=93566"}],"curies":[{"name":"wp","href":"https:\/\/api.w.org\/{rel}","templated":true}]}}