{"id":93471,"date":"2025-01-06T23:58:06","date_gmt":"2025-01-06T23:58:06","guid":{"rendered":"https:\/\/www.ole.com.ar\/futbol-internacional\/italia\/lautaro-duro-final-perdida-milan-supercopa-arabia-queda-noche_0_gXrvLk7lT4.html"},"modified":"2025-01-06T23:58:06","modified_gmt":"2025-01-06T23:58:06","slug":"lautaro-duro-tras-la-final-perdida-ante-el-milan-es-dificil-de-explicar","status":"publish","type":"post","link":"http:\/\/hoycordobaweb.com\/index.php\/2025\/01\/06\/lautaro-duro-tras-la-final-perdida-ante-el-milan-es-dificil-de-explicar\/","title":{"rendered":"Lautaro, duro tras la final perdida ante el Milan: \u00abEs dif\u00edcil de explicar\u00bb"},"content":{"rendered":"<p><img src=\"http:\/\/hoycordobaweb.com\/wp-content\/uploads\/2025\/01\/lautaro-duro-tras-la-final-perdida-ante-el-milan-es-dificil-de-explicar.jpg\"><\/p>\n<p><time class=\"createDate\" datetime=\"2025-01-06T20:58:06-03:00\">06\/01\/2025 20:58hs.<\/time><\/p>\n<div id=\"storyBody\">\n<div class=\"custom-text \" readability=\"33.440217391304\">\n<p>Lo del <strong><a href=\"https:\/\/www.ole.com.ar\/tema\/inter.html\" title=\"Inter\" alt=\"Inter\" class=\"slug\">Inter<\/a><\/strong> por la <strong><a href=\"https:\/\/www.ole.com.ar\/tema\/supercopa-italia.html\" title=\"Supercopa Italia\" alt=\"Supercopa Italia\" class=\"slug\">Supercopa de Italia<\/a><\/strong> quedar\u00e1 en el recuerdo por mucho tiempo, y no por los mejores motivos. El Nerazzurri le ganaba 2 a 0 a su cl\u00e1sico rival, el <strong><a href=\"https:\/\/www.ole.com.ar\/tema\/milan.html\" title=\"Milan\" alt=\"Milan\" class=\"slug\">Milan<\/a><\/strong>, por la final, y perdi\u00f3 en tiempo de descuento por <a href=\"https:\/\/www.ole.com.ar\/futbol-internacional\/italia\/inter-milan-supercopa-italia-lautaro-martinez_0_RONlmGsKT4.html\" title=\"3 a 2 en un partido ins\u00f3lito\" alt=\"3 a 2 en un partido ins\u00f3lito\">3 a 2 en un partido ins\u00f3lito<\/a>; luego del encuentro, <strong><a href=\"https:\/\/www.ole.com.ar\/tema\/lautaro-martinez.html\" target=\"_blank\" title=\"Lautaro Mart\u00ednez\" alt=\"Lautaro Mart\u00ednez\" class=\"slug\" rel=\"noopener noreferrer\">Lautaro Mart\u00ednez<\/a>, que fue capit\u00e1n e hizo un golazo, analiz\u00f3 el partido con dureza. Mir\u00e1.<\/strong><\/p>\n<\/div>\n<div class=\"custom-text \" readability=\"39\">\n<p><strong>\u00ab\u00bfQu\u00e9 queda de esta noche?\u00bb<\/strong>, fue la pregunta de apertura, que recibi\u00f3 una tajante respuesta del Toro: <strong>\u00abNada\u00bb<\/strong>. A pesar de la dura contestaci\u00f3n, el capit\u00e1n del equipo interista rescata que <strong>\u00aben el primer tiempo hicimos algo\u00bb<\/strong> y que <strong>\u00aben la segunda parte salimos de forma correcta\u00bb<\/strong>; los n\u00fameros acuerdan con el goleador, en lo que rescata y en lo que critica.<\/p>\n<\/div>\n<div class=\"custom-text \" readability=\"37\">\n<p><strong>\u00abA partir del 2-0 el Inter dej\u00f3 de jugar, de seguir teniendo la intensidad que tuvo hasta ese momento\u00bb<\/strong>, observ\u00f3 Il Capitano y con raz\u00f3n: el tanto de Mehdi Taremi pareci\u00f3 darle al Rossonero un punto de confianza m\u00e1s. El an\u00e1lisis final del Toro resume el encuentro: <strong>\u00abEn este tipo de partidos lo pagas\u00bb.<\/strong><\/p>\n<\/div>\n<div class=\"custom-text \" readability=\"42.191222570533\">\n<p>Para Lautaro, no fue un cuesti\u00f3n de ambici\u00f3n, sino de efectividad: \u00ab<strong>No s\u00e9 qu\u00e9 marc\u00f3 la diferencia, el hambre en una final siempre est\u00e1 ah\u00ed<\/strong>. Seguimos jugando nosotros, fallamos algunas situaciones de gol, despu\u00e9s del 2-2 con <strong>Frattesi<\/strong>, luego con <strong><a href=\"https:\/\/www.ole.com.ar\/tema\/denzel-dumfries.html\" title=\"Denzel Dumfries\" alt=\"Denzel Dumfries\" class=\"slug\">Denzel<\/a><\/strong>, con <strong>Mkhitaryan<\/strong>, despu\u00e9s <strong>la m\u00eda&#8230; Oportunidades tuvimos<\/strong>\u00ab.<\/p>\n<\/div>\n<div class=\"sc-e7b891c4-0 ifHnQL image-embed\"><img alt=\"La euforia de Lautaro y compa\u00f1\u00eda tras su golazo para el 1 a 0 parcial. (REUTERS).\" loading=\"lazy\" width=\"720\" height=\"100\" decoding=\"async\" data-nimg=\"1\" src=\"http:\/\/hoycordobaweb.com\/wp-content\/uploads\/2025\/01\/lautaro-duro-tras-la-final-perdida-ante-el-milan-es-dificil-de-explicar-2.jpg\"><span class=\"epigraphe\">La euforia de Lautaro y compa\u00f1\u00eda tras su golazo para el 1 a 0 parcial. (REUTERS).<\/span><\/div>\n<div class=\"custom-text \" readability=\"40\">\n<p>\u00abLas incidencias cambian los partidos, no supimos aprovechar nuestras oportunidades y perdimos el partido. <strong>No s\u00e9 si perdimos merecidamente o no, pero el Milan nunca dej\u00f3 de creer y sin duda merece el cr\u00e9dito<\/strong>\u00ab, reconoci\u00f3 el Toro, con la cinta bien puesta, d\u00e1ndole cr\u00e9dito a un rival que sostuvo la intensidad hasta el \u00faltimo segundo.<\/p>\n<\/div>\n<div class=\"custom-text \" readability=\"38\">\n<p><strong>\u00abEs dif\u00edcil de explicar (lo que pas\u00f3). Lo primero que me viene a la cabeza es sin duda la atenci\u00f3n, porque sab\u00edamos que el Milan tiene su mejor arma en el contraataque\u00bb<\/strong>, reconoci\u00f3 Lautaro, marcando una evidencia: los delanteros del Milan vuelan apenas su equipo se hace con la pelota y fue as\u00ed como llegaron el gol del empate y la victoria rossonera.<\/p>\n<\/div>\n<div class=\"custom-text \" readability=\"35.822349570201\">\n<p><strong>\u00abSus jugadores son muy r\u00e1pidos en el contraataque, no estuvimos bien en la marca e incluso en ataque tuvimos ocasiones para cerrar el partido y no lo hicimos. Luego pasan estas cosas\u00bb<\/strong>, se lament\u00f3 el goleador de la <strong><a href=\"https:\/\/www.ole.com.ar\/tema\/seleccion-argentina.html\" title=\"Selecci\u00f3n Argentina\" alt=\"Selecci\u00f3n Argentina\" class=\"slug\">Selecci\u00f3n Argentina<\/a><\/strong>, que se qued\u00f3 en las puertas de levantar su <strong>tercer t\u00edtulo como capit\u00e1n<\/strong> y su octavo desde que lleg\u00f3 a Italia.<\/p>\n<\/div>\n<div class=\"sc-e7b891c4-0 ifHnQL image-embed\"><img alt=\"Manos a la cabeza para Lautaro, un buen resumen del desenlace del partido. (REUTERS).\" loading=\"lazy\" width=\"720\" height=\"100\" decoding=\"async\" data-nimg=\"1\" src=\"http:\/\/hoycordobaweb.com\/wp-content\/uploads\/2025\/01\/lautaro-duro-tras-la-final-perdida-ante-el-milan-es-dificil-de-explicar-3.jpg\"><span class=\"epigraphe\">Manos a la cabeza para Lautaro, un buen resumen del desenlace del partido. (REUTERS).<\/span><\/div>\n<p><h2><strong>Video: el resumen del Milan 3 &#8211; Inter 2<\/strong><\/h2>\n<\/p>\n<div class=\"sc-734b4696-1 kFfZtB\" readability=\"6.5\">\n<div class=\"sc-d00d9e74-0 hnHYbk\" type=\"embed\">\n<div class=\"sc-d00d9e74-1 iKVbz videoText\" id=\"contentTitleembedb0iaVlK3\" type=\"embed\"><svg fill=\"#ffffff\"><symbol id=\"play\" viewBox=\"0 0 512 512\"><path d=\"M512 256C512 397.4 397.4 512 256 512C114.6 512 0 397.4 0 256C0 114.6 114.6 0 256 0C397.4 0 512 114.6 512 256zM176 168V344C176 352.7 180.7 360.7 188.3 364.9C195.8 369.2 205.1 369 212.5 364.5L356.5 276.5C363.6 272.1 368 264.4 368 256C368 247.6 363.6 239.9 356.5 235.5L212.5 147.5C205.1 142.1 195.8 142.8 188.3 147.1C180.7 151.3 176 159.3 176 168V168z\" \/><\/symbol><use xlink:href=\"#play\" \/><\/svg><\/p>\n<div class=\"right\">\n<p>Milan<!-- --> &#8211; <span>&nbsp;<\/span><\/p>\n<h2 class=\"title-vid\">\u00a1Partidazo! El resumen del triunfo 3 a 2 del Milan al Inter por la Supercopa<\/h2>\n<\/div>\n<\/div>\n<p><span class=\"back\" id=\"spanBackembedb0iaVlK3\"><\/span><\/div>\n<div class=\"JWvideoNota_title\" readability=\"8\">\n<p>El equipo de Lautaro Mart\u00ednez empez\u00f3 ganando pero no pudo resistir el resultado en Arabia. (Video: FOX Sports).<\/p>\n<\/div>\n<\/div>\n<div class=\"sc-734b4696-1 kFfZtB\">\n<div class=\"sc-d00d9e74-0 hnHYbk\" type=\"embed\">\n<div class=\"sc-d00d9e74-1 iKVbz videoText\" id=\"contentTitleembedzpaq1KAw\" type=\"embed\"><svg fill=\"#ffffff\"><symbol id=\"play\" viewBox=\"0 0 512 512\"><path d=\"M512 256C512 397.4 397.4 512 256 512C114.6 512 0 397.4 0 256C0 114.6 114.6 0 256 0C397.4 0 512 114.6 512 256zM176 168V344C176 352.7 180.7 360.7 188.3 364.9C195.8 369.2 205.1 369 212.5 364.5L356.5 276.5C363.6 272.1 368 264.4 368 256C368 247.6 363.6 239.9 356.5 235.5L212.5 147.5C205.1 142.1 195.8 142.8 188.3 147.1C180.7 151.3 176 159.3 176 168V168z\" \/><\/symbol><use xlink:href=\"#play\" \/><\/svg><\/p>\n<div class=\"right\">\n<p>Inter milan<!-- --> &#8211; <span>&nbsp;<\/span><\/p>\n<h2 class=\"title-vid\">Gol de Lautaro para el 1 a 0 de Inter<\/h2>\n<\/div>\n<\/div>\n<p><span class=\"back\" id=\"spanBackembedzpaq1KAw\"><\/span><\/div>\n<div class=\"JWvideoNota_title\">\n<p>Video: D Sports.<\/p>\n<\/div>\n<\/div>\n<div class=\"sc-a7166897-0 eoLsBE\" readability=\"6\">\n<section readability=\"2\"><picture><img alt=\"Lautaro Mart\u00ednez: de &quot;su peor&quot; momento al &quot;estoy tranquilo aunque no llegue el gol&quot;\" loading=\"lazy\" width=\"290\" height=\"290\" decoding=\"async\" data-nimg=\"1\" src=\"http:\/\/hoycordobaweb.com\/wp-content\/uploads\/2025\/01\/lautaro-duro-tras-la-final-perdida-ante-el-milan-es-dificil-de-explicar-4.jpg\"><\/picture>\n<p><span>Mir\u00e1 tambi\u00e9n<\/span><\/p>\n<hr>\n<h3>Lautaro Mart\u00ednez: de \u00absu peor\u00bb momento al \u00abestoy tranquilo aunque no llegue el gol\u00bb<\/h3>\n<\/p>\n<\/section>\n<\/div>\n<div class=\"sc-a7166897-0 eoLsBE\" readability=\"7\">\n<section readability=\"4\"><picture><img alt=\"\u00a1Incre\u00edble! Inter ganaba 2 a 0 con un golazo de Lautaro, pero el Milan lo dio vuelta y es campe\u00f3n de la Supercopa\" loading=\"lazy\" width=\"290\" height=\"290\" decoding=\"async\" data-nimg=\"1\" src=\"http:\/\/hoycordobaweb.com\/wp-content\/uploads\/2025\/01\/lautaro-duro-tras-la-final-perdida-ante-el-milan-es-dificil-de-explicar-5.jpg\"><\/picture>\n<p><span>Mir\u00e1 tambi\u00e9n<\/span><\/p>\n<hr>\n<h3>\u00a1Incre\u00edble! Inter ganaba 2 a 0 con un golazo de Lautaro, pero el Milan lo dio vuelta y es campe\u00f3n de la Supercopa<\/h3>\n<\/p>\n<\/section>\n<\/div>\n<div class=\"sc-a7166897-0 eoLsBE\" readability=\"6.5\">\n<section readability=\"3\"><picture><img alt=\"Video: el primer gol de Lautaro en 2025, en la final de la Supercopa \" loading=\"lazy\" width=\"290\" height=\"290\" decoding=\"async\" data-nimg=\"1\" src=\"http:\/\/hoycordobaweb.com\/wp-content\/uploads\/2025\/01\/lautaro-duro-tras-la-final-perdida-ante-el-milan-es-dificil-de-explicar-6.jpg\"><\/picture>\n<p><span>Mir\u00e1 tambi\u00e9n<\/span><\/p>\n<hr>\n<h3>Video: el primer gol de Lautaro en 2025, en la final de la Supercopa <\/h3>\n<\/p>\n<\/section>\n<\/div>\n<\/div>\n","protected":false},"excerpt":{"rendered":"<p>06\/01\/2025 20:58hs. Lo del Inter por la Supercopa de Italia quedar\u00e1 en el recuerdo por mucho tiempo, y no por los mejores motivos. El Nerazzurri le ganaba 2 a 0 a su cl\u00e1sico rival, el Milan, por la final, y perdi\u00f3 en tiempo de descuento por 3 a 2 en un partido ins\u00f3lito; luego del [&hellip;]<\/p>\n","protected":false},"author":1,"featured_media":93472,"comment_status":"open","ping_status":"closed","sticky":false,"template":"","format":"standard","meta":[],"categories":[16],"tags":[],"_links":{"self":[{"href":"http:\/\/hoycordobaweb.com\/index.php\/wp-json\/wp\/v2\/posts\/93471"}],"collection":[{"href":"http:\/\/hoycordobaweb.com\/index.php\/wp-json\/wp\/v2\/posts"}],"about":[{"href":"http:\/\/hoycordobaweb.com\/index.php\/wp-json\/wp\/v2\/types\/post"}],"author":[{"embeddable":true,"href":"http:\/\/hoycordobaweb.com\/index.php\/wp-json\/wp\/v2\/users\/1"}],"replies":[{"embeddable":true,"href":"http:\/\/hoycordobaweb.com\/index.php\/wp-json\/wp\/v2\/comments?post=93471"}],"version-history":[{"count":0,"href":"http:\/\/hoycordobaweb.com\/index.php\/wp-json\/wp\/v2\/posts\/93471\/revisions"}],"wp:featuredmedia":[{"embeddable":true,"href":"http:\/\/hoycordobaweb.com\/index.php\/wp-json\/wp\/v2\/media\/93472"}],"wp:attachment":[{"href":"http:\/\/hoycordobaweb.com\/index.php\/wp-json\/wp\/v2\/media?parent=93471"}],"wp:term":[{"taxonomy":"category","embeddable":true,"href":"http:\/\/hoycordobaweb.com\/index.php\/wp-json\/wp\/v2\/categories?post=93471"},{"taxonomy":"post_tag","embeddable":true,"href":"http:\/\/hoycordobaweb.com\/index.php\/wp-json\/wp\/v2\/tags?post=93471"}],"curies":[{"name":"wp","href":"https:\/\/api.w.org\/{rel}","templated":true}]}}