{"id":93389,"date":"2025-01-06T16:10:52","date_gmt":"2025-01-06T16:10:52","guid":{"rendered":"https:\/\/www.trendencias.com\/mexico\/que-fue-alberto-mayagoitia-galan-telenovelas-que-actuo-a-thalia-que-dejo-television-para-emprender-ambito-salud"},"modified":"2025-01-06T16:10:52","modified_gmt":"2025-01-06T16:10:52","slug":"que-fue-de-alberto-mayagoitia-el-galan-de-telenovelas-que-actuo-junto-a-thalia-y-que-dejo-la-television-para-emprender-en-el-ambito-de-la-salud","status":"publish","type":"post","link":"http:\/\/hoycordobaweb.com\/index.php\/2025\/01\/06\/que-fue-de-alberto-mayagoitia-el-galan-de-telenovelas-que-actuo-junto-a-thalia-y-que-dejo-la-television-para-emprender-en-el-ambito-de-la-salud\/","title":{"rendered":"Qu\u00e9 fue de Alberto Mayagoitia, el gal\u00e1n de telenovelas que actu\u00f3 junto a Thal\u00eda y que dej\u00f3 la televisi\u00f3n para emprender en el \u00e1mbito de la salud"},"content":{"rendered":"<p>La televisi\u00f3n en M\u00e9xico de los a\u00f1os ochenta fue un semillero de talentos para toda Am\u00e9rica Latina, sin embargo, a pesar del gran \u00e9xito que representaron diversas producciones dirigidas en mayor medida al p\u00fablico juvenil, <strong>muchos de estos actores no continuaron<\/strong> en el camino frente a las c\u00e1maras, como lo fue el caso del actor Alberto Mayagoitia, que, despu\u00e9s de probar el \u00e9xito junto a Thal\u00eda, decidi\u00f3 alejarse de la televisi\u00f3n.<\/p>\n<p><!-- BREAK 1 --> <\/p>\n<p>Alberto Mayagoitia fue uno de los rostros m\u00e1s reconocidos de la televisi\u00f3n mexicana durante las d\u00e9cadas de los 80 y 90. Con su carisma y talento, conquist\u00f3 a una generaci\u00f3n de espectadores que lo vieron protagonizar telenovelas, programas de comedia y hasta incursiones en el teatro.<\/p>\n<p><!-- BREAK 2 --><\/p>\n<p>Mayagoitia naci\u00f3 en la Ciudad de M\u00e9xico el 22 de diciembre de 1968. Su debut en la pantalla chica lleg\u00f3 en los a\u00f1os 80, cuando particip\u00f3 en la telenovela \u00abPobre juventud\u00bb (1987), un cl\u00e1sico que marc\u00f3 a toda una generaci\u00f3n.<\/p>\n<p><!-- BREAK 3 --> <\/p>\n<p>sin embargo, sus inicios en el mundo de la actuaci\u00f3n fueron a una edad muy temprana. Con tan solo 14 a\u00f1os, debut\u00f3 en la telenovela \u00abChispita\u00bb, donde su personaje, \u00abEl \u00c1ngel\u00bb, <strong>cautiv\u00f3 al p\u00fablico infantil y juvenil<\/strong>. A partir de ese momento, su carrera fue en ascenso constante, participando en exitosas producciones como \u00abVivir un poco\u00bb, \u00abPobre juventud\u00bb y \u00abAmor en silencio\u00bb.<\/p>\n<p><!-- BREAK 4 --><\/p>\n<div class=\"article-asset article-asset-normal article-asset-center\">\n<div class=\"desvio-container\">\n<div class=\"desvio\">\n<div class=\"desvio-figure js-desvio-figure\"> <a href=\"https:\/\/www.xataka.com.mx\/home\/tirar-papel-a-taza-bano-al-bote-basura-profeco-dice-cual-forma-correcta-desecharlo#mrfhud=true\" class=\"pivot-outboundlink\" target=\"_blank\" data-vars-post-title=\"Tirar el papel a la taza de ba\u00f1o o al bote de basura: PROFECO dice cu\u00e1l es la forma correcta de desecharlo \" rel=\"noopener noreferrer\"> <img loading=\"lazy\" alt=\"Tirar el papel a la taza de ba\u00f1o o al bote de basura: PROFECO dice cu\u00e1l es la forma correcta de desecharlo \" width=\"375\" height=\"142\" src=\"http:\/\/hoycordobaweb.com\/wp-content\/uploads\/2025\/01\/que-fue-de-alberto-mayagoitia-el-galan-de-telenovelas-que-actuo-junto-a-thalia-y-que-dejo-la-television-para-emprender-en-el-ambito-de-la-salud.jpg\"> <\/a> <\/div><\/div><\/div>\n<\/div>\n<p>Sin embargo, fueron las telenovelas \u00abRosa Salvaje\u00bb y \u00abLuz y sombra\u00bb, donde comparti\u00f3 cr\u00e9ditos con la talentosa Thal\u00eda, las que lo catapultaron a la fama internacional. Su qu\u00edmica en pantalla con la cantante y actriz mexicana fue innegable y los convirti\u00f3 en una de las parejas m\u00e1s queridas del p\u00fablico.<\/p>\n<p><!-- BREAK 5 --><\/p>\n<h3><strong>Un giro hacia el teatro<\/strong><\/h3>\n<p>Despu\u00e9s de su \u00e9xito en televisi\u00f3n, Mayagoitia decidi\u00f3 incursionar en el teatro, participando en diversas producciones. Una de las m\u00e1s recordadas fue \u00abVaselina\u00bb, en la que comparti\u00f3 escenario con estrellas <strong>como Ang\u00e9lica Vale y Eduardo Capetillo<\/strong>. Su pasi\u00f3n por las tablas demostr\u00f3 que su talento iba m\u00e1s all\u00e1 de la pantalla chica.<\/p>\n<p><!-- BREAK 6 --> <\/p>\n<p>A lo largo de los a\u00f1os 90, Alberto Mayagoitia consolid\u00f3 su posici\u00f3n como uno de los actores m\u00e1s importantes de la televisi\u00f3n mexicana. Telenovelas como \u00abMadres ego\u00edstas\u00bb, \u00abMarisol\u00bb y \u00abSalud, dinero y amor\u00bb son solo algunas de las producciones que lo tuvieron como protagonista.<\/p>\n<p><!-- BREAK 7 --><\/p>\n<p>Su talento actoral le permiti\u00f3 interpretar una amplia gama de personajes, desde el gal\u00e1n rom\u00e1ntico hasta el villano m\u00e1s despiadado. Su versatilidad y carisma lo convirtieron en un actor muy querido por el p\u00fablico, quien lo admiraba no solo por su belleza, <strong>sino tambi\u00e9n por su talento y profesionalismo<\/strong>.<\/p>\n<p><!-- BREAK 8 --><\/p>\n<p>Para sorpresa de muchos, Alberto Mayagoitia decidi\u00f3 retirarse de la actuaci\u00f3n en el a\u00f1o 2002. Su \u00faltima telenovela fue \u00abComo en el cine\u00bb, una producci\u00f3n inspirada en &#8216;Coyote Ugly&#8217;, donde comparti\u00f3 cr\u00e9ditos con \u00darsula Prats, Ninel Conde y Sergio Mayer, entre otros.<\/p>\n<p><!-- BREAK 9 --><\/p>\n<div class=\"article-asset-image article-asset-normal article-asset-center\">\n<div class=\"asset-content\"> <img class=\"centro_sinmarco\" height=\"608\" width=\"1080\" loading=\"lazy\" decoding=\"async\" sizes=\"100vw\" fetchpriority=\"high\" srcset=\"http:\/\/hoycordobaweb.com\/wp-content\/uploads\/2025\/01\/que-fue-de-alberto-mayagoitia-el-galan-de-telenovelas-que-actuo-junto-a-thalia-y-que-dejo-la-television-para-emprender-en-el-ambito-de-la-salud-1.jpg 450w, http:\/\/hoycordobaweb.com\/wp-content\/uploads\/2025\/01\/que-fue-de-alberto-mayagoitia-el-galan-de-telenovelas-que-actuo-junto-a-thalia-y-que-dejo-la-television-para-emprender-en-el-ambito-de-la-salud-3.jpg 681w, http:\/\/hoycordobaweb.com\/wp-content\/uploads\/2025\/01\/que-fue-de-alberto-mayagoitia-el-galan-de-telenovelas-que-actuo-junto-a-thalia-y-que-dejo-la-television-para-emprender-en-el-ambito-de-la-salud-4.jpg 1024w, http:\/\/hoycordobaweb.com\/wp-content\/uploads\/2025\/01\/que-fue-de-alberto-mayagoitia-el-galan-de-telenovelas-que-actuo-junto-a-thalia-y-que-dejo-la-television-para-emprender-en-el-ambito-de-la-salud-5.jpg 1366w\" src=\"http:\/\/hoycordobaweb.com\/wp-content\/uploads\/2025\/01\/que-fue-de-alberto-mayagoitia-el-galan-de-telenovelas-que-actuo-junto-a-thalia-y-que-dejo-la-television-para-emprender-en-el-ambito-de-la-salud-1.jpg\" alt=\"Snapinsta App 121703642 733885250541794 4451310449476766126 N 1080\"> <noscript><img alt=\"Snapinsta App 121703642 733885250541794 4451310449476766126 N 1080\" class=\"centro_sinmarco\" src=\"http:\/\/hoycordobaweb.com\/wp-content\/uploads\/2025\/01\/que-fue-de-alberto-mayagoitia-el-galan-de-telenovelas-que-actuo-junto-a-thalia-y-que-dejo-la-television-para-emprender-en-el-ambito-de-la-salud-1.jpg\"><\/noscript> <\/div>\n<\/div>\n<p>Desde entonces, el actor se ha mantenido alejado de los reflectores y ha preferido llevar una vida m\u00e1s tranquila y privada. Aunque muchos fans lamentan su ausencia de las pantallas, respetan su decisi\u00f3n y le desean lo mejor en esta nueva etapa de su vida.<\/p>\n<p><!-- BREAK 10 --> <\/p>\n<p>Actualmente, Alberto se dedica a la producci\u00f3n de teatro con obras de tinte religioso, adem\u00e1s de que, junto con su esposa, ha montado un servicio de apoyo para parejas mayores donde trata temas de salud, econom\u00eda en el matrimonio y cuidados para hombres mayores de 50 a\u00f1os.<\/p>\n<p><!-- BREAK 11 --><\/p>\n<p>Fotos de <a rel=\"noopener, noreferrer\" href=\"https:\/\/www.instagram.com\/albertomayagoitia_oficial\/?hl=es\">Alberto Mayagoitia<\/a><\/p>\n<p>En Trendencias | <a class=\"text-outboundlink\" href=\"https:\/\/www.trendencias.com\/mexico\/que-fue-fernando-allende-cantante-galan-telenovelas-que-dejo-su-carrera-camaras-para-recorrer-mundo-ambito-totalmente-diferente\" data-vars-post-title=\"Qu\u00e9 fue de Fernando Allende, el cantante y gal\u00e1n de telenovelas que dej\u00f3 su carrera ante las c\u00e1maras para recorrer el mundo en un \u00e1mbito totalmente diferente\" data-vars-post-url=\"https:\/\/www.trendencias.com\/mexico\/que-fue-fernando-allende-cantante-galan-telenovelas-que-dejo-su-carrera-camaras-para-recorrer-mundo-ambito-totalmente-diferente\">Qu\u00e9 fue de Fernando Allende, el cantante y gal\u00e1n de telenovelas que dej\u00f3 su carrera ante las c\u00e1maras para recorrer el mundo en un \u00e1mbito totalmente diferente<\/a><\/p>\n<p><!-- BREAK 12 --><\/p>\n<p>En Trendencias | <a class=\"text-outboundlink\" href=\"https:\/\/www.trendencias.com\/mexico\/que-fue-alejandro-felipe-flores-nino-actor-que-triunfo-telemundo-que-probo-suerte-como-cantante\" data-vars-post-title=\"Qu\u00e9 fue de Alejandro Felipe Flores, el ni\u00f1o actor que triunf\u00f3 en Telemundo como 'Frijolito' y que dej\u00f3 la televisi\u00f3n para probar suerte como cantante\" data-vars-post-url=\"https:\/\/www.trendencias.com\/mexico\/que-fue-alejandro-felipe-flores-nino-actor-que-triunfo-telemundo-que-probo-suerte-como-cantante\">Qu\u00e9 fue de Alejandro Felipe Flores, el ni\u00f1o actor que triunf\u00f3 en Telemundo como &#8216;Frijolito&#8217; y que dej\u00f3 la televisi\u00f3n para probar suerte como cantante<\/a><\/p>\n<p><!-- BREAK 13 --> <\/p>\n","protected":false},"excerpt":{"rendered":"<p>La televisi\u00f3n en M\u00e9xico de los a\u00f1os ochenta fue un semillero de talentos para toda Am\u00e9rica Latina, sin embargo, a pesar del gran \u00e9xito que representaron diversas producciones dirigidas en mayor medida al p\u00fablico juvenil, muchos de estos actores no continuaron en el camino frente a las c\u00e1maras, como lo fue el caso del actor [&hellip;]<\/p>\n","protected":false},"author":1,"featured_media":93390,"comment_status":"closed","ping_status":"closed","sticky":false,"template":"","format":"standard","meta":[],"categories":[],"tags":[],"_links":{"self":[{"href":"http:\/\/hoycordobaweb.com\/index.php\/wp-json\/wp\/v2\/posts\/93389"}],"collection":[{"href":"http:\/\/hoycordobaweb.com\/index.php\/wp-json\/wp\/v2\/posts"}],"about":[{"href":"http:\/\/hoycordobaweb.com\/index.php\/wp-json\/wp\/v2\/types\/post"}],"author":[{"embeddable":true,"href":"http:\/\/hoycordobaweb.com\/index.php\/wp-json\/wp\/v2\/users\/1"}],"replies":[{"embeddable":true,"href":"http:\/\/hoycordobaweb.com\/index.php\/wp-json\/wp\/v2\/comments?post=93389"}],"version-history":[{"count":0,"href":"http:\/\/hoycordobaweb.com\/index.php\/wp-json\/wp\/v2\/posts\/93389\/revisions"}],"wp:featuredmedia":[{"embeddable":true,"href":"http:\/\/hoycordobaweb.com\/index.php\/wp-json\/wp\/v2\/media\/93390"}],"wp:attachment":[{"href":"http:\/\/hoycordobaweb.com\/index.php\/wp-json\/wp\/v2\/media?parent=93389"}],"wp:term":[{"taxonomy":"category","embeddable":true,"href":"http:\/\/hoycordobaweb.com\/index.php\/wp-json\/wp\/v2\/categories?post=93389"},{"taxonomy":"post_tag","embeddable":true,"href":"http:\/\/hoycordobaweb.com\/index.php\/wp-json\/wp\/v2\/tags?post=93389"}],"curies":[{"name":"wp","href":"https:\/\/api.w.org\/{rel}","templated":true}]}}