{"id":93293,"date":"2025-01-05T20:03:19","date_gmt":"2025-01-05T20:03:19","guid":{"rendered":"https:\/\/www.trendencias.com\/belleza\/estas-tendencias-manicuras-que-no-pararemos-e-ver-este-invierno-2025"},"modified":"2025-01-05T20:03:19","modified_gmt":"2025-01-05T20:03:19","slug":"estas-son-las-tendencias-de-manicuras-que-no-pararemos-e-ver-este-invierno-de-2025","status":"publish","type":"post","link":"http:\/\/hoycordobaweb.com\/index.php\/2025\/01\/05\/estas-son-las-tendencias-de-manicuras-que-no-pararemos-e-ver-este-invierno-de-2025\/","title":{"rendered":"Estas son las tendencias de manicuras que no pararemos e ver este invierno de 2025"},"content":{"rendered":"<p>Este invierno 2025 son <strong>muchas las tendencias que est\u00e1n por llegar en lo que a manicuras se refiere.<\/strong> Ya sabemos que, gracias a las redes sociales y a la velocidad de la informaci\u00f3n, casi cada semana tenemos un <em>trend <\/em>nuevo pero lo qu eest\u00e1 claro es que hay algunos estilos que los tenemos ya asentados y que no dejaremos de ver esta temporada.<\/p>\n<p><!-- BREAK 1 --> <\/p>\n<div class=\"article-asset article-asset-normal article-asset-center\">\n<div class=\"desvio-container\">\n<div class=\"desvio\">\n<div class=\"desvio-figure js-desvio-figure\"> <a href=\"https:\/\/www.trendencias.com\/familia-maternidad-y-ninos\/ninos-que-crecieron-demasiadas-responsabilidades-muestran-estos-siete-comportamientos-al-crecer-psicologia\" class=\"pivot-outboundlink\" data-vars-post-title=\"Los ni\u00f1os que crecieron con demasiadas responsabilidades muestran estos siete comportamientos al crecer, seg\u00fan la psicolog\u00eda\"> <img loading=\"lazy\" alt=\"Los ni\u00f1os que crecieron con demasiadas responsabilidades muestran estos siete comportamientos al crecer, seg\u00fan la psicolog\u00eda\" width=\"375\" height=\"142\" src=\"http:\/\/hoycordobaweb.com\/wp-content\/uploads\/2025\/01\/estas-son-las-tendencias-de-manicuras-que-no-pararemos-e-ver-este-invierno-de-2025.jpg\"> <\/a> <\/div><\/div><\/div>\n<\/div>\n<h2>Manicura ojos de gato<\/h2>\n<div class=\"article-asset-image article-asset-normal article-asset-center\">\n<div class=\"asset-content\"> <img class=\"centro_sinmarco\" height=\"2400\" width=\"1600\" loading=\"lazy\" decoding=\"async\" sizes=\"100vw\" fetchpriority=\"high\" srcset=\"http:\/\/hoycordobaweb.com\/wp-content\/uploads\/2025\/01\/estas-son-las-tendencias-de-manicuras-que-no-pararemos-e-ver-este-invierno-de-2025-1.jpg 450w, http:\/\/hoycordobaweb.com\/wp-content\/uploads\/2025\/01\/estas-son-las-tendencias-de-manicuras-que-no-pararemos-e-ver-este-invierno-de-2025-9.jpg 681w, http:\/\/hoycordobaweb.com\/wp-content\/uploads\/2025\/01\/estas-son-las-tendencias-de-manicuras-que-no-pararemos-e-ver-este-invierno-de-2025-10.jpg 1024w, http:\/\/hoycordobaweb.com\/wp-content\/uploads\/2025\/01\/estas-son-las-tendencias-de-manicuras-que-no-pararemos-e-ver-este-invierno-de-2025-11.jpg 1366w\" src=\"http:\/\/hoycordobaweb.com\/wp-content\/uploads\/2025\/01\/estas-son-las-tendencias-de-manicuras-que-no-pararemos-e-ver-este-invierno-de-2025-1.jpg\" alt=\"Manicuras\"> <noscript><img alt=\"Manicuras\" class=\"centro_sinmarco\" src=\"http:\/\/hoycordobaweb.com\/wp-content\/uploads\/2025\/01\/estas-son-las-tendencias-de-manicuras-que-no-pararemos-e-ver-este-invierno-de-2025-1.jpg\"><\/noscript> <\/div>\n<\/div>\n<p>S\u00ed, hace ya una temporada que se dejaron ver las <strong>manicuras efecto ojo de gato <\/strong>en las que hay que utilizar un im\u00e1n especial sobre el esmalte para conseguir ese brillo especial y que este a\u00f1o no faltan en todas las marcas, as\u00ed que no dej\u00e9is de haceros con un kit de esos que incluyen los esmaltes y el im\u00e1n o comprarlos por separado.<\/p>\n<p><!-- BREAK 2 --><!-- PIVOT START --><\/p>\n<div class=\"pivot-ecommerce-container m-pivot-ecommerce-redesign article-asset-normal article-asset-center\" readability=\"29.017921146953\">\n<div class=\"pivot-ecommerce\" readability=\"5.7139534883721\">\n<div class=\"pivot-ecommerce-figure\"> <a rel=\"nofollow, sponsored, noopener, noreferrer noopener\" target=\"_blank\" href=\"https:\/\/www.trendencias.com\/redirect?url=https%3A%2F%2Fwww.amazon.es%2Fdp%2FB08C597TZ1%3Ftag%3Dtrendencias-21%26linkCode%3Dogi%26th%3D1%26psc%3D1&amp;category=belleza&amp;pivot=1&amp;ecomPostExpiration=everlasting&amp;postId=638216\"> <img loading=\"lazy\" alt=\"15ml remojen de ojos de gato de 9D ancho ojos de gato Gel magn\u00e9tico polaco de plata brillante Gel UV Gel esmalte de esmalte de u\u00f1as lacbarbarniz de arte de u\u00f1as brillante Velvet (Plata)\" width=\"433\" height=\"500\" src=\"http:\/\/hoycordobaweb.com\/wp-content\/uploads\/2025\/01\/estas-son-las-tendencias-de-manicuras-que-no-pararemos-e-ver-este-invierno-de-2025-2.jpg\"> <\/a> <\/div>\n<div class=\"pivot-ecommerce-summary\" readability=\"7.0325581395349\">\n<p class=\"pivot-ecommerce-desc\">15ml remojen de ojos de gato de 9D ancho ojos de gato Gel magn\u00e9tico polaco de plata brillante Gel UV Gel esmalte de esmalte de u\u00f1as lacbarbarniz de arte de u\u00f1as brillante Velvet (Plata)<\/p>\n<\/p><\/div><\/div>\n<p>* Alg\u00fan precio puede haber cambiado desde la \u00faltima revisi\u00f3n<\/p>\n<\/p><\/div>\n<p><!-- PIVOT END --><\/p>\n<h2>Manicuras con glitter<\/h2>\n<div class=\"article-asset-image article-asset-normal article-asset-center\">\n<div class=\"asset-content\"> <img class=\"centro_sinmarco\" height=\"1350\" width=\"1080\" loading=\"lazy\" decoding=\"async\" sizes=\"100vw\" fetchpriority=\"high\" srcset=\"http:\/\/hoycordobaweb.com\/wp-content\/uploads\/2025\/01\/estas-son-las-tendencias-de-manicuras-que-no-pararemos-e-ver-este-invierno-de-2025-3.jpg 450w, http:\/\/hoycordobaweb.com\/wp-content\/uploads\/2025\/01\/estas-son-las-tendencias-de-manicuras-que-no-pararemos-e-ver-este-invierno-de-2025-12.jpg 681w, http:\/\/hoycordobaweb.com\/wp-content\/uploads\/2025\/01\/estas-son-las-tendencias-de-manicuras-que-no-pararemos-e-ver-este-invierno-de-2025-13.jpg 1024w, http:\/\/hoycordobaweb.com\/wp-content\/uploads\/2025\/01\/estas-son-las-tendencias-de-manicuras-que-no-pararemos-e-ver-este-invierno-de-2025-14.jpg 1366w\" src=\"http:\/\/hoycordobaweb.com\/wp-content\/uploads\/2025\/01\/estas-son-las-tendencias-de-manicuras-que-no-pararemos-e-ver-este-invierno-de-2025-3.jpg\" alt=\"manicuras\"> <noscript><img alt=\"manicuras\" class=\"centro_sinmarco\" src=\"http:\/\/hoycordobaweb.com\/wp-content\/uploads\/2025\/01\/estas-son-las-tendencias-de-manicuras-que-no-pararemos-e-ver-este-invierno-de-2025-3.jpg\"><\/noscript> <\/div>\n<\/div>\n<p>El glitter ha venido para quedarse esta temporada y mucho lo veremos en dise\u00f1os como \u00e9ste, enmarcando las u\u00f1as completamente o como <a class=\"text-outboundlink\" href=\"https:\/\/www.trendencias.com\/belleza\/como-se-hace-manicura-francesa-paso-a-paso-19-ideas-originales-para-lucir-unas\" data-vars-post-title=\"C\u00f3mo se hace la manicura francesa paso a paso y 19 ideas originales para lucir u\u00f1as\" data-vars-post-url=\"https:\/\/www.trendencias.com\/belleza\/como-se-hace-manicura-francesa-paso-a-paso-19-ideas-originales-para-lucir-unas\">manicuras francesas<\/a> o similar.<\/p>\n<p><!-- BREAK 3 --> <\/p>\n<h2>Manicuras <em>frosty<\/em><\/h2>\n<div class=\"article-asset-image article-asset-normal article-asset-center\">\n<div class=\"asset-content\"> <img class=\"centro_sinmarco\" height=\"1200\" width=\"1200\" loading=\"lazy\" decoding=\"async\" sizes=\"100vw\" fetchpriority=\"high\" srcset=\"http:\/\/hoycordobaweb.com\/wp-content\/uploads\/2025\/01\/estas-son-las-tendencias-de-manicuras-que-no-pararemos-e-ver-este-invierno-de-2025-4.jpg 450w, http:\/\/hoycordobaweb.com\/wp-content\/uploads\/2025\/01\/estas-son-las-tendencias-de-manicuras-que-no-pararemos-e-ver-este-invierno-de-2025-15.jpg 681w, http:\/\/hoycordobaweb.com\/wp-content\/uploads\/2025\/01\/estas-son-las-tendencias-de-manicuras-que-no-pararemos-e-ver-este-invierno-de-2025-16.jpg 1024w, http:\/\/hoycordobaweb.com\/wp-content\/uploads\/2025\/01\/estas-son-las-tendencias-de-manicuras-que-no-pararemos-e-ver-este-invierno-de-2025-17.jpg 1366w\" src=\"http:\/\/hoycordobaweb.com\/wp-content\/uploads\/2025\/01\/estas-son-las-tendencias-de-manicuras-que-no-pararemos-e-ver-este-invierno-de-2025-4.jpg\" alt=\"Fosty\"> <noscript><img alt=\"Fosty\" class=\"centro_sinmarco\" src=\"http:\/\/hoycordobaweb.com\/wp-content\/uploads\/2025\/01\/estas-son-las-tendencias-de-manicuras-que-no-pararemos-e-ver-este-invierno-de-2025-4.jpg\"><\/noscript> <\/div>\n<\/div>\n<p>M\u00e1s all\u00e1 del glitter tenemos un paso m\u00e1s que son las<strong> u\u00f1as <\/strong><em><strong>frosty<\/strong><\/em><strong>.<\/strong> &nbsp;Se trata de un esmaltado con part\u00edculas mucho m\u00e1s grandes que el glitter y que dan ese efecto de congelado, por lo que los tonos azules, plateados y similares van a ser los protagonistas, como en este esmalte 610 de Semilac con un precio de <a rel=\"noopener, noreferrer\" href=\"https:\/\/semilac.es\/es\/610-semilac-esmalte-semipermanente-frosty-christmas-7-ml\">10,90 euros.<\/a><\/p>\n<p><!-- BREAK 4 --><\/p>\n<h2>Tonos joya<\/h2>\n<div class=\"article-asset-image article-asset-normal article-asset-center\">\n<div class=\"asset-content\"> <img class=\"centro_sinmarco\" height=\"700\" width=\"700\" loading=\"lazy\" decoding=\"async\" sizes=\"100vw\" fetchpriority=\"high\" srcset=\"http:\/\/hoycordobaweb.com\/wp-content\/uploads\/2025\/01\/estas-son-las-tendencias-de-manicuras-que-no-pararemos-e-ver-este-invierno-de-2025-5.jpg 450w, http:\/\/hoycordobaweb.com\/wp-content\/uploads\/2025\/01\/estas-son-las-tendencias-de-manicuras-que-no-pararemos-e-ver-este-invierno-de-2025-18.jpg 681w, http:\/\/hoycordobaweb.com\/wp-content\/uploads\/2025\/01\/estas-son-las-tendencias-de-manicuras-que-no-pararemos-e-ver-este-invierno-de-2025-19.jpg 1024w, http:\/\/hoycordobaweb.com\/wp-content\/uploads\/2025\/01\/estas-son-las-tendencias-de-manicuras-que-no-pararemos-e-ver-este-invierno-de-2025-20.jpg 1366w\" src=\"http:\/\/hoycordobaweb.com\/wp-content\/uploads\/2025\/01\/estas-son-las-tendencias-de-manicuras-que-no-pararemos-e-ver-este-invierno-de-2025-5.jpg\" alt=\"Manicura\"> <noscript><img alt=\"Manicura\" class=\"centro_sinmarco\" src=\"http:\/\/hoycordobaweb.com\/wp-content\/uploads\/2025\/01\/estas-son-las-tendencias-de-manicuras-que-no-pararemos-e-ver-este-invierno-de-2025-5.jpg\"><\/noscript> <\/div>\n<\/div>\n<p>El efecto de la pel\u00edcula <em>Wicked <\/em>se ha dejado ver mucho las manicuras este invierno y seguiremos vi\u00e9ndolo con tonos que imitan joyas como este verde metalizado maravilloso de <strong>OPI <\/strong>que encontramos en Primor con un precio de<a rel=\"nofollow, sponsored, noopener, noreferrer noopener\" target=\"_blank\" class=\"js-ecommerce\" id=\"link-ecommerce-1\" href=\"https:\/\/www.trendencias.com\/redirect?url=https%3A%2F%2Fwww.primor.eu%2Fes_es%2Fopi-wicked-nail-lacquer-esmalte-de-unas-114977.html%3F%23803%3D86321&amp;category=belleza&amp;ecomPostExpiration=everlasting&amp;postId=638216\" data-vars-affiliate-url=\"https:\/\/www.primor.eu\/es_es\/opi-wicked-nail-lacquer-esmalte-de-unas-114977.html?#803=86321\"> 9,75 euros<\/a>.<\/p>\n<p><!-- BREAK 5 --><!-- PIVOT START --><\/p>\n<div class=\"pivot-ecommerce-container m-pivot-ecommerce-redesign article-asset-normal article-asset-center\" readability=\"25.648854961832\">\n<div class=\"pivot-ecommerce\" readability=\"3.6716417910448\">\n<div class=\"pivot-ecommerce-figure\"> <a rel=\"nofollow, sponsored, noopener, noreferrer noopener\" target=\"_blank\" href=\"https:\/\/www.trendencias.com\/redirect?url=https%3A%2F%2Fwww.primor.eu%2Fes_es%2Fopi-wicked-nail-lacquer-esmalte-de-unas-114977.html%3F%23803%3D86321&amp;category=belleza&amp;pivot=1&amp;ecomPostExpiration=everlasting&amp;postId=638216\"> <img loading=\"lazy\" alt=\"OPI\nWicked Nail Lacquer Esmalte de U\u00f1as\" width=\"700\" height=\"700\" src=\"http:\/\/hoycordobaweb.com\/wp-content\/uploads\/2025\/01\/estas-son-las-tendencias-de-manicuras-que-no-pararemos-e-ver-este-invierno-de-2025-6.jpg\"> <\/a> <\/div>\n<div class=\"pivot-ecommerce-summary\" readability=\"4.2835820895522\">\n<p class=\"pivot-ecommerce-desc\">OPI<br \/>\nWicked Nail Lacquer Esmalte de U\u00f1as<\/p>\n<\/p><\/div><\/div>\n<p>* Alg\u00fan precio puede haber cambiado desde la \u00faltima revisi\u00f3n<\/p>\n<\/p><\/div>\n<p><!-- PIVOT END --><\/p>\n<h2>Manicuras naturales<\/h2>\n<div class=\"article-asset-image article-asset-normal article-asset-center\">\n<div class=\"asset-content\"> <img class=\"centro_sinmarco\" height=\"1800\" width=\"1440\" loading=\"lazy\" decoding=\"async\" sizes=\"100vw\" fetchpriority=\"high\" srcset=\"http:\/\/hoycordobaweb.com\/wp-content\/uploads\/2025\/01\/estas-son-las-tendencias-de-manicuras-que-no-pararemos-e-ver-este-invierno-de-2025-7.jpg 450w, http:\/\/hoycordobaweb.com\/wp-content\/uploads\/2025\/01\/estas-son-las-tendencias-de-manicuras-que-no-pararemos-e-ver-este-invierno-de-2025-21.jpg 681w, http:\/\/hoycordobaweb.com\/wp-content\/uploads\/2025\/01\/estas-son-las-tendencias-de-manicuras-que-no-pararemos-e-ver-este-invierno-de-2025-22.jpg 1024w, http:\/\/hoycordobaweb.com\/wp-content\/uploads\/2025\/01\/estas-son-las-tendencias-de-manicuras-que-no-pararemos-e-ver-este-invierno-de-2025-23.jpg 1366w\" src=\"http:\/\/hoycordobaweb.com\/wp-content\/uploads\/2025\/01\/estas-son-las-tendencias-de-manicuras-que-no-pararemos-e-ver-este-invierno-de-2025-7.jpg\" alt=\"manicura\"> <noscript><img alt=\"manicura\" class=\"centro_sinmarco\" src=\"http:\/\/hoycordobaweb.com\/wp-content\/uploads\/2025\/01\/estas-son-las-tendencias-de-manicuras-que-no-pararemos-e-ver-este-invierno-de-2025-7.jpg\"><\/noscript> <\/div>\n<\/div>\n<p>Y, por supuesto, las u\u00f1as naturales o con efecto milky como estas seguir\u00e1n dando mucha guerra estos pr\u00f3ximos meses. Esta en concreto la conseguimos con los esmaltes Baby Boomer Base Nude Base (<a rel=\"noopener, noreferrer\" href=\"https:\/\/www.neonail-espana.es\/buscar\/esmalte-semipermanente-72-ml-baby-boomer-base-nude-base.html?search_lang=es&amp;search=product&amp;string=Baby+Boomer+Base+Nude+Base&amp;search_button=Buscar\">9,74 euros<\/a>) y Top Milky Effect Creamy (<a rel=\"noopener, noreferrer\" href=\"https:\/\/www.neonail-espana.es\/buscar\/esmalte-semipermanente-72ml-top-milky-effect-creamy.html?search_lang=es&amp;search=product&amp;string=+Top+Milky+Effect+Creamy&amp;search_button=Buscar\">8,99 euros<\/a>) de N\u00e9onail. &nbsp;<\/p>\n<p><!-- BREAK 6 --> <\/p>\n<p>Fotos | Neonail, Semilac y OPI<\/p>\n<p>En Trendencias | <a class=\"text-outboundlink\" href=\"https:\/\/www.trendencias.com\/belleza\/unas-navidad-todos-disenos-unas-colores-tendencia-que-se-llevaran\" data-vars-post-title=\"U\u00f1as de Navidad: todos los dise\u00f1os de u\u00f1as y colores en tendencia que se llevar\u00e1n\" data-vars-post-url=\"https:\/\/www.trendencias.com\/belleza\/unas-navidad-todos-disenos-unas-colores-tendencia-que-se-llevaran\">U\u00f1as de Navidad: todos los dise\u00f1os de u\u00f1as y colores en tendencia que se llevar\u00e1n<\/a><\/p>\n","protected":false},"excerpt":{"rendered":"<p>Este invierno 2025 son muchas las tendencias que est\u00e1n por llegar en lo que a manicuras se refiere. Ya sabemos que, gracias a las redes sociales y a la velocidad de la informaci\u00f3n, casi cada semana tenemos un trend nuevo pero lo qu eest\u00e1 claro es que hay algunos estilos que los tenemos ya asentados [&hellip;]<\/p>\n","protected":false},"author":1,"featured_media":93294,"comment_status":"closed","ping_status":"closed","sticky":false,"template":"","format":"standard","meta":[],"categories":[],"tags":[],"_links":{"self":[{"href":"http:\/\/hoycordobaweb.com\/index.php\/wp-json\/wp\/v2\/posts\/93293"}],"collection":[{"href":"http:\/\/hoycordobaweb.com\/index.php\/wp-json\/wp\/v2\/posts"}],"about":[{"href":"http:\/\/hoycordobaweb.com\/index.php\/wp-json\/wp\/v2\/types\/post"}],"author":[{"embeddable":true,"href":"http:\/\/hoycordobaweb.com\/index.php\/wp-json\/wp\/v2\/users\/1"}],"replies":[{"embeddable":true,"href":"http:\/\/hoycordobaweb.com\/index.php\/wp-json\/wp\/v2\/comments?post=93293"}],"version-history":[{"count":0,"href":"http:\/\/hoycordobaweb.com\/index.php\/wp-json\/wp\/v2\/posts\/93293\/revisions"}],"wp:featuredmedia":[{"embeddable":true,"href":"http:\/\/hoycordobaweb.com\/index.php\/wp-json\/wp\/v2\/media\/93294"}],"wp:attachment":[{"href":"http:\/\/hoycordobaweb.com\/index.php\/wp-json\/wp\/v2\/media?parent=93293"}],"wp:term":[{"taxonomy":"category","embeddable":true,"href":"http:\/\/hoycordobaweb.com\/index.php\/wp-json\/wp\/v2\/categories?post=93293"},{"taxonomy":"post_tag","embeddable":true,"href":"http:\/\/hoycordobaweb.com\/index.php\/wp-json\/wp\/v2\/tags?post=93293"}],"curies":[{"name":"wp","href":"https:\/\/api.w.org\/{rel}","templated":true}]}}