{"id":93285,"date":"2025-01-05T17:11:18","date_gmt":"2025-01-05T17:11:18","guid":{"rendered":"https:\/\/www.mujerhoy.com\/moda\/no-te-pierdas\/jerseis-cuello-alto-ponibles-elegantes-20250105181059-nt.html"},"modified":"2025-01-05T17:11:18","modified_gmt":"2025-01-05T17:11:18","slug":"jerseis-de-cuello-alto-el-impredecible-mas-ponible-apto-para-todos-los-estilos","status":"publish","type":"post","link":"http:\/\/hoycordobaweb.com\/index.php\/2025\/01\/05\/jerseis-de-cuello-alto-el-impredecible-mas-ponible-apto-para-todos-los-estilos\/","title":{"rendered":"Jers\u00e9is de cuello alto: el impredecible m\u00e1s ponible apto para todos los estilos"},"content":{"rendered":"<p><!-- AUTHOR --> <\/p>\n<div class=\"voc-author-timesocial \"> <!-- AUTHOR --> <\/p>\n<div class=\"voc-author-timesocial__signature \">\n<div class=\"voc-author-timesocial__img-c\"> <!-- IMAGE AUTHOR --> <picture class=\"voc-image-signature\"> <img class=\"voc-image-signature__img\" src=\"http:\/\/hoycordobaweb.com\/wp-content\/uploads\/2025\/01\/jerseis-de-cuello-alto-el-impredecible-mas-ponible-apto-para-todos-los-estilos.jpg\" alt=\"Lauren Izquierdo\"> <\/picture> <\/div>\n<p> <!-- INFO AUTHOR --> <\/div><\/div>\n<p> <!-- COMPONENTS --> <\/p>\n<p class=\"voc-paragraph\" data-mrf-recirculation=\"Link art\u00edculo\">Los <strong>jers\u00e9is de cuello alto<\/strong> han dejado de ser un b\u00e1sico predecible para convertirse en una prenda clave en los <a data-voc-vtm-id=\"in-text-traffic\" href=\"https:\/\/www.mujerhoy.com\/vivir\/decoracion\/orden-armario-imprescindibles-organizadores-baratos-facil-bonito-20230730095113-nt.html\" title=\"www.mujerhoy.com\" data-mrf-link=\"https:\/\/www.mujerhoy.com\/vivir\/decoracion\/orden-armario-imprescindibles-organizadores-baratos-facil-bonito-20230730095113-nt.html\">armarios<\/a> de las m\u00e1s elegantes. <strong>Razones no faltan<\/strong>: son vers\u00e1tiles, se adaptan a cualquier look y son perfectos para combatir el fr\u00edo con elegancia. <\/p>\n<p class=\"voc-paragraph\" data-mrf-recirculation=\"Link art\u00edculo\">Puedes llevarlos bajo un traje para a\u00f1adir un <strong>aire sofisticado<\/strong>, combinarlo con una falda de cuero para un toque m\u00e1s moderno, o lucirlo con unos vaqueros y botas para un <a data-voc-vtm-id=\"in-text-traffic\" href=\"https:\/\/www.mujerhoy.com\/belleza\/tratamientos\/basicos-buenos-nuevos-vestir-impecable-20240220134045-nt.html\" title=\"www.mujerhoy.com\" data-mrf-link=\"https:\/\/www.mujerhoy.com\/belleza\/tratamientos\/basicos-buenos-nuevos-vestir-impecable-20240220134045-nt.html\">look casual impecable<\/a><br \/>\n. Lo mires como lo mires, el <strong>resultado<\/strong> siempre ser\u00e1 un <strong>estilismo effortless<\/strong> que es apto para cualquier escenario.\n<\/p>\n<p class=\"voc-paragraph\" data-mrf-recirculation=\"Link art\u00edculo\">En <a data-voc-vtm-id=\"in-text-traffic\" href=\"https:\/\/www.mujerhoy.com\/moda\/tendencias\/tonos-neutros-prendas-tendencia-otono-atemporal-elegante-20240903130544-nt.html\" title=\"www.mujerhoy.com\" data-mrf-link=\"https:\/\/www.mujerhoy.com\/moda\/tendencias\/tonos-neutros-prendas-tendencia-otono-atemporal-elegante-20240903130544-nt.html\">colores neutros<\/a><br \/>\n, como negro, beige o gris, se convierten en la base perfecta para a\u00f1adir accesorios llamativos o <strong>abrigos oversize<\/strong>. Mientras que en tonos vivos o con estampados, representan una <strong>declaraci\u00f3n de intenciones<\/strong> que da un toque diferente que llama la atenci\u00f3n sin ser demasiado.\n<\/p>\n<p><h3 class=\"voc-detail__title\"> Jers\u00e9is de cuello alto ponibles<br \/>\n<\/h3>\n<\/p>\n<div class=\"voc-detail-photo-zoom\"> <picture data-toggle=\"modal\" data-target=\"#photoZoomModal-729\" target=\"modal\">\n<div class=\"voc-img-icon-link\"> <img loading=\"lazy\" src=\"http:\/\/hoycordobaweb.com\/wp-content\/uploads\/2025\/01\/jerseis-de-cuello-alto-el-impredecible-mas-ponible-apto-para-todos-los-estilos.webp\" width=\"650\" height=\"900\" alt=\"Jersey de cuello alto rosa de Maje, 295 euros.\"> <noscript> <img src=\"http:\/\/hoycordobaweb.com\/wp-content\/uploads\/2025\/01\/jerseis-de-cuello-alto-el-impredecible-mas-ponible-apto-para-todos-los-estilos.webp\" alt=\"Jersey de cuello alto rosa de Maje, 295 euros.\"> <\/noscript> <i class=\"voc-icons zoom voc-multimedia-box voc-ico-l\"><\/i> <\/div><figcaption class=\"figure-caption\">Jersey de cuello alto rosa de Maje, 295 euros.<\/figcaption><\/picture>\n<\/div>\n<div id=\"photoZoomModal-729\" class=\"voc-lightbox modal fade voc-lightbox--photo-zoom\" role=\"dialog\" data-voc-photozoom-lightbox>\n<div class=\"voc-lightbox__dialog\" role=\"document\">\n<div class=\"voc-lightbox__content\"> <!-- Modal header --> <!-- Modal content --> <\/p>\n<div class=\"voc-lightbox__photo-container\"> <picture class> <img loading=\"lazy\" src=\"http:\/\/hoycordobaweb.com\/wp-content\/uploads\/2025\/01\/jerseis-de-cuello-alto-el-impredecible-mas-ponible-apto-para-todos-los-estilos.webp\" alt=\"Jersey de cuello alto rosa de Maje, 295 euros.\"> <noscript> <img src=\"http:\/\/hoycordobaweb.com\/wp-content\/uploads\/2025\/01\/jerseis-de-cuello-alto-el-impredecible-mas-ponible-apto-para-todos-los-estilos.webp\" alt=\"Jersey de cuello alto rosa de Maje, 295 euros.\"> <\/noscript> <\/picture> <\/div><\/div><\/div>\n<\/div>\n<p class=\"voc-paragraph\" data-mrf-recirculation=\"Link art\u00edculo\"><strong>Jersey de cuello alto rosa de Maje, 295 euros<\/strong>. Ha sido verlo y sentir el flechazo. Nos encanta el color, la forma y la infinita gama de posibilidades que tienes para sacarle partido. As\u00ed que, solo podemos dec\u00edrtelo alto y claro: es una inversi\u00f3n. <\/p>\n<p class=\"voc-paragraph\" data-mrf-recirculation=\"Link art\u00edculo\"><strong>\u00bfNo sabes c\u00f3mo pon\u00e9rtelo?<\/strong> Es sencillo, no te compliques. Los tonos rosas quedan genial con cualquier neutro, pero nosotras te recomendamos especialmente los marrones, y en concreto el mocha mousse o el marr\u00f3n chocolate. Con los vaqueros tambi\u00e9n quedan genial.\n<\/p>\n<div class=\"voc-detail-photo-zoom\"> <picture data-toggle=\"modal\" data-target=\"#photoZoomModal-64\" target=\"modal\">\n<div class=\"voc-img-icon-link\"> <img loading=\"lazy\" src=\"http:\/\/hoycordobaweb.com\/wp-content\/uploads\/2025\/01\/jerseis-de-cuello-alto-el-impredecible-mas-ponible-apto-para-todos-los-estilos-1.jpg\" width=\"650\" height=\"900\" alt=\"Jersey azul clarito de Bimba y Lola, 62,50 euros.\"> <noscript> <img src=\"http:\/\/hoycordobaweb.com\/wp-content\/uploads\/2025\/01\/jerseis-de-cuello-alto-el-impredecible-mas-ponible-apto-para-todos-los-estilos-1.jpg\" alt=\"Jersey azul clarito de Bimba y Lola, 62,50 euros.\"> <\/noscript> <i class=\"voc-icons zoom voc-multimedia-box voc-ico-l\"><\/i> <\/div><figcaption class=\"figure-caption\">Jersey azul clarito de Bimba y Lola, 62,50 euros.<\/figcaption><\/picture>\n<\/div>\n<div id=\"photoZoomModal-64\" class=\"voc-lightbox modal fade voc-lightbox--photo-zoom\" role=\"dialog\" data-voc-photozoom-lightbox>\n<div class=\"voc-lightbox__dialog\" role=\"document\">\n<div class=\"voc-lightbox__content\"> <!-- Modal header --> <!-- Modal content --> <\/p>\n<div class=\"voc-lightbox__photo-container\"> <picture class> <img loading=\"lazy\" src=\"http:\/\/hoycordobaweb.com\/wp-content\/uploads\/2025\/01\/jerseis-de-cuello-alto-el-impredecible-mas-ponible-apto-para-todos-los-estilos-1.jpg\" alt=\"Jersey azul clarito de Bimba y Lola, 62,50 euros.\"> <noscript> <img src=\"http:\/\/hoycordobaweb.com\/wp-content\/uploads\/2025\/01\/jerseis-de-cuello-alto-el-impredecible-mas-ponible-apto-para-todos-los-estilos-1.jpg\" alt=\"Jersey azul clarito de Bimba y Lola, 62,50 euros.\"> <\/noscript> <\/picture> <\/div><\/div><\/div>\n<\/div>\n<p class=\"voc-paragraph\" data-mrf-recirculation=\"Link art\u00edculo\"><strong>Jersey azul clarito de Bimba y Lola, 62,50 euros<\/strong>. Est\u00e1 claro que los tonos pasteles siempre son un gran aliado del armario c\u00e1psula de cualquier mujer. Son ponibles, calentitos y quedan bien con todo lo que tengas en mente.\n<\/p>\n<p class=\"voc-paragraph\" data-mrf-recirculation=\"Link art\u00edculo\"><strong>\u00bfNo sabes c\u00f3mo pon\u00e9rtelo?<\/strong> Aprovecha cualquiera de tus vaqueros. Son tonos que se prestan muy bien a los denims. Tambi\u00e9n puedes usarlo con tonos grises o incluso con verdes botella o amarillos mantequilla si persigues un look diferente.\n<\/p>\n<div class=\"voc-detail-photo-zoom\"> <picture data-toggle=\"modal\" data-target=\"#photoZoomModal-19\" target=\"modal\">\n<div class=\"voc-img-icon-link\"> <img loading=\"lazy\" src=\"http:\/\/hoycordobaweb.com\/wp-content\/uploads\/2025\/01\/jerseis-de-cuello-alto-el-impredecible-mas-ponible-apto-para-todos-los-estilos-2.jpg\" width=\"650\" height=\"900\" alt=\"Jersey azul de Adolfo Dom\u00ednguez, 79 euros.\"> <noscript> <img src=\"http:\/\/hoycordobaweb.com\/wp-content\/uploads\/2025\/01\/jerseis-de-cuello-alto-el-impredecible-mas-ponible-apto-para-todos-los-estilos-2.jpg\" alt=\"Jersey azul de Adolfo Dom\u00ednguez, 79 euros.\"> <\/noscript> <i class=\"voc-icons zoom voc-multimedia-box voc-ico-l\"><\/i> <\/div><figcaption class=\"figure-caption\">Jersey azul de Adolfo Dom\u00ednguez, 79 euros.<\/figcaption><\/picture>\n<\/div>\n<div id=\"photoZoomModal-19\" class=\"voc-lightbox modal fade voc-lightbox--photo-zoom\" role=\"dialog\" data-voc-photozoom-lightbox>\n<div class=\"voc-lightbox__dialog\" role=\"document\">\n<div class=\"voc-lightbox__content\"> <!-- Modal header --> <!-- Modal content --> <\/p>\n<div class=\"voc-lightbox__photo-container\"> <picture class> <img loading=\"lazy\" src=\"http:\/\/hoycordobaweb.com\/wp-content\/uploads\/2025\/01\/jerseis-de-cuello-alto-el-impredecible-mas-ponible-apto-para-todos-los-estilos-2.jpg\" alt=\"Jersey azul de Adolfo Dom\u00ednguez, 79 euros.\"> <noscript> <img src=\"http:\/\/hoycordobaweb.com\/wp-content\/uploads\/2025\/01\/jerseis-de-cuello-alto-el-impredecible-mas-ponible-apto-para-todos-los-estilos-2.jpg\" alt=\"Jersey azul de Adolfo Dom\u00ednguez, 79 euros.\"> <\/noscript> <\/picture> <\/div><\/div><\/div>\n<\/div>\n<p class=\"voc-paragraph\" data-mrf-recirculation=\"Link art\u00edculo\"><strong>Jersey azul de Adolfo Dom\u00ednguez, 79 euros<\/strong>. Se puede decir m\u00e1s alto pero no m\u00e1s claro: las rebajas de Adolfo Dom\u00ednguez son la oportunidad que todas est\u00e1bamos buscando porque nos garantiza tener una pieza buena en nuestros armarios.\n<\/p>\n<p class=\"voc-paragraph\" data-mrf-recirculation=\"Link art\u00edculo\"><strong>\u00bfNo sabes c\u00f3mo pon\u00e9rtelo?<\/strong> F\u00e1cil, apuesta por el negro. El d\u00fao de estos dos tonos neutros es el favorito de las m\u00e1s elegantes (y no nos extra\u00f1a) porque queda muy bien y siempre conseguir\u00e1s verte favorecida y a la moda.\n<\/p>\n<p> <!-- TOPICS --> <\/p>\n","protected":false},"excerpt":{"rendered":"<p>Los jers\u00e9is de cuello alto han dejado de ser un b\u00e1sico predecible para convertirse en una prenda clave en los armarios de las m\u00e1s elegantes. Razones no faltan: son vers\u00e1tiles, se adaptan a cualquier look y son perfectos para combatir el fr\u00edo con elegancia. Puedes llevarlos bajo un traje para a\u00f1adir un aire sofisticado, combinarlo [&hellip;]<\/p>\n","protected":false},"author":1,"featured_media":93286,"comment_status":"closed","ping_status":"closed","sticky":false,"template":"","format":"standard","meta":[],"categories":[],"tags":[],"_links":{"self":[{"href":"http:\/\/hoycordobaweb.com\/index.php\/wp-json\/wp\/v2\/posts\/93285"}],"collection":[{"href":"http:\/\/hoycordobaweb.com\/index.php\/wp-json\/wp\/v2\/posts"}],"about":[{"href":"http:\/\/hoycordobaweb.com\/index.php\/wp-json\/wp\/v2\/types\/post"}],"author":[{"embeddable":true,"href":"http:\/\/hoycordobaweb.com\/index.php\/wp-json\/wp\/v2\/users\/1"}],"replies":[{"embeddable":true,"href":"http:\/\/hoycordobaweb.com\/index.php\/wp-json\/wp\/v2\/comments?post=93285"}],"version-history":[{"count":0,"href":"http:\/\/hoycordobaweb.com\/index.php\/wp-json\/wp\/v2\/posts\/93285\/revisions"}],"wp:featuredmedia":[{"embeddable":true,"href":"http:\/\/hoycordobaweb.com\/index.php\/wp-json\/wp\/v2\/media\/93286"}],"wp:attachment":[{"href":"http:\/\/hoycordobaweb.com\/index.php\/wp-json\/wp\/v2\/media?parent=93285"}],"wp:term":[{"taxonomy":"category","embeddable":true,"href":"http:\/\/hoycordobaweb.com\/index.php\/wp-json\/wp\/v2\/categories?post=93285"},{"taxonomy":"post_tag","embeddable":true,"href":"http:\/\/hoycordobaweb.com\/index.php\/wp-json\/wp\/v2\/tags?post=93285"}],"curies":[{"name":"wp","href":"https:\/\/api.w.org\/{rel}","templated":true}]}}