{"id":93273,"date":"2025-01-05T01:13:05","date_gmt":"2025-01-05T01:13:05","guid":{"rendered":"https:\/\/www.ole.com.ar\/river-plate\/matias-rojas-river-saludo-bienvenida-gallardo-inter-miami_0_GAG2dVDxvF.html"},"modified":"2025-01-05T01:13:05","modified_gmt":"2025-01-05T01:13:05","slug":"matias-rojas-le-hablo-al-hincha-de-river-estoy-muy-feliz","status":"publish","type":"post","link":"http:\/\/hoycordobaweb.com\/index.php\/2025\/01\/05\/matias-rojas-le-hablo-al-hincha-de-river-estoy-muy-feliz\/","title":{"rendered":"Mat\u00edas Rojas le habl\u00f3 al hincha de River: \u00abEstoy muy feliz\u00bb"},"content":{"rendered":"<p><img src=\"http:\/\/hoycordobaweb.com\/wp-content\/uploads\/2025\/01\/matias-rojas-le-hablo-al-hincha-de-river-estoy-muy-feliz.jpg\"><\/p>\n<p><span class=\"createDate\">04\/01\/2025 22:13hs.<\/span><time class=\"modificatedDate\" datetime=\"2025-01-04T22:21:32-03:00\"> Actualizado al 04\/01\/2025 22:21hs.<\/time><\/p>\n<div id=\"storyBody\">\n<div class=\"custom-text \" readability=\"35.234042553191\">\n<p>El mercado de <a href=\"https:\/\/www.ole.com.ar\/river-plate\" target=\"_self\" title=\"River\" alt=\"River\" rel=\"noopener noreferrer\">River<\/a> no para y una de las \u00faltimas incorporaciones fue la de <strong>Mat\u00edas Rojas, quien ya puso el gancho, pos\u00f3 con los colores del club de N\u00fa\u00f1ez y hasta mediante un video le mand\u00f3 un mensaje a todo el p\u00fablico Millonario.<\/strong><\/p>\n<\/div>\n<div class=\"custom-text \" readability=\"37\">\n<p>\u201c<strong>A toda la gente de River ac\u00e1 estoy, super contento. Decirles que es una ilusi\u00f3n enorme y estoy muy feliz. Un abrazo grande<\/strong>\u201d, mencion\u00f3 el paraguayo que viene de ser compa\u00f1ero de Lionel Messi y lleg\u00f3 en condici\u00f3n de libre al equipo dirigido por Marcelo Gallardo que ya se encuentra en San Mart\u00edn de Los Andes para hacer la pretemporada.<\/p>\n<\/div>\n<p><h2><strong>\u00bfC\u00f3mo se dio su llegada?<\/strong><\/h2>\n<\/p>\n<div class=\"custom-text \" readability=\"35\">\n<p>Mientras en la ma\u00f1ana del viernes el plantel de River arrancaba la pretemporada en el Camp, un flamante integrante se realizaba la revisi\u00f3n m\u00e9dica para sumarse al CARP:<strong> Mat\u00edas Rojas ya es parte de la plantilla que Marcelo Gallardo empez\u00f3 a moldear a su gusto en un fren\u00e9tico arranque de 2025.<\/strong> <\/p>\n<\/div>\n<div class=\"sc-e7b891c4-0 ifHnQL image-embed\"><img alt=\"Mat\u00edas Rojas fue presentado como refuerzo de River.\" loading=\"lazy\" width=\"720\" height=\"100\" decoding=\"async\" data-nimg=\"1\" src=\"http:\/\/hoycordobaweb.com\/wp-content\/uploads\/2025\/01\/matias-rojas-le-hablo-al-hincha-de-river-estoy-muy-feliz-2.jpg\"><span class=\"epigraphe\">Mat\u00edas Rojas fue presentado como refuerzo de River.<\/span><\/div>\n<div class=\"custom-text \" readability=\"38\">\n<p>Con 29 abriles y <strong>el pase en su poder luego de quedar libre del Inter Miami<\/strong>, Rojas termin\u00f3 de acordar su llegada a N\u00fa\u00f1ez durante las primeras horas del viernes. <strong>Un desembarco que se fue cerrado a trav\u00e9s de una cesi\u00f3n por 12 meses que incluye una opci\u00f3n de compra. <\/strong>Cl\u00e1usula que, de ejecutarse, le asegurar\u00e1 al volante un contrato por tres temporadas m\u00e1s.<\/p>\n<\/div>\n<div class=\"custom-text \" readability=\"38\">\n<p>Con continuidad durante un 2024 en el que visti\u00f3 dos camisetas (Corinthians en el primer semestre, luego emigr\u00f3 al Inter Miami), <strong>Rojas viene de disputar 30 partidos en los \u00faltimos 12 meses, en los que promedi\u00f3 55 minutos en cancha, convirti\u00f3 nueve goles y convid\u00f3 otras tres asistencias.<\/strong><\/p>\n<\/div>\n<div class=\"sc-e7b891c4-0 ifHnQL image-embed\"><img alt=\"Mat\u00edas Rojas, junto a Lionel Messi en Inter Miami (AFP).\" loading=\"lazy\" width=\"720\" height=\"100\" decoding=\"async\" data-nimg=\"1\" src=\"http:\/\/hoycordobaweb.com\/wp-content\/uploads\/2025\/01\/matias-rojas-le-hablo-al-hincha-de-river-estoy-muy-feliz-3.jpg\"><span class=\"epigraphe\">Mat\u00edas Rojas, junto a Lionel Messi en Inter Miami (AFP).<\/span><\/div>\n<div class=\"custom-text \" readability=\"36\">\n<p>Con probada calidad en el f\u00fatbol argentino (jug\u00f3 en Defensa antes de ser una de las figuras del Racing de Gago, un det\u00e9 que intent\u00f3 infructuosamente tentarlo en esta ventana), <strong>ahora el reto de MR ser\u00e1 involucrarse activamente en el estilo que pregona Gallardo.<\/strong><\/p>\n<\/div>\n<div class=\"custom-text \" readability=\"37\">\n<p>Un det\u00e9 que ya se hab\u00eda ido a acostar el jueves sabiendo que ten\u00eda cuatro refuerzos confirmados: a las llegadas de<strong> Lucas Mart\u00ednez Quarta<\/strong> (volar\u00e1 en las pr\u00f3ximas horas para hacerse la revisi\u00f3n y firmar hasta diciembre de 2028), <strong>Enzo P\u00e9rez y Gonzalo Tapia<\/strong> (ambos ya sumados al grupo), cerca de la medianoche del \u00faltimo d\u00eda de descanso de River se arregl\u00f3 el fichaje de <strong>Giuliano Galoppo.<\/strong> Uno que tendr\u00e1 rasgos similares al de Rojas.<\/p>\n<\/div>\n<div class=\"sc-e7b891c4-0 ifHnQL image-embed\"><img alt=\"Rojas junto a Brito y Gallardo (River).\" loading=\"lazy\" width=\"720\" height=\"100\" decoding=\"async\" data-nimg=\"1\" src=\"http:\/\/hoycordobaweb.com\/wp-content\/uploads\/2025\/01\/matias-rojas-le-hablo-al-hincha-de-river-estoy-muy-feliz-4.jpg\"><span class=\"epigraphe\">Rojas junto a Brito y Gallardo (River).<\/span><\/div>\n<div class=\"custom-text \" readability=\"37\">\n<p>El ex Banfield llega proveniente de San Pablo en un pr\u00e9stamo sin cargo por una temporada y con un canon de <strong>u$s 3.200.000 para comprar el 50% <\/strong>de su ficha. Asimismo,<strong> Enzo D\u00edaz<\/strong> pasa al club brasile\u00f1o por el mismo lapso y con una opci\u00f3n equivalente a la que figura en el contrato de GG, pero para atesorar el 100% de sus derechos econ\u00f3micos.<\/p>\n<\/div>\n<div class=\"custom-text \" readability=\"34\">\n<p>Con la proyecci\u00f3n de que el cuarto y quinto refuerzo puedan volar a San Mart\u00edn -ambos ya se hicieron la revisi\u00f3n-<strong> Gallardo habr\u00e1 cumplido con una de sus metas para enero: tener a buena parte de sus incorporaciones para iniciar la parte fuerte de la pretemporada en Neuqu\u00e9n.<\/strong><\/p>\n<\/div>\n<div class=\"sc-e7b891c4-0 ifHnQL image-embed\"><img alt=\"Mat\u00edas Rojas en una pr\u00e1ctica del Inter Miami. Foto: Inter Miami\" loading=\"lazy\" width=\"1290\" height=\"760\" decoding=\"async\" data-nimg=\"1\" src=\"http:\/\/hoycordobaweb.com\/wp-content\/uploads\/2025\/01\/matias-rojas-le-hablo-al-hincha-de-river-estoy-muy-feliz-5.jpg\"><span class=\"epigraphe\">Mat\u00edas Rojas en una pr\u00e1ctica del Inter Miami. Foto: Inter Miami<\/span><\/div>\n<p><h2><strong>Lo que viene, Mu\u00f1eco<\/strong><\/h2>\n<\/p>\n<div class=\"custom-text \" readability=\"34\">\n<p>El Mu\u00f1eco esperar\u00e1 en el b\u00fanker patag\u00f3nico a que aterrice <strong>Mart\u00ednez Quarta mientras seguir\u00e1 a distancia el tironeo por Leo Fern\u00e1ndez. <\/strong>Y desde all\u00ed tambi\u00e9n atestiguar\u00e1 el minuto a minuto del posible regreso de <strong>Gonzalo Montiel.<\/strong><\/p>\n<\/div>\n<div class=\"sc-734b4696-1 kFfZtB\" readability=\"10\">\n<div class=\"sc-d00d9e74-0 hnHYbk\" type=\"embed\">\n<div class=\"sc-d00d9e74-1 iKVbz videoText\" id=\"contentTitleembeddaopiYwH\" type=\"embed\"><svg fill=\"#ffffff\"><symbol id=\"play\" viewBox=\"0 0 512 512\"><path d=\"M512 256C512 397.4 397.4 512 256 512C114.6 512 0 397.4 0 256C0 114.6 114.6 0 256 0C397.4 0 512 114.6 512 256zM176 168V344C176 352.7 180.7 360.7 188.3 364.9C195.8 369.2 205.1 369 212.5 364.5L356.5 276.5C363.6 272.1 368 264.4 368 256C368 247.6 363.6 239.9 356.5 235.5L212.5 147.5C205.1 142.1 195.8 142.8 188.3 147.1C180.7 151.3 176 159.3 176 168V168z\" \/><\/symbol><use xlink:href=\"#play\" \/><\/svg><\/p>\n<div class=\"right\">\n<p>Enzo Perez<!-- --> &#8211; <span>&nbsp;<\/span><\/p>\n<h2 class=\"title-vid\">S\u00faper viernes de River: todas las novedades con muchas confirmaciones<\/h2>\n<\/div>\n<\/div>\n<p><span class=\"back\" id=\"spanBackembeddaopiYwH\"><\/span><\/div>\n<p>Antes de viajar a la pretemporada, el Millonario confirm\u00f3 refuerzos y renovaciones<\/p>\n<p>\u00a1Enterate de todo lo que ocurri\u00f3 en un minuto!<\/p>\n<\/div>\n<div class=\"custom-text \" readability=\"38\">\n<p>En River entienden que por unos <strong>\u20ac 5 millones podr\u00edan destrabar la salida de Cachete de Sevilla.<\/strong> Un futbolista que ya resolvi\u00f3 su situaci\u00f3n judicial (fue sobrese\u00eddo de una causa por presunto abuso sexual por pedido de su defensa pero tambi\u00e9n del fiscal) y que, si bien cuenta con opciones de mercado apetitosas (Valencia, San Pablo, Monterrey) <strong>se inclina por River por lo que le garantizar\u00e1 regresar a su cuna futbol\u00edstica: continuidad y reconocimiento.<\/strong><\/p>\n<\/div>\n<\/div>\n","protected":false},"excerpt":{"rendered":"<p>04\/01\/2025 22:13hs. Actualizado al 04\/01\/2025 22:21hs. El mercado de River no para y una de las \u00faltimas incorporaciones fue la de Mat\u00edas Rojas, quien ya puso el gancho, pos\u00f3 con los colores del club de N\u00fa\u00f1ez y hasta mediante un video le mand\u00f3 un mensaje a todo el p\u00fablico Millonario. \u201cA toda la gente de [&hellip;]<\/p>\n","protected":false},"author":1,"featured_media":93274,"comment_status":"open","ping_status":"closed","sticky":false,"template":"","format":"standard","meta":[],"categories":[16],"tags":[],"_links":{"self":[{"href":"http:\/\/hoycordobaweb.com\/index.php\/wp-json\/wp\/v2\/posts\/93273"}],"collection":[{"href":"http:\/\/hoycordobaweb.com\/index.php\/wp-json\/wp\/v2\/posts"}],"about":[{"href":"http:\/\/hoycordobaweb.com\/index.php\/wp-json\/wp\/v2\/types\/post"}],"author":[{"embeddable":true,"href":"http:\/\/hoycordobaweb.com\/index.php\/wp-json\/wp\/v2\/users\/1"}],"replies":[{"embeddable":true,"href":"http:\/\/hoycordobaweb.com\/index.php\/wp-json\/wp\/v2\/comments?post=93273"}],"version-history":[{"count":0,"href":"http:\/\/hoycordobaweb.com\/index.php\/wp-json\/wp\/v2\/posts\/93273\/revisions"}],"wp:featuredmedia":[{"embeddable":true,"href":"http:\/\/hoycordobaweb.com\/index.php\/wp-json\/wp\/v2\/media\/93274"}],"wp:attachment":[{"href":"http:\/\/hoycordobaweb.com\/index.php\/wp-json\/wp\/v2\/media?parent=93273"}],"wp:term":[{"taxonomy":"category","embeddable":true,"href":"http:\/\/hoycordobaweb.com\/index.php\/wp-json\/wp\/v2\/categories?post=93273"},{"taxonomy":"post_tag","embeddable":true,"href":"http:\/\/hoycordobaweb.com\/index.php\/wp-json\/wp\/v2\/tags?post=93273"}],"curies":[{"name":"wp","href":"https:\/\/api.w.org\/{rel}","templated":true}]}}