{"id":93184,"date":"2025-01-03T22:59:55","date_gmt":"2025-01-03T22:59:55","guid":{"rendered":"https:\/\/www.ole.com.ar\/san-lorenzo\/san-lorenzo-gonzalo-lujan-deuda-intimacion-libre-inter-miami-messi_0_ct5EKf6nkP.html"},"modified":"2025-01-03T22:59:55","modified_gmt":"2025-01-03T22:59:55","slug":"lujan-en-conflicto-con-san-lorenzo-se-iria-con-messi-al-inter-miami","status":"publish","type":"post","link":"http:\/\/hoycordobaweb.com\/index.php\/2025\/01\/03\/lujan-en-conflicto-con-san-lorenzo-se-iria-con-messi-al-inter-miami\/","title":{"rendered":"Luj\u00e1n, en conflicto con San Lorenzo, se ir\u00eda con Messi al Inter Miami"},"content":{"rendered":"<p><img src=\"http:\/\/hoycordobaweb.com\/wp-content\/uploads\/2025\/01\/lujan-en-conflicto-con-san-lorenzo-se-iria-con-messi-al-inter-miami.jpg\"><\/p>\n<p><time class=\"createDate\" datetime=\"2025-01-03T19:59:55-03:00\">03\/01\/2025 19:59hs.<\/time><\/p>\n<div id=\"storyBody\">\n<div class=\"custom-text \" readability=\"32.536193029491\">\n<p>Desde hace d\u00edas se conoci\u00f3 del inter\u00e9s del <strong><a href=\"https:\/\/www.ole.com.ar\/tema\/inter-miami.html\" title=\"Inter Miami\" alt=\"Inter Miami\" class=\"slug\">Inter Miami <\/a><\/strong>por <strong><a href=\"https:\/\/www.ole.com.ar\/tema\/gonzalo-lujan.html\" title=\"Gonzalo Luj\u00e1n\" alt=\"Gonzalo Luj\u00e1n\" class=\"slug\">Gonzalo Luj\u00e1n <\/a><\/strong>y a esta altura es <strong>casi un hecho<\/strong> que el defensor de 23 ser\u00e1 compa\u00f1ero de<strong> <a href=\"https:\/\/www.ole.com.ar\/tema\/lionel-messi.html\" title=\"Lionel Messi\" alt=\"Lionel Messi\" class=\"slug\">Leo Messi<\/a><\/strong>. Lo que resta por verse es en qu\u00e9 condiciones se va de <strong><a href=\"https:\/\/www.ole.com.ar\/tema\/san-lorenzo.html\" title=\"San Lorenzo\" alt=\"San Lorenzo\" class=\"slug\">San Lorenzo<\/a><\/strong>, ya que el futbolista todav\u00eda <strong>no se present\u00f3 a entrenar en este 2025, reclama una importante deuda y hasta podr\u00eda irse como jugador libre&#8230;<\/strong><\/p>\n<\/div>\n<div class=\"custom-text \" readability=\"36\">\n<p>Luj\u00e1n, que puede jugar como central o como lateral y que <strong>fue parte de la Selecci\u00f3n Sub 20 en el Preol\u00edmpico de Venezuela y en los Juegos Ol\u00edmpicos de Par\u00eds<\/strong>, todav\u00eda <strong>no apareci\u00f3 en ninguno de los dos entrenamientos que tuvo el plantel de Miguel \u00c1ngel Russo<\/strong> en lo que va de este 2025.<\/p>\n<\/div>\n<div class=\"custom-text \" readability=\"38\">\n<p>El pibe <strong>lleg\u00f3 hasta lucir la cinta de capit\u00e1n<\/strong> en su brazo en los \u00faltimos partidos del campeonato, pero al mismo tiempo<strong> fue de los jugadores m\u00e1s cuestionados por los hinchas<\/strong> y su futuro, se sab\u00eda, no iba a ser en Boedo. Incluso las primeras charlas con Inter Miami <strong>se habl\u00f3 de la posibilidad de un pr\u00e9stamo con una opci\u00f3n de compra obligatoria&#8230;<\/strong><\/p>\n<\/div>\n<div class=\"custom-text \" readability=\"35\">\n<p>Pero en el medio pasaron cosas. Es que cuando Luj\u00e1n <strong>renov\u00f3 su contrato a mediados del a\u00f1o pasado<\/strong>, acord\u00f3<strong> una serie de primas con una cl\u00e1usula que indicaba que el v\u00ednculo quedaba inmediatamente sin efecto en caso de no efectuarse esos pagos<\/strong>. Y eso ocurri\u00f3&#8230;<\/p>\n<\/div>\n<div class=\"custom-text \" readability=\"40\">\n<p>A la fecha, Luj\u00e1n <strong>tiene un saldo a favor cercano a los u$s 200.000<\/strong>, el cual<strong> viene reclamando desde hace rato<\/strong>. Previo al regreso a las pr\u00e1cticas, el futbolista<strong> intim\u00f3 al club a la espera de cobrar y poder acordar su salida a Las Garzas<\/strong> dej\u00e1ndole un ingreso de dinero al club, pero eso hasta el momento no ocurri\u00f3 y <strong>el plazo se vence el lunes<\/strong>. Si los billetes no aparecen, se ir\u00e1 como jugador libre&#8230;<\/p>\n<\/div>\n<div class=\"sc-a7166897-0 eoLsBE\" readability=\"6\">\n<section readability=\"2\"><picture><img alt=\"Muniain volvi\u00f3 a la Argentina: &quot;Lo que puedo decir es que estoy aqu\u00ed&quot;\" loading=\"lazy\" width=\"290\" height=\"290\" decoding=\"async\" data-nimg=\"1\" src=\"http:\/\/hoycordobaweb.com\/wp-content\/uploads\/2025\/01\/lujan-en-conflicto-con-san-lorenzo-se-iria-con-messi-al-inter-miami-2.jpg\"><\/picture>\n<p><span>Mir\u00e1 tambi\u00e9n<\/span><\/p>\n<hr>\n<h3>Muniain volvi\u00f3 a la Argentina: \u00abLo que puedo decir es que estoy aqu\u00ed\u00bb<\/h3>\n<\/p>\n<\/section>\n<\/div>\n<div class=\"sc-a7166897-0 eoLsBE\" readability=\"6.5\">\n<section readability=\"3\"><picture><img alt=\"Mercado de pases de 2025: refuerzos, bajas y nombres fuertes que pueden llegar\" loading=\"lazy\" width=\"290\" height=\"290\" decoding=\"async\" data-nimg=\"1\" src=\"http:\/\/hoycordobaweb.com\/wp-content\/uploads\/2025\/01\/lujan-en-conflicto-con-san-lorenzo-se-iria-con-messi-al-inter-miami-3.jpg\"><\/picture>\n<p><span>Mir\u00e1 tambi\u00e9n<\/span><\/p>\n<hr>\n<h3>Mercado de pases de 2025: refuerzos, bajas y nombres fuertes que pueden llegar<\/h3>\n<\/p>\n<\/section>\n<\/div>\n<div class=\"sc-a7166897-0 eoLsBE\" readability=\"6\">\n<section readability=\"2\"><picture><img alt=\"Tigre pidi\u00f3 que San Lorenzo no pueda incorporar jugadores\" loading=\"lazy\" width=\"290\" height=\"290\" decoding=\"async\" data-nimg=\"1\" src=\"http:\/\/hoycordobaweb.com\/wp-content\/uploads\/2025\/01\/lujan-en-conflicto-con-san-lorenzo-se-iria-con-messi-al-inter-miami-4.jpg\"><\/picture>\n<p><span>Mir\u00e1 tambi\u00e9n<\/span><\/p>\n<hr>\n<h3>Tigre pidi\u00f3 que San Lorenzo no pueda incorporar jugadores<\/h3>\n<\/p>\n<\/section>\n<\/div>\n<div class=\"sc-a7166897-0 eoLsBE\" readability=\"6\">\n<section readability=\"2\"><picture><img alt=\"Emanuel Cecchini es el primer refuerzo de San Lorenzo en este 2025\" loading=\"lazy\" width=\"290\" height=\"290\" decoding=\"async\" data-nimg=\"1\" src=\"http:\/\/hoycordobaweb.com\/wp-content\/uploads\/2025\/01\/lujan-en-conflicto-con-san-lorenzo-se-iria-con-messi-al-inter-miami-5.jpg\"><\/picture>\n<p><span>Mir\u00e1 tambi\u00e9n<\/span><\/p>\n<hr>\n<h3>Emanuel Cecchini es el primer refuerzo de San Lorenzo en este 2025<\/h3>\n<\/p>\n<\/section>\n<\/div>\n<\/div>\n","protected":false},"excerpt":{"rendered":"<p>03\/01\/2025 19:59hs. Desde hace d\u00edas se conoci\u00f3 del inter\u00e9s del Inter Miami por Gonzalo Luj\u00e1n y a esta altura es casi un hecho que el defensor de 23 ser\u00e1 compa\u00f1ero de Leo Messi. Lo que resta por verse es en qu\u00e9 condiciones se va de San Lorenzo, ya que el futbolista todav\u00eda no se present\u00f3 [&hellip;]<\/p>\n","protected":false},"author":1,"featured_media":93185,"comment_status":"open","ping_status":"closed","sticky":false,"template":"","format":"standard","meta":[],"categories":[16],"tags":[],"_links":{"self":[{"href":"http:\/\/hoycordobaweb.com\/index.php\/wp-json\/wp\/v2\/posts\/93184"}],"collection":[{"href":"http:\/\/hoycordobaweb.com\/index.php\/wp-json\/wp\/v2\/posts"}],"about":[{"href":"http:\/\/hoycordobaweb.com\/index.php\/wp-json\/wp\/v2\/types\/post"}],"author":[{"embeddable":true,"href":"http:\/\/hoycordobaweb.com\/index.php\/wp-json\/wp\/v2\/users\/1"}],"replies":[{"embeddable":true,"href":"http:\/\/hoycordobaweb.com\/index.php\/wp-json\/wp\/v2\/comments?post=93184"}],"version-history":[{"count":0,"href":"http:\/\/hoycordobaweb.com\/index.php\/wp-json\/wp\/v2\/posts\/93184\/revisions"}],"wp:featuredmedia":[{"embeddable":true,"href":"http:\/\/hoycordobaweb.com\/index.php\/wp-json\/wp\/v2\/media\/93185"}],"wp:attachment":[{"href":"http:\/\/hoycordobaweb.com\/index.php\/wp-json\/wp\/v2\/media?parent=93184"}],"wp:term":[{"taxonomy":"category","embeddable":true,"href":"http:\/\/hoycordobaweb.com\/index.php\/wp-json\/wp\/v2\/categories?post=93184"},{"taxonomy":"post_tag","embeddable":true,"href":"http:\/\/hoycordobaweb.com\/index.php\/wp-json\/wp\/v2\/tags?post=93184"}],"curies":[{"name":"wp","href":"https:\/\/api.w.org\/{rel}","templated":true}]}}