{"id":93172,"date":"2025-01-03T23:06:08","date_gmt":"2025-01-03T23:06:08","guid":{"rendered":"https:\/\/manoamanocba.com.ar\/?p=6904"},"modified":"2025-01-03T23:06:08","modified_gmt":"2025-01-03T23:06:08","slug":"cuenta-regresiva-para-el-festival-de-penas-de-villa-maria","status":"publish","type":"post","link":"http:\/\/hoycordobaweb.com\/index.php\/2025\/01\/03\/cuenta-regresiva-para-el-festival-de-penas-de-villa-maria\/","title":{"rendered":"Cuenta regresiva para el Festival de Pe\u00f1as de Villa Mar\u00eda"},"content":{"rendered":"<p>Desde el viernes 7 al martes 11 de febrero el Anfiteatro de Villa Mar\u00eda vibrar\u00e1 con la <strong>edici\u00f3n 57<\/strong> del <strong>Festival de Pe\u00f1as de Villa Mar\u00eda.<\/strong> Uno de los eventos claves de la temporada estival de la provincia de C\u00f3rdoba ya tiene una grilla de artistas confirmada.<\/p>\n<p>El escenario principal contar\u00e1 con la presencia de reconocidos artistas nacionales e internacionales. Como en sus inicios, el \u00abFestival de Festivales\u00bb apuesta a la m\u00fasica tradicional argentina. Se podr\u00e1 disfrtar de una variedad de g\u00e9neros populares, como el&nbsp;folklore, tango, pop, latino, rock, blues, cuarteto, cumbia, como asi tambien n\u00fameros de humor y danzas.<\/p>\n<p>La noche inaugural, del viernes 7 de febrero, tendr\u00e1 como protagonistas al Chaque\u00f1o Palavecino, Los Manseros Santiague\u00f1os, Sergio Galleguillo y el \u201cIndio\u201d Lucio Rojas.<\/p>\n<p><a href=\"http:\/\/hoycordobaweb.com\/wp-content\/uploads\/2025\/01\/cuenta-regresiva-para-el-festival-de-penas-de-villa-maria.jpg\"><img loading=\"lazy\" fetchpriority=\"high\" decoding=\"async\" class=\"wp-image-6906 aligncenter\" src=\"http:\/\/hoycordobaweb.com\/wp-content\/uploads\/2025\/01\/cuenta-regresiva-para-el-festival-de-penas-de-villa-maria.jpg\" alt width=\"393\" height=\"698\" srcset=\"http:\/\/hoycordobaweb.com\/wp-content\/uploads\/2025\/01\/cuenta-regresiva-para-el-festival-de-penas-de-villa-maria.jpg 1080w, http:\/\/hoycordobaweb.com\/wp-content\/uploads\/2025\/01\/cuenta-regresiva-para-el-festival-de-penas-de-villa-maria-1.jpg 169w, http:\/\/hoycordobaweb.com\/wp-content\/uploads\/2025\/01\/cuenta-regresiva-para-el-festival-de-penas-de-villa-maria-2.jpg 576w, http:\/\/hoycordobaweb.com\/wp-content\/uploads\/2025\/01\/cuenta-regresiva-para-el-festival-de-penas-de-villa-maria-3.jpg 768w, http:\/\/hoycordobaweb.com\/wp-content\/uploads\/2025\/01\/cuenta-regresiva-para-el-festival-de-penas-de-villa-maria-4.jpg 864w\" sizes=\"(max-width: 393px) 100vw, 393px\"><\/a><\/p>\n<p>Adem\u00e1s del evento principal que se desarrolla en el Anfiteatro \u00abCentenario\u00bb, tendr\u00e1 un variado recorrido pe\u00f1ero. En el se podr\u00e1 disfrutar de pe\u00f1as, espect\u00e1culos musicales y de una variada oferta gastron\u00f3mica regional y del mundo entero.<\/p>\n<h2>Grilla de artistas<\/h2>\n<p>El Festival de Villa Mar\u00eda 2025 empieza a las&nbsp;<strong>20:30 hs<\/strong>. No obstante, es importante destacar que los espect\u00e1culos centrales y la televisaci\u00f3n comienzan alrededor de las&nbsp;<strong>22:00 hs<\/strong>.<\/p>\n<h3>Viernes:<\/h3>\n<ul>\n<li>El Chaque\u00f1o Palavecino<\/li>\n<li>Los Manseros Santiague\u00f1os<\/li>\n<li>Los Tekis<\/li>\n<li>Sergio Galleguillo<\/li>\n<li>El \u00abIndio\u00bb Lucio Rojas.<\/li>\n<\/ul>\n<h3>S\u00e1bado:<\/h3>\n<ul>\n<li class=\"info-artistas-evento\">El Puma Rodriguez<\/li>\n<li class=\"info-artistas-evento\">Luciano Pereyra<\/li>\n<li class=\"info-artistas-evento\">Los Palmeras<\/li>\n<li class=\"info-artistas-evento\">J Mena (Jimena Bar\u00f3n)<\/li>\n<\/ul>\n<h3>Domingo:<\/h3>\n<ul>\n<li class=\"info-artistas-evento\">Abel Pintos<\/li>\n<li class=\"info-artistas-evento\">Angela Leiva<\/li>\n<li class=\"info-artistas-evento\">Jorge Rojas<\/li>\n<li class=\"info-artistas-evento\">Destino San Javier<\/li>\n<\/ul>\n<div class=\"row\" readability=\"10.734771573604\">\n<h3 class=\"col-md-6\">Lunes:<\/h3>\n<div readability=\"16.58642765685\">\n<ul>\n<li class=\"info-artistas-evento\">Q\u2019 Lokura<\/li>\n<li class=\"info-artistas-evento\">Euge Quevedo y LBC (La Banda de Carlitos)<\/li>\n<li class=\"info-artistas-evento\">La Barra<\/li>\n<li class=\"info-artistas-evento\">Valentino Merlo<\/li>\n<\/ul>\n<h3>Martes:<\/h3>\n<ul>\n<li class=\"info-artistas-evento\">Emanero<\/li>\n<li class=\"info-artistas-evento\">Luck Ra<\/li>\n<li class=\"info-artistas-evento\">La K\u2019onga<\/li>\n<li class=\"info-artistas-evento\">La Delio Valdez<\/li>\n<li class=\"info-artistas-evento\">Juli Cardozo<\/li>\n<\/ul>\n<h2>D\u00f3nde adquirir las entradas<\/h2>\n<p>Los puntos de venta habilitados para comprar de forma presencial son el Ente de Deporrte y Turismo en Villa Mar\u00eda, Tarjeta Marcos Ju\u00e1rez (Belgrano 681). y Disquer\u00eda Ed\u00e9n (Obispo Trejo 15 esquina De\u00e1n Funes) en C\u00f3rdoba Capital. En el sitio web de <a href=\"http:\/\/edenentradas.com.ar\/\" target=\"_blank\" rel=\"noopener noreferrer\">edenentradas.com.ar <\/a>podr\u00e1n adquirirse de forma online las entradas para el Festival de Pe\u00f1as Villa Mar\u00eda 2025.<\/p>\n<p>El precio de las entradas var\u00edan seg\u00fan los artistas que se presentan y la ubicaci\u00f3n seleccionada. Los precios van <b>desde los 20.000 pesos<\/b> <strong>hasta&nbsp; los 75.000 pesos<\/strong> la platea vip dorada del s\u00e1bado 8 y domingo 9.<\/p>\n<p><em>Foto: Gobierno de C\u00f3rdoba<\/em><\/p>\n<\/div>\n<\/div>\n","protected":false},"excerpt":{"rendered":"<p>Desde el viernes 7 al martes 11 de febrero el Anfiteatro de Villa Mar\u00eda vibrar\u00e1 con la edici\u00f3n 57 del Festival de Pe\u00f1as de Villa Mar\u00eda. Uno de los eventos claves de la temporada estival de la provincia de C\u00f3rdoba ya tiene una grilla de artistas confirmada. El escenario principal contar\u00e1 con la presencia de [&hellip;]<\/p>\n","protected":false},"author":1,"featured_media":93173,"comment_status":"closed","ping_status":"closed","sticky":false,"template":"","format":"standard","meta":[],"categories":[19],"tags":[],"_links":{"self":[{"href":"http:\/\/hoycordobaweb.com\/index.php\/wp-json\/wp\/v2\/posts\/93172"}],"collection":[{"href":"http:\/\/hoycordobaweb.com\/index.php\/wp-json\/wp\/v2\/posts"}],"about":[{"href":"http:\/\/hoycordobaweb.com\/index.php\/wp-json\/wp\/v2\/types\/post"}],"author":[{"embeddable":true,"href":"http:\/\/hoycordobaweb.com\/index.php\/wp-json\/wp\/v2\/users\/1"}],"replies":[{"embeddable":true,"href":"http:\/\/hoycordobaweb.com\/index.php\/wp-json\/wp\/v2\/comments?post=93172"}],"version-history":[{"count":0,"href":"http:\/\/hoycordobaweb.com\/index.php\/wp-json\/wp\/v2\/posts\/93172\/revisions"}],"wp:featuredmedia":[{"embeddable":true,"href":"http:\/\/hoycordobaweb.com\/index.php\/wp-json\/wp\/v2\/media\/93173"}],"wp:attachment":[{"href":"http:\/\/hoycordobaweb.com\/index.php\/wp-json\/wp\/v2\/media?parent=93172"}],"wp:term":[{"taxonomy":"category","embeddable":true,"href":"http:\/\/hoycordobaweb.com\/index.php\/wp-json\/wp\/v2\/categories?post=93172"},{"taxonomy":"post_tag","embeddable":true,"href":"http:\/\/hoycordobaweb.com\/index.php\/wp-json\/wp\/v2\/tags?post=93172"}],"curies":[{"name":"wp","href":"https:\/\/api.w.org\/{rel}","templated":true}]}}