{"id":93103,"date":"2024-12-31T16:25:52","date_gmt":"2024-12-31T16:25:52","guid":{"rendered":"https:\/\/fono.fcm.unc.edu.ar\/?p=13095"},"modified":"2024-12-31T16:25:52","modified_gmt":"2024-12-31T16:25:52","slug":"receso-de-verano","status":"publish","type":"post","link":"http:\/\/hoycordobaweb.com\/index.php\/2024\/12\/31\/receso-de-verano\/","title":{"rendered":"Receso de verano"},"content":{"rendered":"<h2 class=\"fusion-post-title\">Receso de verano<\/h2>\n<div class=\"post-content\" readability=\"35\">\n<div id=\"attachment_13096\" class=\"wp-caption alignright\"><img loading=\"lazy\" fetchpriority=\"high\" decoding=\"async\" aria-describedby=\"caption-attachment-13096\" class=\"size-fusion-400 wp-image-13096\" src=\"https:\/\/fono.fcm.unc.edu.ar\/wp-content\/uploads\/sites\/14\/2025\/01\/Efemerides-2024-2-400x446.jpg\" alt width=\"400\" height=\"446\" srcset=\"https:\/\/fono.fcm.unc.edu.ar\/wp-content\/uploads\/sites\/14\/2025\/01\/Efemerides-2024-2-200x223.jpg 200w, https:\/\/fono.fcm.unc.edu.ar\/wp-content\/uploads\/sites\/14\/2025\/01\/Efemerides-2024-2-269x300.jpg 269w, https:\/\/fono.fcm.unc.edu.ar\/wp-content\/uploads\/sites\/14\/2025\/01\/Efemerides-2024-2-400x446.jpg 400w, https:\/\/fono.fcm.unc.edu.ar\/wp-content\/uploads\/sites\/14\/2025\/01\/Efemerides-2024-2-600x668.jpg 600w, https:\/\/fono.fcm.unc.edu.ar\/wp-content\/uploads\/sites\/14\/2025\/01\/Efemerides-2024-2-768x855.jpg 768w, https:\/\/fono.fcm.unc.edu.ar\/wp-content\/uploads\/sites\/14\/2025\/01\/Efemerides-2024-2-800x891.jpg 800w, https:\/\/fono.fcm.unc.edu.ar\/wp-content\/uploads\/sites\/14\/2025\/01\/Efemerides-2024-2-919x1024.jpg 919w, https:\/\/fono.fcm.unc.edu.ar\/wp-content\/uploads\/sites\/14\/2025\/01\/Efemerides-2024-2.jpg 1080w\" sizes=\"(max-width: 400px) 100vw, 400px\"><\/p>\n<p id=\"caption-attachment-13096\" class=\"wp-caption-text\">Efem\u00e9rides 2024 \u2013 76<\/p>\n<\/div>\n<p>La Escuela de Fonoaudiolog\u00eda informa que a partir del 31 de diciembre de 2024 inicia el receso de verano.<\/p>\n<p>Nos encontramos en el 2025.<br \/>Al regresar con las actividades se retomar\u00e1n:<\/p>\n<ul>\n<li>Inscripci\u00f3n Tard\u00eda Ingreso 2025 a la carrera.<\/li>\n<li>Fortaleciendo acad\u00e9mico.<\/li>\n<li>Tr\u00e1mite de egreso para la Colaci\u00f3n de julio 2025.<\/li>\n<li>Inscripciones a los ex\u00e1menes de las mesas febrero-marzo.<\/li>\n<\/ul><\/div>\n","protected":false},"excerpt":{"rendered":"<p>Receso de verano Efem\u00e9rides 2024 \u2013 76 La Escuela de Fonoaudiolog\u00eda informa que a partir del 31 de diciembre de 2024 inicia el receso de verano. Nos encontramos en el 2025.Al regresar con las actividades se retomar\u00e1n: Inscripci\u00f3n Tard\u00eda Ingreso 2025 a la carrera. Fortaleciendo acad\u00e9mico. Tr\u00e1mite de egreso para la Colaci\u00f3n de julio 2025. [&hellip;]<\/p>\n","protected":false},"author":1,"featured_media":0,"comment_status":"closed","ping_status":"closed","sticky":false,"template":"","format":"standard","meta":[],"categories":[1],"tags":[],"_links":{"self":[{"href":"http:\/\/hoycordobaweb.com\/index.php\/wp-json\/wp\/v2\/posts\/93103"}],"collection":[{"href":"http:\/\/hoycordobaweb.com\/index.php\/wp-json\/wp\/v2\/posts"}],"about":[{"href":"http:\/\/hoycordobaweb.com\/index.php\/wp-json\/wp\/v2\/types\/post"}],"author":[{"embeddable":true,"href":"http:\/\/hoycordobaweb.com\/index.php\/wp-json\/wp\/v2\/users\/1"}],"replies":[{"embeddable":true,"href":"http:\/\/hoycordobaweb.com\/index.php\/wp-json\/wp\/v2\/comments?post=93103"}],"version-history":[{"count":0,"href":"http:\/\/hoycordobaweb.com\/index.php\/wp-json\/wp\/v2\/posts\/93103\/revisions"}],"wp:attachment":[{"href":"http:\/\/hoycordobaweb.com\/index.php\/wp-json\/wp\/v2\/media?parent=93103"}],"wp:term":[{"taxonomy":"category","embeddable":true,"href":"http:\/\/hoycordobaweb.com\/index.php\/wp-json\/wp\/v2\/categories?post=93103"},{"taxonomy":"post_tag","embeddable":true,"href":"http:\/\/hoycordobaweb.com\/index.php\/wp-json\/wp\/v2\/tags?post=93103"}],"curies":[{"name":"wp","href":"https:\/\/api.w.org\/{rel}","templated":true}]}}