{"id":93079,"date":"2025-01-03T00:41:22","date_gmt":"2025-01-03T00:41:22","guid":{"rendered":"https:\/\/www.ole.com.ar\/equipos\/rosario-central\/franco-cervi-regresara-rosario-central-mercado-pases_0_85KNYKWoRm.html"},"modified":"2025-01-03T00:41:22","modified_gmt":"2025-01-03T00:41:22","slug":"fin-a-la-ilusion-franco-cervi-no-volvera-a-rosario-central","status":"publish","type":"post","link":"http:\/\/hoycordobaweb.com\/index.php\/2025\/01\/03\/fin-a-la-ilusion-franco-cervi-no-volvera-a-rosario-central\/","title":{"rendered":"Fin a la ilusi\u00f3n: Franco Cervi no volver\u00e1 a Rosario Central"},"content":{"rendered":"<p><img src=\"http:\/\/hoycordobaweb.com\/wp-content\/uploads\/2025\/01\/fin-a-la-ilusion-franco-cervi-no-volvera-a-rosario-central.jpg\"><\/p>\n<p><span class=\"createDate\">02\/01\/2025 21:41hs.<\/span><time class=\"modificatedDate\" datetime=\"2025-01-02T22:23:06-03:00\"> Actualizado al 02\/01\/2025 22:23hs.<\/time><\/p>\n<div id=\"storyBody\">\n<div class=\"custom-text \" readability=\"37.261261261261\">\n<p><strong>Finalmente <a href=\"https:\/\/www.ole.com.ar\/tema\/franco-cervi.html\" title=\"Franco Cervi\" alt=\"Franco Cervi\" class=\"slug\">Franco Cervi<\/a> no pegar\u00e1 la vuelta a <a href=\"https:\/\/www.ole.com.ar\/tema\/rosario-central.html\" title=\"Rosario Central\" alt=\"Rosario Central\" class=\"slug\">Rosario Central<\/a>.<\/strong> Si bien en este inicio de a\u00f1o se hab\u00eda generado una gran ilusi\u00f3n entre los hinchas del Canalla, el volante salido de las Inferiores tom\u00f3 la decisi\u00f3n de no regresar al pa\u00eds, <strong>por lo que <a href=\"https:\/\/www.ole.com.ar\/tema\/ariel-holan.html\" title=\"Ariel Holan\" alt=\"Ariel Holan\" class=\"slug\">Ariel Holan<\/a> contin\u00faa sin recibir refuerzos de cara a la temporada que se viene.<\/strong> De este modo, se confirma uno de los temores que ten\u00eda la dirigencia de Central, aunque sab\u00edan que pod\u00eda ocurrir, ya que era muy complicado llegar a un acuerdo para que el jugador del Celta de Vigo volviera a su casa.<\/p>\n<\/div>\n<div class=\"custom-text \" readability=\"38\">\n<p>\u00bfPero qu\u00e9 pas\u00f3? Si bien es cierto que la CD tuvo contactos con el jugador y su entorno para convencerlo mientras pasaba sus vacaciones en su San Lorenzo natal, <strong>el volante no tiene inter\u00e9s en retornar al pa\u00eds ya que cuenta con contrato en el Celta de Vigo hasta mediados del 2026. <\/strong>Y si bien no va a ser tenido en cuenta, <strong>Cervi a\u00fan siente que tiene m\u00e1s para dar en Europa<\/strong>, por lo que saldr\u00e1 en busca de ofertas que le permitan continuar su carrera en el Viejo Continente o sino ganarse un lugar en el equipo espa\u00f1ol.<\/p>\n<\/div>\n<div class=\"custom-text \" readability=\"40\">\n<p>Lo cierto es que la poca continuidad que ven\u00eda teniendo el volante de 30 a\u00f1os gener\u00f3 la ilusi\u00f3n en Central de que podr\u00eda pegar la vuelta. Y es que en Vigo pr\u00e1cticamente no viene jugando: <strong>apenas particip\u00f3 en cuatro partidos en esta temporada (194 minutos) contando todas las competencias.<\/strong> De todos modos, el inter\u00e9s de Central y los sondeos de San Lorenzo y Uni\u00f3n no son las \u00fanicas posibilidades que se le abr\u00edan a Cervi. <strong>El Deportivo Alav\u00e9s que dirige el Chacho Coudet (quien ya fue su det\u00e9 hace unos a\u00f1os en el Celta) se muestra como uno de los posibles destinos para el ex Benfica, que ver\u00eda con buenos ojos una salida a pr\u00e9stamo.<\/strong> A su vez, el Celta tambi\u00e9n estar\u00eda recibiendo sondeos del Deportivo La Coru\u00f1a, por lo que <strong>lo m\u00e1s probable es que Cervi contin\u00fae su carrera en Espa\u00f1a, <\/strong>por lo que Central tendr\u00e1 que esperar por lo menos unos a\u00f1os m\u00e1s para volver a so\u00f1ar con su regreso.<\/p>\n<\/div>\n<div class=\"sc-e7b891c4-0 ifHnQL image-embed\"><img alt=\"El Chacho Coudet estar\u00eda interesado en llevarlo al Alav\u00e9s (Photo by MIGUEL RIOPA \/ AFP)\" loading=\"lazy\" width=\"720\" height=\"100\" decoding=\"async\" data-nimg=\"1\" src=\"http:\/\/hoycordobaweb.com\/wp-content\/uploads\/2025\/01\/fin-a-la-ilusion-franco-cervi-no-volvera-a-rosario-central-2.jpg\"><span class=\"epigraphe\">El Chacho Coudet estar\u00eda interesado en llevarlo al Alav\u00e9s (Photo by MIGUEL RIOPA \/ AFP)<\/span><\/div>\n<p><h2><strong>Dami\u00e1n Mart\u00ednez, una baja sensible para Rosario Central<\/strong><\/h2>\n<\/p>\n<div class=\"custom-text \" readability=\"39\">\n<p>El a\u00f1o no arranc\u00f3 de la mejor manera para Rosario Central, que de la mano de Ariel Holan buscar\u00e1 levantar el flojo nivel que mostr\u00f3 el equipo durante el 2024, muy alejado de la gran versi\u00f3n del Canalla que gan\u00f3 la Copa LPF 2023. Y justamente hablando de eso, <strong>se confirm\u00f3 que el equipo no contar\u00e1 m\u00e1s con Dami\u00e1n Mart\u00ednez, pieza clave de aquel campeonato.<\/strong><\/p>\n<\/div>\n<div class=\"custom-text \" readability=\"42\">\n<p><strong>El lateral no renov\u00f3 su contrato, por lo que se va con el pase en su poder luego de haber estado cinco a\u00f1os en el club<\/strong>, en los que jug\u00f3 152 partidos, anot\u00f3 nueve goles y convid\u00f3 14 asistencias, <strong>siendo acaso la m\u00e1s importante la que le dio a Maximiliano Lovera para que convirtiera el 1-0 a Platense que le termin\u00f3 dando el t\u00edtulo a Central.<\/strong> Y es que m\u00e1s all\u00e1 de eso, se va un zaguero que deja un buen recuerdo entre los hinchas, ya que cumpli\u00f3 con creces y transmiti\u00f3 seguridad, pero sobre todo ganas en cada pelota que le toc\u00f3 disputar.<\/p>\n<\/div>\n<div class=\"custom-text \" readability=\"37\">\n<p>Sin embargo, a sus 34 a\u00f1os y a pesar de que ven\u00eda alternando titularidades con suplencias<strong>, Dami\u00e1n Mart\u00ednez entendi\u00f3 que su ciclo ya estaba cumplido<\/strong> y que era hora de volver a una ciudad conocida: Santa Fe. <strong>Y es que ya tendr\u00eda todo arreglado para pegar la vuelta a Uni\u00f3n <\/strong>y sumarse al plantel del Kily Gonz\u00e1lez que lo considera como una figura de peso para reforzar el sector derecho del campo.<\/p>\n<\/div>\n<div class=\"sc-734b4696-1 kFfZtB\">\n<div class=\"sc-d00d9e74-0 hnHYbk\" type=\"embed\">\n<div class=\"sc-d00d9e74-1 iKVbz videoText\" id=\"contentTitleembedwY3u3rSr\" type=\"embed\"><svg fill=\"#ffffff\"><symbol id=\"play\" viewBox=\"0 0 512 512\"><path d=\"M512 256C512 397.4 397.4 512 256 512C114.6 512 0 397.4 0 256C0 114.6 114.6 0 256 0C397.4 0 512 114.6 512 256zM176 168V344C176 352.7 180.7 360.7 188.3 364.9C195.8 369.2 205.1 369 212.5 364.5L356.5 276.5C363.6 272.1 368 264.4 368 256C368 247.6 363.6 239.9 356.5 235.5L212.5 147.5C205.1 142.1 195.8 142.8 188.3 147.1C180.7 151.3 176 159.3 176 168V168z\" \/><\/symbol><use xlink:href=\"#play\" \/><\/svg><\/p>\n<div class=\"right\">\n<p>Rosario Central<!-- --> &#8211; <span>&nbsp;<\/span><\/p>\n<h2 class=\"title-vid\">Golazo de Lovera para el 1-0 de Central<\/h2>\n<\/div>\n<\/div>\n<p><span class=\"back\" id=\"spanBackembedwY3u3rSr\"><\/span><\/div>\n<p class=\"JWvideoNota_title\">Video: TNT Sports.\n<\/p>\n<\/div>\n<p><h2><strong>Holan y una pretemporada que arrancar\u00e1 sin caras nuevas<\/strong><\/h2>\n<\/p>\n<div class=\"custom-text \" readability=\"40\">\n<p><strong>Este viernes el plantel est\u00e1 citado para dar inicio a los trabajos precompetitivos con Ariel Holan<\/strong>, quien considera esta etapa como de extrema relevancia para aceitar su idea luego de un comienzo irregular en los que gan\u00f3 dos partidos, empat\u00f3 uno y perdi\u00f3 dos. Pero lo cierto es que, a priori, el inicio de la pretemporada no ser\u00e1 de la manera que \u00e9l imaginaba como ideal, <strong>ya que Central a\u00fan no pudo cerrar a ning\u00fan refuerzo de momento.<\/strong><\/p>\n<\/div>\n<div class=\"custom-text \" readability=\"40\">\n<p>De todos modos, y a pesar de que no trascendieron demasiados nombres, hay algunos frentes abiertos. <strong>Una de las prioridades del t\u00e9cnico es reforzar el lateral derecho, y ah\u00ed aparece el nombre de Leonardo Godoy<\/strong>, actual jugador del Athletico Paranaense. Central ya hizo dos ofertas por el 50% del pase del defensor. La primera fue rechazada, pero la segunda estar\u00eda siendo considerada por el club brasile\u00f1o. Su llegada ser\u00eda ideal para cubrir la baja de Dami\u00e1n Fern\u00e1ndez. <\/p>\n<\/div>\n<div class=\"custom-text \" readability=\"39\">\n<p>Por el lateral izquierdo, la situaci\u00f3n tambi\u00e9n est\u00e1 en movimiento. En su momento, <strong>Central pregunt\u00f3 condiciones por Tob\u00edas Ostchega<\/strong>, cuyo pase pertenece a Belgrano y estuvo a pr\u00e9stamo en Independiente Rivadavia. No se descarta que se haga un nuevo intento por el cordob\u00e9s. Adem\u00e1s, <strong>Holan tambi\u00e9n habr\u00eda pedido un volante y un delantero.<\/strong><\/p>\n<\/div>\n<div class=\"custom-text \" readability=\"40\">\n<p>Por otro lado,<strong> en el inicio de la pretemporada Holan deber\u00e1 evaluar a varios jugadores que regresan de sus pr\u00e9stamos. <\/strong>Entre ellos, Luciano Ferreyra, Ignacio Russo, Franco Fr\u00edas, Ulises Ciccioli y Marcelo Acosta tendr\u00e1n que demostrar si tienen un lugar en el plantel o si buscan nuevos horizontes. Son tiempos de definiciones en el Canalla luego del no de Franco Cervi.<\/p>\n<\/div>\n<div class=\"sc-e7b891c4-0 ifHnQL image-embed\"><img alt=\"Ariel Holan arma su rompecabezas en Central (@RosarioCentral).\" loading=\"lazy\" width=\"720\" height=\"100\" decoding=\"async\" data-nimg=\"1\" src=\"http:\/\/hoycordobaweb.com\/wp-content\/uploads\/2025\/01\/fin-a-la-ilusion-franco-cervi-no-volvera-a-rosario-central-3.jpg\"><span class=\"epigraphe\">Ariel Holan arma su rompecabezas en Central (@RosarioCentral).<\/span><\/div>\n<p><h2>El nuevo sponsor de la camiseta de Central<\/h2>\n<\/p>\n<div class=\"custom-text \" readability=\"43\">\n<p>El Canalla se vestir\u00e1 nuevamente con una marca que ya utiliz\u00f3 en los 90. \u00abLe Coq Sportif vuelve a reforzar su v\u00ednculo con en el f\u00fatbol argentino, esta vez lo hace a trav\u00e9s de una alianza estrat\u00e9gica con el Club Atl\u00e9tico Rosario Central. La emblem\u00e1tica instituci\u00f3n argentina, Rosario Central, ha recorrido una rica historia llena de glorias deportivas, pasiones, y una fuerte conexi\u00f3n con su hinchada. Entre los muchos momentos que han marcado la vida del club, se encuentra la relaci\u00f3n con Le Coq Sportif, \u00edcono inquebrantable entre los fan\u00e1ticos del Canalla\u00bb, dice el comunicado de la marca.<\/p>\n<\/div>\n<div class=\"custom-text \" readability=\"44\">\n<p>\u00abEsta nueva acci\u00f3n de patrocinio que lleva adelante Le Coq Sportif, se suma a una importante cantidad de acuerdos que se vienen desarrollando con diferentes deportistas como los tenistas Sebasti\u00e1n B\u00e1ez y Lourdes Carle, la dupla de regatistas Majdalani- Bosco, y entidades como el Club Atl\u00e9tico Talleres de C\u00f3rdoba, la Uni\u00f3n Argentina de Rugby (con Los Pumas, Pumas 7\u00b4s, Pumitas y Yaguaret\u00e9s), la Federaci\u00f3n del V\u00f3leibol Argentino, el Comit\u00e9 Ol\u00edmpico Argentino y el Comit\u00e9 Paral\u00edmpico Argentino\u00bb, contin\u00faa.<\/p>\n<\/div>\n<div class=\"custom-text \" readability=\"45\">\n<p>\u00abPara la marca, seguir posicion\u00e1ndose en el f\u00fatbol argentino a trav\u00e9s del apoyo a profesionales y fan\u00e1ticos de este apasionante deporte, es continuar un camino de larga data que incluye, entre otros grandes momentos, aquel inolvidable Campeonato Mundial de 1986 con la Selecci\u00f3n Nacional. La conexi\u00f3n \u00fanica que Rosario Central mantiene con sus hinchas y la marca, se remonta a los a\u00f1os 90 cuando Le Coq Sportif acompa\u00f1\u00f3 al equipo en algunas de sus gestas m\u00e1s memorables, como la obtenci\u00f3n de la Copa Conmebol 1995, generando un fuerte v\u00ednculo alimentado por los \u00e9xitos y los momentos de felicidad. Esta relaci\u00f3n ha trascendido el tiempo, manteni\u00e9ndose imborrable en el coraz\u00f3n de los hinchas; y este 2025, 30 a\u00f1os despu\u00e9s de aquella hist\u00f3rica haza\u00f1a en el plano internacional, nos vuelve a encontrar juntos\u00bb.<\/p>\n<\/div>\n<div class=\"custom-text \" readability=\"34\">\n<p>La nueva indumentaria de Le Coq Sportif para el Club Atl\u00e9tico Rosario Central ser\u00e1 presentada en la semana previa al inicio del Torneo Apertura. Dicha colecci\u00f3n estar\u00e1 disponible en las tiendas oficiales del club como as\u00ed tambi\u00e9n en los principales locales de deportes del pa\u00eds.<\/p>\n<\/div>\n<div class=\"sc-a7166897-0 eoLsBE\" readability=\"6\">\n<section readability=\"2\"><picture><img alt=\"Por qu\u00e9 Enzo P\u00e9rez es refuerzo top: el vestuario y su aura\" loading=\"lazy\" width=\"290\" height=\"290\" decoding=\"async\" data-nimg=\"1\" src=\"http:\/\/hoycordobaweb.com\/wp-content\/uploads\/2025\/01\/fin-a-la-ilusion-franco-cervi-no-volvera-a-rosario-central-4.jpg\"><\/picture>\n<p><span>Mir\u00e1 tambi\u00e9n<\/span><\/p>\n<hr>\n<h3>Por qu\u00e9 Enzo P\u00e9rez es refuerzo top: el vestuario y su aura<\/h3>\n<\/p>\n<\/section>\n<\/div>\n<div class=\"sc-a7166897-0 eoLsBE\" readability=\"6.5\">\n<section readability=\"3\"><picture><img alt=\"Plan V: cu\u00e1ndo espera cerrar Boca a Velasco y el rol que ocupar\u00eda si se confirma el pase\" loading=\"lazy\" width=\"290\" height=\"290\" decoding=\"async\" data-nimg=\"1\" src=\"http:\/\/hoycordobaweb.com\/wp-content\/uploads\/2025\/01\/fin-a-la-ilusion-franco-cervi-no-volvera-a-rosario-central-5.jpg\"><\/picture>\n<p><span>Mir\u00e1 tambi\u00e9n<\/span><\/p>\n<hr>\n<h3>Plan V: cu\u00e1ndo espera cerrar Boca a Velasco y el rol que ocupar\u00eda si se confirma el pase<\/h3>\n<\/p>\n<\/section>\n<\/div>\n<div class=\"sc-a7166897-0 eoLsBE\" readability=\"6\">\n<section readability=\"2\"><picture><img alt=\"Nicol\u00e1s Gait\u00e1n podr\u00eda dejar Sarmiento\" loading=\"lazy\" width=\"290\" height=\"290\" decoding=\"async\" data-nimg=\"1\" src=\"http:\/\/hoycordobaweb.com\/wp-content\/uploads\/2025\/01\/fin-a-la-ilusion-franco-cervi-no-volvera-a-rosario-central-6.jpg\"><\/picture>\n<p><span>Mir\u00e1 tambi\u00e9n<\/span><\/p>\n<hr>\n<h3>Nicol\u00e1s Gait\u00e1n podr\u00eda dejar Sarmiento<\/h3>\n<\/p>\n<\/section>\n<\/div>\n<div class=\"sc-a7166897-0 eoLsBE\" readability=\"6\">\n<section readability=\"2\"><picture><img alt=\"&quot;Rid\u00edcula&quot; primera oferta por Juanfer Quintero del Am\u00e9rica\" loading=\"lazy\" width=\"290\" height=\"290\" decoding=\"async\" data-nimg=\"1\" src=\"http:\/\/hoycordobaweb.com\/wp-content\/uploads\/2025\/01\/fin-a-la-ilusion-franco-cervi-no-volvera-a-rosario-central-7.jpg\"><\/picture>\n<p><span>Mir\u00e1 tambi\u00e9n<\/span><\/p>\n<hr>\n<h3>\u00abRid\u00edcula\u00bb primera oferta por Juanfer Quintero del Am\u00e9rica<\/h3>\n<\/p>\n<\/section>\n<\/div>\n<\/div>\n","protected":false},"excerpt":{"rendered":"<p>02\/01\/2025 21:41hs. Actualizado al 02\/01\/2025 22:23hs. Finalmente Franco Cervi no pegar\u00e1 la vuelta a Rosario Central. Si bien en este inicio de a\u00f1o se hab\u00eda generado una gran ilusi\u00f3n entre los hinchas del Canalla, el volante salido de las Inferiores tom\u00f3 la decisi\u00f3n de no regresar al pa\u00eds, por lo que Ariel Holan contin\u00faa sin [&hellip;]<\/p>\n","protected":false},"author":1,"featured_media":93080,"comment_status":"open","ping_status":"closed","sticky":false,"template":"","format":"standard","meta":[],"categories":[16],"tags":[],"_links":{"self":[{"href":"http:\/\/hoycordobaweb.com\/index.php\/wp-json\/wp\/v2\/posts\/93079"}],"collection":[{"href":"http:\/\/hoycordobaweb.com\/index.php\/wp-json\/wp\/v2\/posts"}],"about":[{"href":"http:\/\/hoycordobaweb.com\/index.php\/wp-json\/wp\/v2\/types\/post"}],"author":[{"embeddable":true,"href":"http:\/\/hoycordobaweb.com\/index.php\/wp-json\/wp\/v2\/users\/1"}],"replies":[{"embeddable":true,"href":"http:\/\/hoycordobaweb.com\/index.php\/wp-json\/wp\/v2\/comments?post=93079"}],"version-history":[{"count":0,"href":"http:\/\/hoycordobaweb.com\/index.php\/wp-json\/wp\/v2\/posts\/93079\/revisions"}],"wp:featuredmedia":[{"embeddable":true,"href":"http:\/\/hoycordobaweb.com\/index.php\/wp-json\/wp\/v2\/media\/93080"}],"wp:attachment":[{"href":"http:\/\/hoycordobaweb.com\/index.php\/wp-json\/wp\/v2\/media?parent=93079"}],"wp:term":[{"taxonomy":"category","embeddable":true,"href":"http:\/\/hoycordobaweb.com\/index.php\/wp-json\/wp\/v2\/categories?post=93079"},{"taxonomy":"post_tag","embeddable":true,"href":"http:\/\/hoycordobaweb.com\/index.php\/wp-json\/wp\/v2\/tags?post=93079"}],"curies":[{"name":"wp","href":"https:\/\/api.w.org\/{rel}","templated":true}]}}