{"id":92979,"date":"2024-12-30T13:29:47","date_gmt":"2024-12-30T13:29:47","guid":{"rendered":"https:\/\/ladecimaweb.com\/?p=30595"},"modified":"2024-12-30T13:29:47","modified_gmt":"2024-12-30T13:29:47","slug":"passerini-inauguro-las-obras-de-recuperacion-de-la-plaza-ceferino-namuncura-en-santa-isabel-iii","status":"publish","type":"post","link":"http:\/\/hoycordobaweb.com\/index.php\/2024\/12\/30\/passerini-inauguro-las-obras-de-recuperacion-de-la-plaza-ceferino-namuncura-en-santa-isabel-iii\/","title":{"rendered":"Passerini inaugur\u00f3 las obras de recuperaci\u00f3n de la plaza Ceferino Namuncur\u00e1 en Santa Isabel III"},"content":{"rendered":"<div class=\"boldgrid-section\">\n<div class=\"container\">\n<div class=\"row\">\n<div class=\"col-md-12 col-xs-12 col-sm-12\">\n<p class=\"\"><strong>Barrio Santa Isabel III Secci\u00f3n<\/strong> ahora tiene una <strong>plaza que es el centro deportivo y recreativo<\/strong> de los m\u00e1s de 4.000 vecinos y vecinas que residen en las inmediaciones. El intendente Daniel Passerini junto a la titular del COyS, Ver\u00f3nica Bruera, inauguraron la <strong>recuperaci\u00f3n del espacio.<\/strong><\/p>\n<p class=\"\">En los 7000 m2 ubicados a metros de Av. Armada Argentina<strong> se instal\u00f3 equipamiento de entretenimiento<\/strong> entre los que se destaca el sube y baja, calesita, hamacas, toboganes; as\u00ed como tambi\u00e9n juegos inclusivos para personas con movilidad reducida.<\/p>\n<p class=\"\">\u00abHa sido un a\u00f1o que a todos nos ha costado mucho llevarlo adelante, pero en C\u00f3rdoba lo hicimos de la mejor manera, trabajando todos juntos\u00bb, afirm\u00f3 el intendente, <strong>Daniel Passerini.<\/strong><\/p>\n<p class=\"\">\u00abEstamos orgullosos de haber construido esto junto al Centro Vecinal.<strong> Esta obra es patrimonio del barrio, de los vecinos<\/strong> y a partir de ahora es un orgullo de todos los cordobeses\u00bb, cerr\u00f3 el mandatario.<\/p>\n<p class=\"\">Por su parte, la titular del COyS, Ver\u00f3nica Bruera, expres\u00f3: \u00abHemos trabajado todo el a\u00f1o para lograr este objetivo, respondiendo a una serie de requerimientos y solicitudes de los vecinos a trav\u00e9s del centro vecinal, que quer\u00edan que su plaza no solamente estuviera nueva, sino que adem\u00e1s estuviera mucho m\u00e1s linda de lo que hab\u00eda estado antes\u00bb.<\/p>\n<p class=\"\"><strong>Para los que deciden hacer actividad f\u00edsica,<\/strong> cuenta con dos caminadoras simples, barras, juegos de volantes y banco simple para hacer abdominales.<\/p>\n<p class=\"\"><strong>La cancha de b\u00e1sque<\/strong>t ya exist\u00eda, pero fue mejorada con nuevos aros y un cerco perimetral, separando el espacio entre los que eligen hacer deporte y los que utilizan la plaza de modo recreativo.<\/p>\n<p class=\"\">Con el fin de albergar actividades culturales y ferias barriales con participaci\u00f3n comunitaria, se construy\u00f3 una p\u00e9rgola de 140 m2.<\/p>\n<p class=\"\">La plaza cuenta con un dispositivo que contiene un <strong>meg\u00e1fono instalado para reproducir m\u00fasica,<\/strong> y una bocina de alerta para solicitar ayuda r\u00e1pidamente.<\/p>\n<p>Se crearon senderos y \u00e1reas equipadas con bancos y mesas de hormig\u00f3n, invitando a la permanencia; adem\u00e1s de cestos de basura por toda la superficie.<\/p>\n<p>Las estatuas de la plaza fueron puestas en valor, tanto la de la Virgen como la de Ceferino. Tambi\u00e9n se instal\u00f3 un m\u00e1stil de 8 metros de altura para fomentar el encuentro de actos patrios.<\/p>\n<p class=\"\">En todo el sector verde de incorporaron 710 plantines, entre lavandas, dietes, salvias de varios colores, penisetums y jazmines amarillos. Para su cuidado se instal\u00f3 un sistema de riego por aspersi\u00f3n.<\/p>\n<p>&nbsp;<\/p>\n<div class=\"ubm_banner\"><a href=\"https:\/\/www.cba.gov.ar\/dengue\/\" target=\"_blank\" rel=\"dofollow noopener noreferrer\"><img src=\"http:\/\/hoycordobaweb.com\/wp-content\/uploads\/2025\/01\/passerini-inauguro-las-obras-de-recuperacion-de-la-plaza-ceferino-namuncura-en-santa-isabel-iii.gif\" alt=\"\"><\/a><\/div>\n<\/div>\n<\/div>\n<\/div>\n<\/div>\n<p>La entrada <a rel=\"nofollow\" href=\"https:\/\/ladecimaweb.com\/30595-2\/\">Passerini inaugur\u00f3 las obras de recuperaci\u00f3n de la plaza Ceferino Namuncur\u00e1 en Santa Isabel III<\/a> se public\u00f3 primero en <a rel=\"nofollow\" href=\"https:\/\/ladecimaweb.com\">LaDecima<\/a>.<\/p>\n","protected":false},"excerpt":{"rendered":"<p>Barrio Santa Isabel III Secci\u00f3n ahora tiene una plaza que es el centro deportivo y recreativo de los m\u00e1s de 4.000 vecinos y vecinas que residen en las inmediaciones. El intendente Daniel Passerini junto a la titular del COyS, Ver\u00f3nica Bruera, inauguraron la recuperaci\u00f3n del espacio. En los 7000 m2 ubicados a metros de Av. [&hellip;]<\/p>\n","protected":false},"author":1,"featured_media":0,"comment_status":"closed","ping_status":"closed","sticky":false,"template":"","format":"standard","meta":[],"categories":[32],"tags":[],"_links":{"self":[{"href":"http:\/\/hoycordobaweb.com\/index.php\/wp-json\/wp\/v2\/posts\/92979"}],"collection":[{"href":"http:\/\/hoycordobaweb.com\/index.php\/wp-json\/wp\/v2\/posts"}],"about":[{"href":"http:\/\/hoycordobaweb.com\/index.php\/wp-json\/wp\/v2\/types\/post"}],"author":[{"embeddable":true,"href":"http:\/\/hoycordobaweb.com\/index.php\/wp-json\/wp\/v2\/users\/1"}],"replies":[{"embeddable":true,"href":"http:\/\/hoycordobaweb.com\/index.php\/wp-json\/wp\/v2\/comments?post=92979"}],"version-history":[{"count":0,"href":"http:\/\/hoycordobaweb.com\/index.php\/wp-json\/wp\/v2\/posts\/92979\/revisions"}],"wp:attachment":[{"href":"http:\/\/hoycordobaweb.com\/index.php\/wp-json\/wp\/v2\/media?parent=92979"}],"wp:term":[{"taxonomy":"category","embeddable":true,"href":"http:\/\/hoycordobaweb.com\/index.php\/wp-json\/wp\/v2\/categories?post=92979"},{"taxonomy":"post_tag","embeddable":true,"href":"http:\/\/hoycordobaweb.com\/index.php\/wp-json\/wp\/v2\/tags?post=92979"}],"curies":[{"name":"wp","href":"https:\/\/api.w.org\/{rel}","templated":true}]}}