{"id":92892,"date":"2024-12-31T22:55:56","date_gmt":"2024-12-31T22:55:56","guid":{"rendered":"https:\/\/www.ole.com.ar\/internacional\/balzers-fc-equipo-aficionados-mundo-furor-influencer-argentino_0_OORNXRu9sW.html"},"modified":"2024-12-31T22:55:56","modified_gmt":"2024-12-31T22:55:56","slug":"el-equipo-con-menos-hinchas-del-mundo-que-es-furor-por-un-influencer-argentino","status":"publish","type":"post","link":"http:\/\/hoycordobaweb.com\/index.php\/2024\/12\/31\/el-equipo-con-menos-hinchas-del-mundo-que-es-furor-por-un-influencer-argentino\/","title":{"rendered":"El equipo \u00abcon menos hinchas del mundo\u00bb que es furor por un influencer argentino"},"content":{"rendered":"<p><img src=\"http:\/\/hoycordobaweb.com\/wp-content\/uploads\/2025\/01\/el-equipo-con-menos-hinchas-del-mundo-que-es-furor-por-un-influencer-argentino.jpg\"><\/p>\n<p><time class=\"createDate\" datetime=\"2024-12-31T19:55:56-03:00\">31\/12\/2024 19:55hs.<\/time><\/p>\n<div id=\"storyBody\">\n<div class=\"custom-text \" readability=\"35.857438016529\">\n<p>El <strong>FC Balzers<\/strong> es un humilde equipo de <strong><a href=\"https:\/\/www.ole.com.ar\/tema\/liechtenstein.html\" target=\"_self\" title=\"Liechtenstein\" alt=\"Liechtenstein\" rel=\"noopener noreferrer\">Liechtenstein<\/a><\/strong>, el cual milita en la quinta divisi\u00f3n suiza. Hasta hace algunos d\u00edas, en su cuenta oficial de Instagram pose\u00edan poco m\u00e1s de mil seguidores. Sin embargo, la moci\u00f3n de un influencer argentino gener\u00f3 una aut\u00e9ntica revoluci\u00f3n en las redes sociales y ahora son el <strong>segundo club con m\u00e1s <em>followers<\/em><\/strong> del sistema de ligas helv\u00e9tico, por encima de uno que juega <a href=\"https:\/\/www.ole.com.ar\/tema\/champions-league.html\" target=\"_self\" title=\"Champions League\" alt=\"Champions League\" rel=\"noopener noreferrer\">Champions League<\/a> como es el <a href=\"https:\/\/www.ole.com.ar\/estadisticas\/futbol\/equipo.html?team=5fd9f9bti2cdgb6r1lf8l2bc7\" target=\"_self\" title=\"Young Boys\" alt=\"Young Boys\" rel=\"noopener noreferrer\">Young Boys<\/a>. \u00bfPero c\u00f3mo fue que pas\u00f3 esto?<\/p>\n<\/div>\n<div class=\"custom-text \" readability=\"43\">\n<p>Valen Scarsini, que en internet es conocido como Scarso, hizo una propuesta en los \u00faltimos d\u00edas del 2024. \u00ab<strong>\u00bfY si hacemos grande un club de f\u00fatbol?<\/strong> Se me acaba de ocurrir una idea para unir a toda la comunidad futbolera\u00bb, expres\u00f3 en uno de sus videos. All\u00ed present\u00f3 al Balzers como <strong>el \u00abequipo con menos aficionados del mundo\u00bb<\/strong> y pidi\u00f3: \u00abLlenemos las redes sociales, con el hashtag #TodosSomosDelBalzers, en cada video de creador que vean comenten ese hashtag, creen cuentas con su nombre, hagan edits del equipo y yo voy a estar compartiendo todo. Sobre todo, sig\u00e1moslo en la \u00fanica cuenta oficial que tienen. Hagamosle sentir al Balzers que no est\u00e1 solo\u00bb. <strong>Y todo se fue r\u00e1pidamente de las manos<\/strong>.<\/p>\n<\/div>\n<div class=\"sc-734b4696-1 kFfZtB\" readability=\"8\">\n<div class=\"sc-d00d9e74-0 hnHYbk\" type=\"embed\">\n<div class=\"sc-d00d9e74-1 iKVbz videoText\" id=\"contentTitleembedbS814cJi\" type=\"embed\"><svg fill=\"#ffffff\"><symbol id=\"play\" viewBox=\"0 0 512 512\"><path d=\"M512 256C512 397.4 397.4 512 256 512C114.6 512 0 397.4 0 256C0 114.6 114.6 0 256 0C397.4 0 512 114.6 512 256zM176 168V344C176 352.7 180.7 360.7 188.3 364.9C195.8 369.2 205.1 369 212.5 364.5L356.5 276.5C363.6 272.1 368 264.4 368 256C368 247.6 363.6 239.9 356.5 235.5L212.5 147.5C205.1 142.1 195.8 142.8 188.3 147.1C180.7 151.3 176 159.3 176 168V168z\" \/><\/symbol><use xlink:href=\"#play\" \/><\/svg><\/p>\n<div class=\"right\">\n<p>Internacional<!-- --> &#8211; <span>&nbsp;<\/span><\/p>\n<h2 class=\"title-vid\">\u00a1La moci\u00f3n que revolucion\u00f3 un club!<\/h2>\n<\/div>\n<\/div>\n<p><span class=\"back\" id=\"spanBackembedbS814cJi\"><\/span><\/div>\n<p>Un influencer argentino propuso apoyar al \u00abequipo con menos aficionados del mundo\u00bb y fue un \u00e9xito rotundo. (VIDEO: Instagram | @elscarso).<\/p>\n<\/div>\n<div class=\"custom-text \" readability=\"40\">\n<p>La gente empez\u00f3 a inundar TikTok con videos sobre la instituci\u00f3n europea, as\u00ed como tambi\u00e9n comenzaron a seguirla en su perfil de Instagram. Este \u00faltimo, en apenas tres d\u00edas, pas\u00f3 de apenas superar los 1.000 seguidores a <strong>alcanzar los 246.000<\/strong>. Con esto no solo lograron sobrepasar a todo equipo en Liechtenstein, sino que adem\u00e1s est\u00e1n a 14.000 de estar en la cima de Suiza (NdR: al no haber sistema de liga en el principado, sus clubes compiten en este \u00faltimo).<\/p>\n<\/div>\n<p><h2>La reacci\u00f3n de Scarso y de Balzers<\/h2>\n<\/p>\n<div class=\"custom-text \" readability=\"40\">\n<p><strong>\u00abMuchachos, el Balzers ya es tendencia mundial\u00bb<\/strong>, manifest\u00f3 Scarso en su \u00faltimo video publicado en las redes. \u00abTuvieron un primer posteo cuatro horas despu\u00e9s de la viralizaci\u00f3n y ya tiene 49.000 me gusta (NdR: a cinco horas de que el 2024 termine, ya subi\u00f3 a 78.000), es una nota en un diario de Liechtenstein en donde cuentan todo y me nombran\u00bb, sum\u00f3.<\/p>\n<\/div>\n<div class=\"sc-e7b891c4-0 ifHnQL image-embed\"><img alt=\"La primera publicaci\u00f3n luego de la moci\u00f3n de Scarso lleg\u00f3 a m\u00e1s de 78.000 &quot;me gusta&quot;.\" loading=\"lazy\" width=\"300\" height=\"390\" decoding=\"async\" data-nimg=\"1\" src=\"http:\/\/hoycordobaweb.com\/wp-content\/uploads\/2025\/01\/el-equipo-con-menos-hinchas-del-mundo-que-es-furor-por-un-influencer-argentino-2.jpg\"><span class=\"epigraphe\">La primera publicaci\u00f3n luego de la moci\u00f3n de Scarso lleg\u00f3 a m\u00e1s de 78.000 \u00abme gusta\u00bb.<\/span><\/div>\n<div class=\"custom-text \" readability=\"39\">\n<p>En el mencionado recorte, hacen alusi\u00f3n a que \u00ab<strong>el FC Balzers se convierte en una sensaci\u00f3n en Internet<\/strong>\u00bb y que en \u00ablas redes sociales de habla hispana circulan infinidad de v\u00eddeos en los que los aficionados cuentan, entre otras cosas, la historia completa del club del pueblo\u00bb, destacando que \u00abla campa\u00f1a ha desencadenado una verdadera ola de solidaridad que trasciende fronteras y culturas\u00bb.<\/p>\n<\/div>\n<div class=\"custom-text \" readability=\"38.601226993865\">\n<p>Desde la instituci\u00f3n del viejo continente agradecieron por el masivo apoyo. \u00abMuch\u00edsimas gracias a El Scarso y todos los fan\u00e1ticos por el apoyo increible. Nosotros estamos de vacaciones, pero cuando el primer equipo empiece su entrenamiento la semana que viene, les va a esperar un video con una sorpresita. <strong>\u00a1Feliz a\u00f1o nuevo y adelant\u00e9monos al <a href=\"https:\/\/www.ole.com.ar\/tema\/basel.html\" target=\"_self\" title=\"Basel\" alt=\"Basel\" rel=\"noopener noreferrer\">Basel<\/a>!<\/strong>\u00ab, redactaron en espa\u00f1ol en una historia de Instagram, haciendo menci\u00f3n del \u00fanico equipo helv\u00e9tico que les queda a\u00fan por superar.<\/p>\n<\/div>\n<div class=\"sc-e7b891c4-0 ifHnQL image-embed\"><img alt=\"El mensaje en espa\u00f1ol del Balzers FC en su Instagram.\" loading=\"lazy\" width=\"300\" height=\"390\" decoding=\"async\" data-nimg=\"1\" src=\"http:\/\/hoycordobaweb.com\/wp-content\/uploads\/2025\/01\/el-equipo-con-menos-hinchas-del-mundo-que-es-furor-por-un-influencer-argentino-3.jpg\"><span class=\"epigraphe\">El mensaje en espa\u00f1ol del Balzers FC en su Instagram.<\/span><\/div>\n<div class=\"sc-a7166897-0 eoLsBE\" readability=\"6\">\n<section readability=\"2\"><picture><img alt=\"Lucas Bernardi vuelve a Newell's\" loading=\"lazy\" width=\"290\" height=\"290\" decoding=\"async\" data-nimg=\"1\" src=\"http:\/\/hoycordobaweb.com\/wp-content\/uploads\/2025\/01\/el-equipo-con-menos-hinchas-del-mundo-que-es-furor-por-un-influencer-argentino-4.jpg\"><\/picture>\n<p><span>Mir\u00e1 tambi\u00e9n<\/span><\/p>\n<hr>\n<h3>Lucas Bernardi vuelve a Newell&#8217;s<\/h3>\n<\/p>\n<\/section>\n<\/div>\n<div class=\"sc-a7166897-0 eoLsBE\" readability=\"6.5\">\n<section readability=\"3\"><picture><img alt=\"Nicol\u00e1s Valentini, a\u00fan no fue presentado en Fiorentina y ya recibi\u00f3 cr\u00edticas \" loading=\"lazy\" width=\"290\" height=\"290\" decoding=\"async\" data-nimg=\"1\" src=\"http:\/\/hoycordobaweb.com\/wp-content\/uploads\/2025\/01\/el-equipo-con-menos-hinchas-del-mundo-que-es-furor-por-un-influencer-argentino-5.jpg\"><\/picture>\n<p><span>Mir\u00e1 tambi\u00e9n<\/span><\/p>\n<hr>\n<h3>Nicol\u00e1s Valentini, a\u00fan no fue presentado en Fiorentina y ya recibi\u00f3 cr\u00edticas <\/h3>\n<\/p>\n<\/section>\n<\/div>\n<div class=\"sc-a7166897-0 eoLsBE\" readability=\"7\">\n<section readability=\"4\"><picture><img alt=\"Facundo Rassol, rival de Boca por Copa Argentina: &quot;Es un momento hist\u00f3rico para nuestro club y para el pueblo&quot;\" loading=\"lazy\" width=\"290\" height=\"290\" decoding=\"async\" data-nimg=\"1\" src=\"http:\/\/hoycordobaweb.com\/wp-content\/uploads\/2025\/01\/el-equipo-con-menos-hinchas-del-mundo-que-es-furor-por-un-influencer-argentino-6.jpg\"><\/picture>\n<p><span>Mir\u00e1 tambi\u00e9n<\/span><\/p>\n<hr>\n<h3>Facundo Rassol, rival de Boca por Copa Argentina: \u00abEs un momento hist\u00f3rico para nuestro club y para el pueblo\u00bb<\/h3>\n<\/p>\n<\/section>\n<\/div>\n<\/div>\n","protected":false},"excerpt":{"rendered":"<p>31\/12\/2024 19:55hs. El FC Balzers es un humilde equipo de Liechtenstein, el cual milita en la quinta divisi\u00f3n suiza. Hasta hace algunos d\u00edas, en su cuenta oficial de Instagram pose\u00edan poco m\u00e1s de mil seguidores. Sin embargo, la moci\u00f3n de un influencer argentino gener\u00f3 una aut\u00e9ntica revoluci\u00f3n en las redes sociales y ahora son el [&hellip;]<\/p>\n","protected":false},"author":1,"featured_media":92893,"comment_status":"open","ping_status":"closed","sticky":false,"template":"","format":"standard","meta":[],"categories":[16],"tags":[],"_links":{"self":[{"href":"http:\/\/hoycordobaweb.com\/index.php\/wp-json\/wp\/v2\/posts\/92892"}],"collection":[{"href":"http:\/\/hoycordobaweb.com\/index.php\/wp-json\/wp\/v2\/posts"}],"about":[{"href":"http:\/\/hoycordobaweb.com\/index.php\/wp-json\/wp\/v2\/types\/post"}],"author":[{"embeddable":true,"href":"http:\/\/hoycordobaweb.com\/index.php\/wp-json\/wp\/v2\/users\/1"}],"replies":[{"embeddable":true,"href":"http:\/\/hoycordobaweb.com\/index.php\/wp-json\/wp\/v2\/comments?post=92892"}],"version-history":[{"count":0,"href":"http:\/\/hoycordobaweb.com\/index.php\/wp-json\/wp\/v2\/posts\/92892\/revisions"}],"wp:featuredmedia":[{"embeddable":true,"href":"http:\/\/hoycordobaweb.com\/index.php\/wp-json\/wp\/v2\/media\/92893"}],"wp:attachment":[{"href":"http:\/\/hoycordobaweb.com\/index.php\/wp-json\/wp\/v2\/media?parent=92892"}],"wp:term":[{"taxonomy":"category","embeddable":true,"href":"http:\/\/hoycordobaweb.com\/index.php\/wp-json\/wp\/v2\/categories?post=92892"},{"taxonomy":"post_tag","embeddable":true,"href":"http:\/\/hoycordobaweb.com\/index.php\/wp-json\/wp\/v2\/tags?post=92892"}],"curies":[{"name":"wp","href":"https:\/\/api.w.org\/{rel}","templated":true}]}}