{"id":92887,"date":"2024-12-30T13:56:54","date_gmt":"2024-12-30T13:56:54","guid":{"rendered":"https:\/\/ladecimaweb.com\/?p=30599"},"modified":"2024-12-30T13:56:54","modified_gmt":"2024-12-30T13:56:54","slug":"dengue-instalan-carpas-sanitarias-en-el-transito-caceres-y-en-el-rawson","status":"publish","type":"post","link":"http:\/\/hoycordobaweb.com\/index.php\/2024\/12\/30\/dengue-instalan-carpas-sanitarias-en-el-transito-caceres-y-en-el-rawson\/","title":{"rendered":"Dengue: instalan carpas sanitarias en el Tr\u00e1nsito C\u00e1ceres y en el Rawson"},"content":{"rendered":"<div class=\"boldgrid-section\">\n<div class=\"container\">\n<div class=\"row\">\n<div class=\"col-md-12 col-xs-12 col-sm-12\">\n<p class=\"eplus-wrapper\">El Ministerio de Salud avanza en la planificaci\u00f3n y organizaci\u00f3n de los servicios de salud hospitalarios provinciales, para garantizar una atenci\u00f3n oportuna frente a la contingencia del dengue.<\/p>\n<p class=\"eplus-wrapper\"><strong>En el Hospital Tr\u00e1nsito C\u00e1ceres de Allende se instal\u00f3 una carpa sanitaria<\/strong> que permite ampliar los sectores de espera para una buena organizaci\u00f3n del triage, para recepcionar al paciente y luego redirigirlo hacia el sector que necesite.<\/p>\n<p class=\"eplus-wrapper\">El espacio est\u00e1 adecuado para la recepci\u00f3n y circulaci\u00f3n de 40 personas; y la misma cuenta con piso de madera flotante, iluminaci\u00f3n interna y externa, y rampas de acceso.<\/p>\n<p class=\" eplus-wrapper\">Cubre una superficie total de 70m2, sobre las inmediaciones de la entrada de la guardia del hospital y la Capilla.<\/p>\n<p class=\"eplus-wrapper\">Adem\u00e1s, est\u00e1 equipada con 2 aires acondicionados, dispenser de agua, sector de turnero y mobiliario necesario para una apropiada estad\u00eda y circulaci\u00f3n de las personas.<\/p>\n<p class=\"eplus-wrapper\">Esta misma estrategia se replicar\u00e1 esta semana<strong> en el Hospital Rawson<\/strong>, sobre la explanada del estacionamiento cercano al ingreso de la guardia.<\/p>\n<p class=\" eplus-wrapper\">En este caso, la superficie total a cubrir es de 136m2; y tendr\u00e1 una capacidad para la atenci\u00f3n de 100 personas.&nbsp;<\/p>\n<p class=\"eplus-wrapper\">Contar\u00e1 con las mismas caracter\u00edsticas y prestaciones, y la incorporaci\u00f3n de cuatro equipos de aires acondicionados en total.<\/p>\n<p>&nbsp;<\/p>\n<p class=\"\">\n<div class=\"ubm_banner\"><a href=\"https:\/\/www.cba.gov.ar\/dengue\/\" target=\"_blank\" rel=\"dofollow noopener noreferrer\"><img src=\"http:\/\/hoycordobaweb.com\/wp-content\/uploads\/2025\/01\/dengue-instalan-carpas-sanitarias-en-el-transito-caceres-y-en-el-rawson.gif\" alt=\"\"><\/a><\/div>\n<\/div>\n<\/div>\n<\/div>\n<\/div>\n<p>La entrada <a rel=\"nofollow\" href=\"https:\/\/ladecimaweb.com\/dengue-instalan-carpas-sanitarias-en-el-transito-caceres-y-en-el-rawson\/\">Dengue: instalan carpas sanitarias en el Tr\u00e1nsito C\u00e1ceres y en el Rawson<\/a> se public\u00f3 primero en <a rel=\"nofollow\" href=\"https:\/\/ladecimaweb.com\">LaDecima<\/a>.<\/p>\n","protected":false},"excerpt":{"rendered":"<p>El Ministerio de Salud avanza en la planificaci\u00f3n y organizaci\u00f3n de los servicios de salud hospitalarios provinciales, para garantizar una atenci\u00f3n oportuna frente a la contingencia del dengue. En el Hospital Tr\u00e1nsito C\u00e1ceres de Allende se instal\u00f3 una carpa sanitaria que permite ampliar los sectores de espera para una buena organizaci\u00f3n del triage, para recepcionar [&hellip;]<\/p>\n","protected":false},"author":1,"featured_media":0,"comment_status":"closed","ping_status":"closed","sticky":false,"template":"","format":"standard","meta":[],"categories":[32],"tags":[],"_links":{"self":[{"href":"http:\/\/hoycordobaweb.com\/index.php\/wp-json\/wp\/v2\/posts\/92887"}],"collection":[{"href":"http:\/\/hoycordobaweb.com\/index.php\/wp-json\/wp\/v2\/posts"}],"about":[{"href":"http:\/\/hoycordobaweb.com\/index.php\/wp-json\/wp\/v2\/types\/post"}],"author":[{"embeddable":true,"href":"http:\/\/hoycordobaweb.com\/index.php\/wp-json\/wp\/v2\/users\/1"}],"replies":[{"embeddable":true,"href":"http:\/\/hoycordobaweb.com\/index.php\/wp-json\/wp\/v2\/comments?post=92887"}],"version-history":[{"count":0,"href":"http:\/\/hoycordobaweb.com\/index.php\/wp-json\/wp\/v2\/posts\/92887\/revisions"}],"wp:attachment":[{"href":"http:\/\/hoycordobaweb.com\/index.php\/wp-json\/wp\/v2\/media?parent=92887"}],"wp:term":[{"taxonomy":"category","embeddable":true,"href":"http:\/\/hoycordobaweb.com\/index.php\/wp-json\/wp\/v2\/categories?post=92887"},{"taxonomy":"post_tag","embeddable":true,"href":"http:\/\/hoycordobaweb.com\/index.php\/wp-json\/wp\/v2\/tags?post=92887"}],"curies":[{"name":"wp","href":"https:\/\/api.w.org\/{rel}","templated":true}]}}