{"id":92617,"date":"2024-12-29T00:32:02","date_gmt":"2024-12-29T00:32:02","guid":{"rendered":"https:\/\/www.ole.com.ar\/equipos\/rosario-central\/rosario-central-franco-cervi-regreso-mercado-pases_0_LDSWrX9fNl.html"},"modified":"2024-12-29T00:32:02","modified_gmt":"2024-12-29T00:32:02","slug":"se-da-el-regreso-sonado-franco-cervi-y-un-rosario-central-que-se-ilusiona","status":"publish","type":"post","link":"http:\/\/hoycordobaweb.com\/index.php\/2024\/12\/29\/se-da-el-regreso-sonado-franco-cervi-y-un-rosario-central-que-se-ilusiona\/","title":{"rendered":"\u00bfSe da el regreso so\u00f1ado? Franco Cervi y un Rosario Central que se ilusiona"},"content":{"rendered":"<p><img src=\"http:\/\/hoycordobaweb.com\/wp-content\/uploads\/2024\/12\/se-da-el-regreso-sonado-franco-cervi-y-un-rosario-central-que-se-ilusiona.jpg\"><\/p>\n<p><time class=\"createDate\" datetime=\"2024-12-28T21:32:02-03:00\">28\/12\/2024 21:32hs.<\/time><\/p>\n<div id=\"storyBody\">\n<div class=\"custom-text \" readability=\"38.489795918367\">\n<p>Ya con la multa de la inhibici\u00f3n paga, <strong>el mercado de pases arranc\u00f3 con todo para <a href=\"https:\/\/www.ole.com.ar\/tema\/rosario-central.html\" title=\"Rosario Central\" alt=\"Rosario Central\" class=\"slug\">Rosario Central<\/a>,<\/strong> y si bien la dirigencia se mueve con cautela, <strong>hay un operativo que ya est\u00e1 ilusionando a todos los Canallas. S\u00ed, hablamos de <a href=\"https:\/\/www.ole.com.ar\/tema\/franco-cervi.html\" title=\"Franco Cervi\" alt=\"Franco Cervi\" class=\"slug\">Franco Cervi<\/a><\/strong>. El habilidoso volante zurdo, que no tiene lugar en el Celta de Vigo, podr\u00eda pegar la vuelta al club de sus amores. Las se\u00f1ales que llegan desde Espa\u00f1a no hacen m\u00e1s que aumentar las expectativas\u2026<\/p>\n<\/div>\n<p><h2>Cervi: se\u00f1ales que ilusionan al pueblo Canalla<\/h2>\n<\/p>\n<div class=\"custom-text \" readability=\"36\">\n<p><strong>La novela del retorno de Cervi viene dando vueltas desde hace tiempo, pero ahora parece m\u00e1s cerca que nunca de tener un final feliz.<\/strong> Mientras el jugador descansa en su ciudad natal, <strong>en las \u00faltimas horas hubo contactos directos entre su entorno y la dirigencia Canalla.<\/strong><\/p>\n<\/div>\n<div class=\"custom-text \" readability=\"38\">\n<p>Lo que cambia el panorama respecto a esa etapa es la situaci\u00f3n del jugador. <strong>Con contrato hasta junio de 2026 en el Celta de Vigo pero sin minutos ni protagonismo, Cervi ya tiene claro que su futuro no est\u00e1 en Espa\u00f1a.<\/strong> En ese contexto, <strong>Central se posiciona como el destino ideal, ya sea mediante un pr\u00e9stamo o incluso una rescisi\u00f3n contractual.<\/strong><\/p>\n<\/div>\n<div class=\"sc-e7b891c4-0 ifHnQL image-embed\"><img alt=\"Franco Cervi, surgido en las inferiores del Canalla, la rompi\u00f3 en Primera durante 2014 y 2016 (GarciaJJ Garcia)\" loading=\"lazy\" width=\"720\" height=\"100\" decoding=\"async\" data-nimg=\"1\" src=\"http:\/\/hoycordobaweb.com\/wp-content\/uploads\/2024\/12\/se-da-el-regreso-sonado-franco-cervi-y-un-rosario-central-que-se-ilusiona-2.jpg\"><span class=\"epigraphe\">Franco Cervi, surgido en las inferiores del Canalla, la rompi\u00f3 en Primera durante 2014 y 2016 (GarciaJJ Garcia)<\/span><\/div>\n<div class=\"custom-text \" readability=\"39\">\n<p>Como si no alcanzara con las charlas y las gestiones que se est\u00e1n llevando adelante, <strong>en los \u00faltimos d\u00edas una foto viralizada en redes sociales termin\u00f3 de encender la mecha. <\/strong>En la imagen, <strong>Cervi posa sonriente con la camiseta de Central junto a Maxi Gonz\u00e1lez, otro exjugador Canalla<\/strong>. Ese gesto no pas\u00f3 desapercibido entre los hinchas, que ven en \u00e9l una muestra m\u00e1s del cari\u00f1o del jugador por el club y su deseo de regresar.<\/p>\n<\/div>\n<div class=\"custom-text \" readability=\"40\">\n<p>Eso s\u00ed, Central no es el \u00fanico interesado en sus servicios. <strong>Adem\u00e1s, de estar en el radar de San Lorenzo, el Kily Gonz\u00e1lez, actual entrenador de Uni\u00f3n de Santa Fe<\/strong>, tambi\u00e9n intent\u00f3 seducirlo para que se sume a las filas del Tatengue. <strong>Pero en Arroyito no quieren perder tiempo y ya trabajan contrarreloj para concretar la vuelta antes de fin de a\u00f1o.<\/strong><\/p>\n<\/div>\n<div class=\"sc-e7b891c4-0 ifHnQL image-embed\"><img alt=\"Franco Cervi juega en el Celta de Vigo de Espa\u00f1a desde 2021: all\u00ed ya lleva marcados siete goles (Photo by LLUIS GENE \/ AFP)\" loading=\"lazy\" width=\"720\" height=\"100\" decoding=\"async\" data-nimg=\"1\" src=\"http:\/\/hoycordobaweb.com\/wp-content\/uploads\/2024\/12\/se-da-el-regreso-sonado-franco-cervi-y-un-rosario-central-que-se-ilusiona-3.jpg\"><span class=\"epigraphe\">Franco Cervi juega en el Celta de Vigo de Espa\u00f1a desde 2021: all\u00ed ya lleva marcados siete goles (Photo by LLUIS GENE \/ AFP)<\/span><\/div>\n<p><h2>Holan y el rompecabezas para 2025<\/h2>\n<\/p>\n<div class=\"custom-text \" readability=\"39\">\n<p>Mientras el operativo retorno de Cervi acapara todas las miradas,<strong> la dirigencia y el DT Ariel Holan no descuidan otros frentes abiertos.<\/strong> <strong>Una de las prioridades del t\u00e9cnico es reforzar el lateral derecho<\/strong>, y ah\u00ed aparece el nombre de <strong>Leonardo Godoy, <\/strong>actual jugador del Athletico Paranaense. <strong>Central ya hizo dos ofertas por el 50% del pase del defensor.<\/strong> <strong>La primera fue rechazada, pero la segunda estar\u00eda siendo considerada por el club brasile\u00f1o.<\/strong><\/p>\n<\/div>\n<div class=\"custom-text \" readability=\"40\">\n<p>Eso s\u00ed, Racing tambi\u00e9n se meti\u00f3 en la disputa por el jugador, lo que complica las gestiones. <strong>En paralelo, esta movida refuerza la idea de que Dami\u00e1n Mart\u00ednez no continuar\u00e1 en el equipo. <\/strong>Pese a haber sido titular en cuatro de los \u00faltimos cinco partidos bajo el mando de Holan y marcar un golazo ante Belgrano, su contrato vence el 31 de diciembre y no hubo avances para renovarlo. <strong>En cambio, Emanuel Coronel s\u00ed seguir\u00e1 formando parte del plantel.<\/strong><\/p>\n<\/div>\n<div class=\"custom-text \" readability=\"41\">\n<p><strong>Por el lateral izquierdo, la situaci\u00f3n tambi\u00e9n est\u00e1 en movimiento. En su momento, Central pregunt\u00f3 condiciones por Tob\u00edas Ostchega<\/strong>, cuyo pase pertenece a Belgrano y estuvo a pr\u00e9stamo en Independiente Rivadavia. Sin embargo, <strong>la prioridad parece estar en retener a Agust\u00edn S\u00e1ndez, pese al inter\u00e9s de Racing, y aprovechar que Cerro Porte\u00f1o habr\u00eda desistido de llevarse a Alan Rodr\u00edguez.<\/strong><\/p>\n<\/div>\n<div class=\"custom-text \" readability=\"41\">\n<p><strong>El DT ya habr\u00eda identificado tres posiciones clave a reforzar, aunque los nombres a\u00fan no trascienden mucho <\/strong>(est\u00e1 en carpeta un delantero extranjero). Lo que s\u00ed es un hecho es que<strong> Franco Ibarra, pieza clave por su polifuncionalidad, seguir\u00e1 en el equipo<\/strong>, mientras que <strong>Carlos Quintana, otro pilar de la defensa, renovar\u00e1 su contrato una vez que regrese de sus vacaciones el 3 de enero.<\/strong><\/p>\n<\/div>\n<div class=\"sc-e7b891c4-0 ifHnQL image-embed\"><img alt=\"Ariel Holan, DT de Rosario Central (Prensa Rosario Central)\" loading=\"lazy\" width=\"720\" height=\"100\" decoding=\"async\" data-nimg=\"1\" src=\"http:\/\/hoycordobaweb.com\/wp-content\/uploads\/2024\/12\/se-da-el-regreso-sonado-franco-cervi-y-un-rosario-central-que-se-ilusiona-4.jpg\"><span class=\"epigraphe\">Ariel Holan, DT de Rosario Central (Prensa Rosario Central)<\/span><\/div>\n<div class=\"custom-text \" readability=\"39\">\n<p>Adem\u00e1s de las incorporaciones, <strong>Holan deber\u00e1 evaluar a varios jugadores que regresan de sus pr\u00e9stamos<\/strong>. Entre ellos, Luciano Ferreyra, Ignacio Russo, Franco Fr\u00edas, Ulises Ciccioli y Marcelo Acosta tendr\u00e1n que demostrar si tienen un lugar en el plantel o si buscan nuevos horizontes.<\/p>\n<\/div>\n<div class=\"custom-text \" readability=\"37\">\n<p>Los hinchas sue\u00f1an con un anuncio rimbombante antes de las fiestas, y no es para menos. La vuelta de Cervi significar\u00eda no solo un salto de calidad para el equipo y para el f\u00fatbol argentino, sino tambi\u00e9n una muestra de que el Canalla est\u00e1 dispuesto a dar pelea en todos los frentes.<strong> \u00bfSer\u00e1 este el fin de una novela que lleva a\u00f1os en el aire?<\/strong><\/p>\n<\/div>\n<div class=\"sc-734b4696-1 kFfZtB\" readability=\"8\">\n<div class=\"sc-d00d9e74-0 hnHYbk\" type=\"embed\">\n<div class=\"sc-d00d9e74-1 iKVbz videoText\" id=\"contentTitleembedRRLYsBSh\" type=\"embed\"><svg fill=\"#ffffff\"><symbol id=\"play\" viewBox=\"0 0 512 512\"><path d=\"M512 256C512 397.4 397.4 512 256 512C114.6 512 0 397.4 0 256C0 114.6 114.6 0 256 0C397.4 0 512 114.6 512 256zM176 168V344C176 352.7 180.7 360.7 188.3 364.9C195.8 369.2 205.1 369 212.5 364.5L356.5 276.5C363.6 272.1 368 264.4 368 256C368 247.6 363.6 239.9 356.5 235.5L212.5 147.5C205.1 142.1 195.8 142.8 188.3 147.1C180.7 151.3 176 159.3 176 168V168z\" \/><\/symbol><use xlink:href=\"#play\" \/><\/svg><\/p>\n<div class=\"right\">\n<p>Lujos<!-- --> &#8211; <span>&nbsp;<\/span><\/p>\n<h2 class=\"title-vid\">Los lujos de Cervi<\/h2>\n<\/div>\n<\/div>\n<p><span class=\"back\" id=\"spanBackembedRRLYsBSh\"><\/span><\/div>\n<p>Newell\u00b4s 0 &#8211; R. Central 0. Fecha 12, Primera Divisi\u00f3n 2016.<br _mce_bogus=\"1\"><\/p>\n<\/div>\n<div class=\"sc-a7166897-0 eoLsBE\" readability=\"7\">\n<section readability=\"4\"><picture><img alt=\"Central desbloqueado: pag\u00f3 la deuda, FIFA le levant\u00f3 la inhibici\u00f3n y hay luz verde para refuerzos \" loading=\"lazy\" width=\"290\" height=\"290\" decoding=\"async\" data-nimg=\"1\" src=\"http:\/\/hoycordobaweb.com\/wp-content\/uploads\/2024\/12\/se-da-el-regreso-sonado-franco-cervi-y-un-rosario-central-que-se-ilusiona-5.jpg\"><\/picture>\n<p><span>Mir\u00e1 tambi\u00e9n<\/span><\/p>\n<hr>\n<h3>Central desbloqueado: pag\u00f3 la deuda, FIFA le levant\u00f3 la inhibici\u00f3n y hay luz verde para refuerzos <\/h3>\n<\/p>\n<\/section>\n<\/div>\n<div class=\"sc-a7166897-0 eoLsBE\" readability=\"7\">\n<section readability=\"4\"><picture><img alt=\"Mercado de pases en medio de las Fiestas: refuerzos, decenas de bajas y nombres fuertes que pueden llegar\" loading=\"lazy\" width=\"290\" height=\"290\" decoding=\"async\" data-nimg=\"1\" src=\"http:\/\/hoycordobaweb.com\/wp-content\/uploads\/2024\/12\/se-da-el-regreso-sonado-franco-cervi-y-un-rosario-central-que-se-ilusiona-6.jpg\"><\/picture>\n<p><span>Mir\u00e1 tambi\u00e9n<\/span><\/p>\n<hr>\n<h3>Mercado de pases en medio de las Fiestas: refuerzos, decenas de bajas y nombres fuertes que pueden llegar<\/h3>\n<\/p>\n<\/section>\n<\/div>\n<div class=\"sc-a7166897-0 eoLsBE\" readability=\"7\">\n<section readability=\"4\"><picture><img alt=\"El mapa de los DT: con Dom\u00ednguez en el campe\u00f3n, qui\u00e9n dirige a cada equipo de Primera\" loading=\"lazy\" width=\"290\" height=\"290\" decoding=\"async\" data-nimg=\"1\" src=\"http:\/\/hoycordobaweb.com\/wp-content\/uploads\/2024\/12\/se-da-el-regreso-sonado-franco-cervi-y-un-rosario-central-que-se-ilusiona-7.jpg\"><\/picture>\n<p><span>Mir\u00e1 tambi\u00e9n<\/span><\/p>\n<hr>\n<h3>El mapa de los DT: con Dom\u00ednguez en el campe\u00f3n, qui\u00e9n dirige a cada equipo de Primera<\/h3>\n<\/p>\n<\/section>\n<\/div>\n<\/div>\n","protected":false},"excerpt":{"rendered":"<p>28\/12\/2024 21:32hs. Ya con la multa de la inhibici\u00f3n paga, el mercado de pases arranc\u00f3 con todo para Rosario Central, y si bien la dirigencia se mueve con cautela, hay un operativo que ya est\u00e1 ilusionando a todos los Canallas. S\u00ed, hablamos de Franco Cervi. El habilidoso volante zurdo, que no tiene lugar en el [&hellip;]<\/p>\n","protected":false},"author":1,"featured_media":92618,"comment_status":"open","ping_status":"closed","sticky":false,"template":"","format":"standard","meta":[],"categories":[16],"tags":[],"_links":{"self":[{"href":"http:\/\/hoycordobaweb.com\/index.php\/wp-json\/wp\/v2\/posts\/92617"}],"collection":[{"href":"http:\/\/hoycordobaweb.com\/index.php\/wp-json\/wp\/v2\/posts"}],"about":[{"href":"http:\/\/hoycordobaweb.com\/index.php\/wp-json\/wp\/v2\/types\/post"}],"author":[{"embeddable":true,"href":"http:\/\/hoycordobaweb.com\/index.php\/wp-json\/wp\/v2\/users\/1"}],"replies":[{"embeddable":true,"href":"http:\/\/hoycordobaweb.com\/index.php\/wp-json\/wp\/v2\/comments?post=92617"}],"version-history":[{"count":0,"href":"http:\/\/hoycordobaweb.com\/index.php\/wp-json\/wp\/v2\/posts\/92617\/revisions"}],"wp:featuredmedia":[{"embeddable":true,"href":"http:\/\/hoycordobaweb.com\/index.php\/wp-json\/wp\/v2\/media\/92618"}],"wp:attachment":[{"href":"http:\/\/hoycordobaweb.com\/index.php\/wp-json\/wp\/v2\/media?parent=92617"}],"wp:term":[{"taxonomy":"category","embeddable":true,"href":"http:\/\/hoycordobaweb.com\/index.php\/wp-json\/wp\/v2\/categories?post=92617"},{"taxonomy":"post_tag","embeddable":true,"href":"http:\/\/hoycordobaweb.com\/index.php\/wp-json\/wp\/v2\/tags?post=92617"}],"curies":[{"name":"wp","href":"https:\/\/api.w.org\/{rel}","templated":true}]}}