{"id":92613,"date":"2024-12-29T01:16:33","date_gmt":"2024-12-29T01:16:33","guid":{"rendered":"https:\/\/www.ole.com.ar\/equipos\/independiente\/independiente-mercado-pases-pablo-ortiz-juvenil-joya-chacarita_0_hGWlEFe8vf.html"},"modified":"2024-12-29T01:16:33","modified_gmt":"2024-12-29T01:16:33","slug":"independiente-pone-el-ojo-en-pablo-ortiz-quien-es-el-juvenil-que-puede-ser-su-proxima-joya","status":"publish","type":"post","link":"http:\/\/hoycordobaweb.com\/index.php\/2024\/12\/29\/independiente-pone-el-ojo-en-pablo-ortiz-quien-es-el-juvenil-que-puede-ser-su-proxima-joya\/","title":{"rendered":"Independiente pone el ojo en Pablo Ort\u00edz: \u00bfQui\u00e9n es el juvenil que puede ser su pr\u00f3xima joya?"},"content":{"rendered":"<p><img src=\"http:\/\/hoycordobaweb.com\/wp-content\/uploads\/2024\/12\/independiente-pone-el-ojo-en-pablo-ortiz-quien-es-el-juvenil-que-puede-ser-su-proxima-joya.jpg\"><\/p>\n<p><time class=\"createDate\" datetime=\"2024-12-28T22:16:33-03:00\">28\/12\/2024 22:16hs.<\/time><\/p>\n<div id=\"storyBody\">\n<div class=\"custom-text \" readability=\"37.823834196891\">\n<p>El mercado de pases siempre trae nombres que generan ilusi\u00f3n en los hinchas, <strong>y en el caso de Independiente, este verano parece apostar al futuro.<\/strong> Sin grandes fichajes rimbombantes, el club de Avellaneda est\u00e1 <strong>cerca de cerrar la llegada de una de las promesas juveniles<\/strong> m\u00e1s interesantes del ascenso argentino: <strong><a href=\"https:\/\/www.ole.com.ar\/tema\/pablo-ortiz.html\" title=\"Pablo Ort\u00edz\" alt=\"Pablo Ort\u00edz\" class=\"slug\">Pablo Ort\u00edz<\/a>, delantero de 17 a\u00f1os, quien actualmente milita en <a href=\"https:\/\/www.ole.com.ar\/tema\/chacarita.html\" title=\"Chacarita\" alt=\"Chacarita\" class=\"slug\">Chacarita<\/a>.<\/strong><\/p>\n<\/div>\n<p><h2>Una negociaci\u00f3n que avanza<\/h2>\n<\/p>\n<div class=\"custom-text \" readability=\"37\">\n<p>Las tratativas para sumar a Ort\u00edz a Independiente est\u00e1n muy avanzadas, seg\u00fan confirmaron en Radio La Red. <strong>El acuerdo se har\u00eda a trav\u00e9s de un pr\u00e9stamo por un a\u00f1o sin cargo, con una opci\u00f3n de compra de 200.000 d\u00f3lares por el 50% del pase del juvenil.<\/strong> La \u00fanica traba restante es definir la fecha en la que el Rojo deber\u00e1 abonar la opci\u00f3n si decide qued\u00e1rselo de forma definitiva.<\/p>\n<\/div>\n<div class=\"custom-text \" readability=\"38\">\n<p>Si todo marcha seg\u00fan lo previsto, <strong>el acuerdo podr\u00eda firmarse en las pr\u00f3ximas horas<\/strong>, y el juvenil, que ya tiene contrato con Chacarita hasta fines de 2026, <strong>comenzar\u00eda a entrenar con la Reserva del Rojo en breve.<\/strong><\/p>\n<\/div>\n<p><h2>\u00bfQui\u00e9n es Pablo Ort\u00edz?<\/h2>\n<\/p>\n<div class=\"custom-text \" readability=\"40\">\n<p><strong>Con apenas 17 a\u00f1os, Pablo Ort\u00edz es un delantero que se destaca por su agilidad, movilidad en el \u00e1rea y capacidad de definici\u00f3n, atributos que le permitieron ganarse un lugar en la Selecci\u00f3n Argentina Sub20 del ascenso. <\/strong>Aunque su experiencia en Primera es limitada \u2013jug\u00f3 un \u00fanico partido oficial en marzo pasado, cuando Chaca cay\u00f3 por 4-1 ante Brown de Adrogu\u00e9\u2013, su talento natural lo convirti\u00f3 en una de las promesas m\u00e1s valoradas de la Primera Nacional.<\/p>\n<\/div>\n<div class=\"sc-e7b891c4-0 ifHnQL image-embed\"><img alt=\"Independiente envi\u00f3 una propuesta formal para llevarse a Pablo Ortiz, delantero de 17 a\u00f1os. Ofreci\u00f3 pr\u00e9stamo por un a\u00f1o con opci\u00f3n de compra.\" loading=\"lazy\" width=\"720\" height=\"100\" decoding=\"async\" data-nimg=\"1\" src=\"http:\/\/hoycordobaweb.com\/wp-content\/uploads\/2024\/12\/independiente-pone-el-ojo-en-pablo-ortiz-quien-es-el-juvenil-que-puede-ser-su-proxima-joya-2.jpg\"><span class=\"epigraphe\">Independiente envi\u00f3 una propuesta formal para llevarse a Pablo Ortiz, delantero de 17 a\u00f1os. Ofreci\u00f3 pr\u00e9stamo por un a\u00f1o con opci\u00f3n de compra.<\/span><\/div>\n<div class=\"custom-text \" readability=\"40\">\n<p><strong>Mide 1,75 metros y, a pesar de su corta edad, ya demostr\u00f3 tener un car\u00e1cter competitivo que llama la atenci\u00f3n de los clubes grandes. <\/strong>En Chacarita, es considerado uno de los proyectos m\u00e1s interesantes de los \u00faltimos a\u00f1os, aunque saben que la oferta de Independiente puede ser clave tanto para el crecimiento del jugador como para el club.<\/p>\n<\/div>\n<p><h2>Su debut en Chacarita<\/h2>\n<\/p>\n<div class=\"custom-text \" readability=\"39\">\n<p><strong>Ort\u00edz tuvo su estreno en la Primera del Funebrero en la s\u00e9ptima fecha del torneo pasado, enfrentando a Defensores de Belgrano en San Mart\u00edn.<\/strong> Aunque su equipo perdi\u00f3, su presencia en la cancha dej\u00f3 en claro que es un jugador a seguir de cerca. Desde entonces, su nombre empez\u00f3 a sonar con fuerza en el ambiente del ascenso, y <strong>su convocatoria al combinado Sub-20 del ascenso no hizo m\u00e1s que potenciar su perfil.<\/strong><\/p>\n<\/div>\n<div class=\"custom-text \" readability=\"39\">\n<p><strong>El juvenil tiene contrato con Chacarita hasta fines de 2026, lo que garantiza que cualquier negociaci\u00f3n deber\u00e1 incluir cl\u00e1usulas que beneficien a ambas partes. <\/strong>Para el Funebrero, desprenderse de Ort\u00edz es una oportunidad de posicionar su cantera y obtener un ingreso que, aunque modesto, puede ser significativo en el contexto econ\u00f3mico actual.<\/p>\n<\/div>\n<div class=\"sc-e7b891c4-0 ifHnQL image-embed\"><img alt=\"El futbolista Pablo Ortiz, categoria 2007, fue convocado para integrar la selecci\u00f3n Sub 20 del ascenso, dirigida por Claudio Gugnali.\" loading=\"lazy\" width=\"720\" height=\"100\" decoding=\"async\" data-nimg=\"1\" src=\"http:\/\/hoycordobaweb.com\/wp-content\/uploads\/2024\/12\/independiente-pone-el-ojo-en-pablo-ortiz-quien-es-el-juvenil-que-puede-ser-su-proxima-joya-3.jpg\"><span class=\"epigraphe\">El futbolista Pablo Ortiz, categoria 2007, fue convocado para integrar la selecci\u00f3n Sub 20 del ascenso, dirigida por Claudio Gugnali.<\/span><\/div>\n<p><h2>Los planes de Independiente<\/h2>\n<\/p>\n<div class=\"custom-text \" readability=\"38\">\n<p><strong>El Rojo planea que Ort\u00edz se incorpore inicialmente a la Reserva<\/strong>,<strong> donde podr\u00e1 adaptarse al ritmo y las exigencias de un club grande como Independiente. <\/strong>Bajo la conducci\u00f3n de Mart\u00edn Di Diego, la Reserva es el espacio ideal para que juveniles como Ort\u00edz den sus primeros pasos en el club, lejos de las presiones de la Primera pero con la posibilidad de ganarse un lugar a futuro.<\/p>\n<\/div>\n<div class=\"custom-text \" readability=\"36\">\n<p><strong>Este movimiento encaja en el proyecto a mediano y largo plazo que encabeza el entrenador Julio Vaccari, quien busca nutrir el plantel profesional con talentos surgidos de las divisiones inferiores.<\/strong> Independiente ya apost\u00f3 en el pasado por juveniles desconocidos que terminaron dando grandes frutos y esperan que Ort\u00edz sea el pr\u00f3ximo en esa lista.<\/p>\n<\/div>\n<div class=\"sc-e7b891c4-0 ifHnQL image-embed\"><img alt=\"Julio Vaccari busca potenciar las juveniles de Independiente (FTP CLARIN 00023901-15.JPG Z Invitado).\" loading=\"lazy\" width=\"720\" height=\"100\" decoding=\"async\" data-nimg=\"1\" src=\"http:\/\/hoycordobaweb.com\/wp-content\/uploads\/2024\/12\/independiente-pone-el-ojo-en-pablo-ortiz-quien-es-el-juvenil-que-puede-ser-su-proxima-joya-4.jpg\"><span class=\"epigraphe\">Julio Vaccari busca potenciar las juveniles de Independiente (FTP CLARIN 00023901-15.JPG Z Invitado).<\/span><\/div>\n<div class=\"custom-text \" readability=\"35\">\n<p>La situaci\u00f3n econ\u00f3mica de Independiente obliga a la dirigencia a ser creativa en el mercado de pases. Lejos de los a\u00f1os en los que se pod\u00edan cerrar incorporaciones de renombre, <strong>hoy el club apuesta a captar talento joven que pueda desarrollarse dentro del proyecto deportivo.<\/strong><\/p>\n<\/div>\n<div class=\"custom-text \" readability=\"38\">\n<p><strong>El pr\u00e9stamo de Ort\u00edz sin cargo, con una opci\u00f3n de compra accesible, representa un bajo riesgo y un alto potencial de beneficio. <\/strong>Si el delantero logra adaptarse y brillar, <strong>Independiente podr\u00eda quedarse con una joya a un precio relativamente bajo en comparaci\u00f3n con lo que cuesta incorporar jugadores ya consolidados.<\/strong><\/p>\n<\/div>\n<div class=\"sc-a7166897-0 eoLsBE\" readability=\"6\">\n<section readability=\"2\"><picture><img alt=\"Independiente vuelve a la carga por otro refuerzo\" loading=\"lazy\" width=\"290\" height=\"290\" decoding=\"async\" data-nimg=\"1\" src=\"http:\/\/hoycordobaweb.com\/wp-content\/uploads\/2024\/12\/independiente-pone-el-ojo-en-pablo-ortiz-quien-es-el-juvenil-que-puede-ser-su-proxima-joya-5.jpg\"><\/picture>\n<p><span>Mir\u00e1 tambi\u00e9n<\/span><\/p>\n<hr>\n<h3>Independiente vuelve a la carga por otro refuerzo<\/h3>\n<\/p>\n<\/section>\n<\/div>\n<div class=\"sc-a7166897-0 eoLsBE\" readability=\"6\">\n<section readability=\"2\"><picture><img alt=\"El jugador clave para Vaccari que seguir\u00e1 en Independiente\" loading=\"lazy\" width=\"290\" height=\"290\" decoding=\"async\" data-nimg=\"1\" src=\"http:\/\/hoycordobaweb.com\/wp-content\/uploads\/2024\/12\/independiente-pone-el-ojo-en-pablo-ortiz-quien-es-el-juvenil-que-puede-ser-su-proxima-joya-6.jpg\"><\/picture>\n<p><span>Mir\u00e1 tambi\u00e9n<\/span><\/p>\n<hr>\n<h3>El jugador clave para Vaccari que seguir\u00e1 en Independiente<\/h3>\n<\/p>\n<\/section>\n<\/div>\n<div class=\"sc-a7166897-0 eoLsBE\" readability=\"6\">\n<section readability=\"2\"><picture><img alt=\"Mercado de pases: no alcanza con ser ex\" loading=\"lazy\" width=\"290\" height=\"290\" decoding=\"async\" data-nimg=\"1\" src=\"http:\/\/hoycordobaweb.com\/wp-content\/uploads\/2024\/12\/independiente-pone-el-ojo-en-pablo-ortiz-quien-es-el-juvenil-que-puede-ser-su-proxima-joya-7.jpg\"><\/picture>\n<p><span>Mir\u00e1 tambi\u00e9n<\/span><\/p>\n<hr>\n<h3>Mercado de pases: no alcanza con ser ex<\/h3>\n<\/p>\n<\/section>\n<\/div>\n<\/div>\n","protected":false},"excerpt":{"rendered":"<p>28\/12\/2024 22:16hs. El mercado de pases siempre trae nombres que generan ilusi\u00f3n en los hinchas, y en el caso de Independiente, este verano parece apostar al futuro. Sin grandes fichajes rimbombantes, el club de Avellaneda est\u00e1 cerca de cerrar la llegada de una de las promesas juveniles m\u00e1s interesantes del ascenso argentino: Pablo Ort\u00edz, delantero [&hellip;]<\/p>\n","protected":false},"author":1,"featured_media":92614,"comment_status":"open","ping_status":"closed","sticky":false,"template":"","format":"standard","meta":[],"categories":[16],"tags":[],"_links":{"self":[{"href":"http:\/\/hoycordobaweb.com\/index.php\/wp-json\/wp\/v2\/posts\/92613"}],"collection":[{"href":"http:\/\/hoycordobaweb.com\/index.php\/wp-json\/wp\/v2\/posts"}],"about":[{"href":"http:\/\/hoycordobaweb.com\/index.php\/wp-json\/wp\/v2\/types\/post"}],"author":[{"embeddable":true,"href":"http:\/\/hoycordobaweb.com\/index.php\/wp-json\/wp\/v2\/users\/1"}],"replies":[{"embeddable":true,"href":"http:\/\/hoycordobaweb.com\/index.php\/wp-json\/wp\/v2\/comments?post=92613"}],"version-history":[{"count":0,"href":"http:\/\/hoycordobaweb.com\/index.php\/wp-json\/wp\/v2\/posts\/92613\/revisions"}],"wp:featuredmedia":[{"embeddable":true,"href":"http:\/\/hoycordobaweb.com\/index.php\/wp-json\/wp\/v2\/media\/92614"}],"wp:attachment":[{"href":"http:\/\/hoycordobaweb.com\/index.php\/wp-json\/wp\/v2\/media?parent=92613"}],"wp:term":[{"taxonomy":"category","embeddable":true,"href":"http:\/\/hoycordobaweb.com\/index.php\/wp-json\/wp\/v2\/categories?post=92613"},{"taxonomy":"post_tag","embeddable":true,"href":"http:\/\/hoycordobaweb.com\/index.php\/wp-json\/wp\/v2\/tags?post=92613"}],"curies":[{"name":"wp","href":"https:\/\/api.w.org\/{rel}","templated":true}]}}