{"id":92453,"date":"2024-12-27T22:31:05","date_gmt":"2024-12-27T22:31:05","guid":{"rendered":"http:\/\/hoycordobaweb.com\/index.php\/2024\/12\/27\/aumentan-las-tarifas-de-gas-y-luz-en-enero\/"},"modified":"2024-12-27T22:31:05","modified_gmt":"2024-12-27T22:31:05","slug":"aumentan-las-tarifas-de-gas-y-luz-en-enero","status":"publish","type":"post","link":"http:\/\/hoycordobaweb.com\/index.php\/2024\/12\/27\/aumentan-las-tarifas-de-gas-y-luz-en-enero\/","title":{"rendered":"Aumentan las tarifas de gas y luz en enero"},"content":{"rendered":"<div class=\"media_block\"><\/div>\n<div><img src=\"http:\/\/hoycordobaweb.com\/wp-content\/uploads\/2024\/12\/aumentan-las-tarifas-de-gas-y-luz-en-enero.jpg\" class=\"ff-og-image-inserted\"><\/div>\n<p>El Gobierno prepara <strong><a target=\"_blank\" href=\"https:\/\/www.perfil.com\/noticias\/economia\/el-gobierno-oficializo-los-aumentos-en-las-tarifas-de-luz-cuanto-impactara-en-las-facturas.phtml\" rel=\"noopener noreferrer\">aumentos de tarifas<\/a> de 1,6% para la luz y 1,85% en el caso del gas<\/strong> para enero de 2025 para los usuarios del <a target=\"_blank\" href=\"https:\/\/www.perfil.com\/noticias\/actualidad\/sdds.phtml\" rel=\"noopener noreferrer\">\u00c1rea Metropolitana de Buenos Aires (AMBA).&nbsp;<\/a><\/p>\n<p>En ambos casos, los incrementos <strong>se ubicar\u00e1n por debajo de la <a target=\"_blank\" href=\"https:\/\/www.perfil.com\/noticias\/economia\/la-expectativa-de-inflacion-anual-de-los-argentinos-cayo-a-su-nivel-mas-bajo-en-tres-anos.phtml\" rel=\"noopener noreferrer\">inflaci\u00f3n proyectada<\/a>, <\/strong>en sinton\u00eda con el objetivo del equipo econ\u00f3mico de encaminarla hacia un n\u00famero menor al 2%. En diciembre ya se hab\u00eda autorizado aumentos en los precios mayoristas de la luz y el gas del orden del 2% y el 2,5% respectivamente.<\/p>\n<p>A principios de diciembre, el Gobierno nacional prorrog\u00f3 por seis meses&nbsp;<strong>el esquema actual de subsidios a las tarifas de luz y gas<\/strong>&nbsp;mediante la Resoluci\u00f3n 384\/2024. La normativa ampl\u00eda el&nbsp;<strong>\u00abPer\u00edodo de Transici\u00f3n hacia Subsidios Energ\u00e9ticos Focalizados\u00bb&nbsp;<\/strong>desde el 1 de diciembre de 2024 hasta el 31 de mayo de 2025.<\/p>\n<p class=\"destacadoNota\"><a target=\"_blank\" href=\"https:\/\/www.perfil.com\/noticias\/economia\/el-indec-lanzo-una-calculadora-de-inflacion-personal-como-usarla.phtml\" rel=\"noopener noreferrer\">El INDEC lanz\u00f3 una calculadora de inflaci\u00f3n personal: c\u00f3mo usarla<\/a><\/p>\n<p>Seg\u00fan la Secretar\u00eda de Energ\u00eda, la decisi\u00f3n se bas\u00f3 en evaluaciones sobre \u00abla respuesta de los usuarios a la reestructuraci\u00f3n progresiva de los subsidios, enmarcada en las pol\u00edticas de d\u00e9ficit cero y desinflaci\u00f3n impulsadas por el Ministerio de Econom\u00eda\u00bb.<\/p>\n<p>La cartera energ\u00e9tica destac\u00f3 que las medidas adoptadas durante la transici\u00f3n han contribuido a<strong>&nbsp;equilibrar las cuentas fiscales, fomentar h\u00e1bitos de consumo m\u00e1s eficientes y transparentar los costos reales de la energ\u00eda.<\/strong><\/p>\n<p>Durante el per\u00edodo de pr\u00f3rroga,&nbsp;<strong>se mantendr\u00e1 la segmentaci\u00f3n de tarifas seg\u00fan niveles de ingresos<\/strong>. Sin embargo, desde el Ejecutivo nacional&nbsp;trabajan en un nuevo esquema de subsidios focalizados que se implementar\u00e1 a partir de mayo.&nbsp;<\/p>\n<h2><strong>Verano con estr\u00e9s en la red el\u00e9ctrica<\/strong><\/h2>\n<p>Las perspectivas metereol\u00f3gicas del verano ser\u00e1n las que, finalmente, determinen, en la pr\u00e1ctica, l<strong>a magnitud de los cortes de luz,<\/strong> que las matem\u00e1ticas indican como inexorables.<\/p>\n<p>La estimaci\u00f3n de la Compa\u00f1\u00eda Administradora de Mercado Mayorista El\u00e9ctrico Sociedad An\u00f3nima (CAMMESA) es que, as\u00ed como est\u00e1n las cosas, <strong>el d\u00e9ficit entre oferta y demanda a priori es de alrededor de 2.500 MW,<\/strong> considerando los picos de consumo de verano, que se esperan en 30.700 MW.<\/p>\n<p>Pese al incremento de tarifas en los sectores residenciales e industriales y a los insistentes reclamos por parte del sector de transmisi\u00f3n el\u00e9ctrica ante la falta de inversiones, <strong>la mirada de la industria hoy est\u00e1 puesta en los problemas en generaci\u00f3n.<\/strong><\/p>\n<p>La secretaria de Energ\u00eda, <strong>Mar\u00eda del Carmen Tettamant<\/strong>i, dijo que se est\u00e1 <strong>incentivando a los grandes usuarios, como empresas, a reducir su consumo<\/strong> en d\u00edas de altas temperaturas.<\/p>\n<p>Adem\u00e1s, adelant\u00f3 que Cammesa est\u00e1 gestionando <strong>acuerdos con Brasil para importar la mayor cantidad de energ\u00eda<\/strong> posible.<\/p>\n<p>En relaci\u00f3n con las inversiones en el sector energ\u00e9tico, Tettamanti explic\u00f3: \u201cEl objetivo es <strong>fomentar nuevas inversiones en el \u00e1rea, permitiendo que los actores privados<\/strong> asuman un rol protag\u00f3nico mediante la firma de contratos y la b\u00fasqueda de soluciones a esta problem\u00e1tica. Desde el Estado, nuestra tarea es desregular y promover la libre negociaci\u00f3n entre las partes\u201d.<\/p>\n<p>LM<\/p>\n","protected":false},"excerpt":{"rendered":"<p>El Gobierno prepara aumentos de tarifas de 1,6% para la luz y 1,85% en el caso del gas para enero de 2025 para los usuarios del \u00c1rea Metropolitana de Buenos Aires (AMBA).&nbsp; En ambos casos, los incrementos se ubicar\u00e1n por debajo de la inflaci\u00f3n proyectada, en sinton\u00eda con el objetivo del equipo econ\u00f3mico de encaminarla [&hellip;]<\/p>\n","protected":false},"author":1,"featured_media":92454,"comment_status":"closed","ping_status":"closed","sticky":false,"template":"","format":"standard","meta":[],"categories":[19],"tags":[59,762,763,435],"_links":{"self":[{"href":"http:\/\/hoycordobaweb.com\/index.php\/wp-json\/wp\/v2\/posts\/92453"}],"collection":[{"href":"http:\/\/hoycordobaweb.com\/index.php\/wp-json\/wp\/v2\/posts"}],"about":[{"href":"http:\/\/hoycordobaweb.com\/index.php\/wp-json\/wp\/v2\/types\/post"}],"author":[{"embeddable":true,"href":"http:\/\/hoycordobaweb.com\/index.php\/wp-json\/wp\/v2\/users\/1"}],"replies":[{"embeddable":true,"href":"http:\/\/hoycordobaweb.com\/index.php\/wp-json\/wp\/v2\/comments?post=92453"}],"version-history":[{"count":0,"href":"http:\/\/hoycordobaweb.com\/index.php\/wp-json\/wp\/v2\/posts\/92453\/revisions"}],"wp:featuredmedia":[{"embeddable":true,"href":"http:\/\/hoycordobaweb.com\/index.php\/wp-json\/wp\/v2\/media\/92454"}],"wp:attachment":[{"href":"http:\/\/hoycordobaweb.com\/index.php\/wp-json\/wp\/v2\/media?parent=92453"}],"wp:term":[{"taxonomy":"category","embeddable":true,"href":"http:\/\/hoycordobaweb.com\/index.php\/wp-json\/wp\/v2\/categories?post=92453"},{"taxonomy":"post_tag","embeddable":true,"href":"http:\/\/hoycordobaweb.com\/index.php\/wp-json\/wp\/v2\/tags?post=92453"}],"curies":[{"name":"wp","href":"https:\/\/api.w.org\/{rel}","templated":true}]}}