{"id":92358,"date":"2024-12-26T19:06:56","date_gmt":"2024-12-26T19:06:56","guid":{"rendered":"https:\/\/www.trendencias.com\/celebrities\/isabel-preysler-desaparecida-navidad-ana-boyer-publica-album-privado-despierta-enigma"},"modified":"2024-12-26T19:06:56","modified_gmt":"2024-12-26T19:06:56","slug":"isabel-preysler-desaparecida-por-navidad-ana-boyer-publica-el-album-privado-y-despierta-el-enigma","status":"publish","type":"post","link":"http:\/\/hoycordobaweb.com\/index.php\/2024\/12\/26\/isabel-preysler-desaparecida-por-navidad-ana-boyer-publica-el-album-privado-y-despierta-el-enigma\/","title":{"rendered":"Isabel Preysler, desaparecida por Navidad: Ana Boyer publica el \u00e1lbum privado y despierta el enigma"},"content":{"rendered":"<p>No hay rastro de la Preysler en plena Navidad. Amante de esta \u00e9poca desde tiempos inmemoriales, Isabel suele posar ante sus adeptos durante la Pascua. Este a\u00f1o, lejos de mostrarse sonriente junto al tremendo abeto que preside su sal\u00f3n, la madre de Tamara Falc\u00f3 se mantiene tras los focos. La pregunta es, \u00bfqu\u00e9 le pasa la reina de corazones? \u00bfAcaso pretende sorprendernos de alg\u00fan modo?<\/p>\n<p><!-- BREAK 1 --> <\/p>\n<div class=\"article-asset article-asset-normal article-asset-center\">\n<div class=\"desvio-container\">\n<div class=\"desvio\">\n<div class=\"desvio-figure js-desvio-figure\"> <a href=\"https:\/\/www.trendencias.com\/familia-maternidad-y-ninos\/ninos-altas-capacidades-comienzan-mostrando-estos-cinco-rasgos-tu-hijo-tiene-podria-ser-uno-ellos\" class=\"pivot-outboundlink\" data-vars-post-title=\"Los ni\u00f1os con altas capacidades comienzan mostrando estos cinco rasgos. Si tu hijo los tiene, podr\u00eda ser uno de ellos\"> <img loading=\"lazy\" alt=\"Los ni\u00f1os con altas capacidades comienzan mostrando estos cinco rasgos. Si tu hijo los tiene, podr\u00eda ser uno de ellos\" width=\"375\" height=\"142\" src=\"http:\/\/hoycordobaweb.com\/wp-content\/uploads\/2024\/12\/isabel-preysler-desaparecida-por-navidad-ana-boyer-publica-el-album-privado-y-despierta-el-enigma.jpg\"> <\/a> <\/div><\/div><\/div>\n<\/div>\n<p>Madrid o Miami. Son las dos ciudades en las que Isabel suele pasar estar fechas. En ocasiones lo hace al otro lado del charco y, este a\u00f1o, ha decidido hacerlo en la capital. Concretamente, <strong>ha reunido a sus familiares en Villameona <\/strong>y all\u00ed han celebrado el nacimiento del ni\u00f1o Jes\u00fas.<\/p>\n<p><!-- BREAK 2 --><\/p>\n<p>Al menos, eso es lo que se intuye. No hay fotograf\u00edas que lo demuestren, pero <strong>Ana Boyer nos ha regalado una pista<\/strong> a trav\u00e9s de <a rel=\"noopener, noreferrer\" href=\"https:\/\/www.instagram.com\/p\/DEBEoFpuwV7\/?img_index=2\">Instagram<\/a>. La hija peque\u00f1a de Isabel ha publicado un carrusel de fotograf\u00edas en las que aparece junto a su familia en la casa de su madre. Posa sonriente junto a Fernando Verdasco y tambi\u00e9n ha mostrado a sus hijos recibiendo los regalos de Pap\u00e1 Noel.<\/p>\n<p><!-- BREAK 3 --> <\/p>\n<div class=\"article-asset-image article-asset-normal article-asset-center\">\n<div class=\"asset-content\">\n<div class=\"caption-img \"> <img class=\"centro_sinmarco\" height=\"1322\" width=\"1179\" loading=\"lazy\" decoding=\"async\" sizes=\"100vw\" fetchpriority=\"high\" srcset=\"http:\/\/hoycordobaweb.com\/wp-content\/uploads\/2024\/12\/isabel-preysler-desaparecida-por-navidad-ana-boyer-publica-el-album-privado-y-despierta-el-enigma-1.jpg 450w, http:\/\/hoycordobaweb.com\/wp-content\/uploads\/2024\/12\/isabel-preysler-desaparecida-por-navidad-ana-boyer-publica-el-album-privado-y-despierta-el-enigma-3.jpg 681w, http:\/\/hoycordobaweb.com\/wp-content\/uploads\/2024\/12\/isabel-preysler-desaparecida-por-navidad-ana-boyer-publica-el-album-privado-y-despierta-el-enigma-4.jpg 1024w, http:\/\/hoycordobaweb.com\/wp-content\/uploads\/2024\/12\/isabel-preysler-desaparecida-por-navidad-ana-boyer-publica-el-album-privado-y-despierta-el-enigma-5.jpg 1366w\" src=\"http:\/\/hoycordobaweb.com\/wp-content\/uploads\/2024\/12\/isabel-preysler-desaparecida-por-navidad-ana-boyer-publica-el-album-privado-y-despierta-el-enigma-1.jpg\" alt=\"Ana Boyer y Fernando Verdasco\"> <noscript><img alt=\"Ana Boyer y Fernando Verdasco\" class=\"centro_sinmarco\" src=\"http:\/\/hoycordobaweb.com\/wp-content\/uploads\/2024\/12\/isabel-preysler-desaparecida-por-navidad-ana-boyer-publica-el-album-privado-y-despierta-el-enigma-1.jpg\"><\/noscript> <span>Ana Boyer y Fernando Verdasco<\/span> <\/div><\/div>\n<\/div>\n<p>Pero de Isabel, ni rastro. Por alg\u00fan motivo, <strong>la reina de corazones no ha encontrado el \u00e1nimo para sonreir ante la c\u00e1mara<\/strong> y desear felices fiestas a sus seguidores. Cabe se\u00f1alar que, por primera vez en muchos a\u00f1os, <a class=\"text-outboundlink\" href=\"https:\/\/www.trendencias.com\/celebrities\/tamara-falco-le-da-disgusto-grande-a-isabel-preysler-antes-nochebuena-inigo-onieva-culpable\" data-vars-post-title=\"Tamara Falc\u00f3 le da el disgusto m\u00e1s grande a Isabel Preysler antes de Nochebuena: \u00cd\u00f1igo Onieva es el culpable \" data-vars-post-url=\"https:\/\/www.trendencias.com\/celebrities\/tamara-falco-le-da-disgusto-grande-a-isabel-preysler-antes-nochebuena-inigo-onieva-culpable\">Tamara Falc\u00f3 no ha pasado la Nochebuena<\/a> junto a su madre. Tal y como recogi\u00f3 Trendencias, cen\u00f3 en casa de Carolina Molas junto a \u00cd\u00f1igo Onieva y el resto de su familia.<\/p>\n<p><!-- BREAK 4 --><\/p>\n<p>Fotos | Instagram <a rel=\"noopener, noreferrer\" href=\"https:\/\/www.instagram.com\/p\/DEBEoFpuwV7\/?img_index=2\">@anaboyer<\/a><\/p>\n<p>En Trendencias | <a class=\"text-outboundlink\" href=\"https:\/\/www.trendencias.com\/propuestas-y-consejos\/13-series-tabues-que-puedes-ver-netflix-hbo-movistar-que-sexo-protagonista-1\" data-vars-post-title=\"20 series sin tab\u00faes que puedes ver en Netflix, HBO Max y Movistar+ en las que el sexo es un protagonista m\u00e1s\" data-vars-post-url=\"https:\/\/www.trendencias.com\/propuestas-y-consejos\/13-series-tabues-que-puedes-ver-netflix-hbo-movistar-que-sexo-protagonista-1\" data-id=\"noopener noreferrer\"><u>20 series sin tab\u00faes que puedes ver en Netflix, HBO Max y Movistar+ en las que el sexo es un protagonista m\u00e1s<\/u><\/a><\/p>\n<p>En Trendencias | <a class=\"text-outboundlink\" href=\"https:\/\/www.trendencias.com\/eventos\/arenal-sound-todos-conciertos-entradas-horarios-confirmados-festival\" data-vars-post-title=\"Arenal Sound 2025: todos los conciertos, entradas y horarios confirmados del festival\" data-vars-post-url=\"https:\/\/www.trendencias.com\/eventos\/arenal-sound-todos-conciertos-entradas-horarios-confirmados-festival\" data-id=\"noopener noreferrer\"><u>Arenal Sound 2025: todos los conciertos, entradas y horarios confirmados del festival<\/u><\/a><\/p>\n<p>En Trendencias | <a class=\"text-outboundlink\" href=\"https:\/\/www.trendencias.com\/propuestas-y-consejos\/te-contamos-7-trucos-para-arreglar-ropa-tenida-otra-prenda-no-tener-que-tirarla\" data-vars-post-title=\"Te contamos 16 trucos para arreglar ropa te\u00f1ida por otra prenda y no tener que tirarla\" data-vars-post-url=\"https:\/\/www.trendencias.com\/propuestas-y-consejos\/te-contamos-7-trucos-para-arreglar-ropa-tenida-otra-prenda-no-tener-que-tirarla\" data-id=\"noopener noreferrer\">Te contamos 16 trucos para arreglar ropa te\u00f1ida por otra prenda y no tener que tirarla<\/a><\/p>\n","protected":false},"excerpt":{"rendered":"<p>No hay rastro de la Preysler en plena Navidad. Amante de esta \u00e9poca desde tiempos inmemoriales, Isabel suele posar ante sus adeptos durante la Pascua. Este a\u00f1o, lejos de mostrarse sonriente junto al tremendo abeto que preside su sal\u00f3n, la madre de Tamara Falc\u00f3 se mantiene tras los focos. La pregunta es, \u00bfqu\u00e9 le pasa [&hellip;]<\/p>\n","protected":false},"author":1,"featured_media":92359,"comment_status":"closed","ping_status":"closed","sticky":false,"template":"","format":"standard","meta":[],"categories":[],"tags":[],"_links":{"self":[{"href":"http:\/\/hoycordobaweb.com\/index.php\/wp-json\/wp\/v2\/posts\/92358"}],"collection":[{"href":"http:\/\/hoycordobaweb.com\/index.php\/wp-json\/wp\/v2\/posts"}],"about":[{"href":"http:\/\/hoycordobaweb.com\/index.php\/wp-json\/wp\/v2\/types\/post"}],"author":[{"embeddable":true,"href":"http:\/\/hoycordobaweb.com\/index.php\/wp-json\/wp\/v2\/users\/1"}],"replies":[{"embeddable":true,"href":"http:\/\/hoycordobaweb.com\/index.php\/wp-json\/wp\/v2\/comments?post=92358"}],"version-history":[{"count":0,"href":"http:\/\/hoycordobaweb.com\/index.php\/wp-json\/wp\/v2\/posts\/92358\/revisions"}],"wp:featuredmedia":[{"embeddable":true,"href":"http:\/\/hoycordobaweb.com\/index.php\/wp-json\/wp\/v2\/media\/92359"}],"wp:attachment":[{"href":"http:\/\/hoycordobaweb.com\/index.php\/wp-json\/wp\/v2\/media?parent=92358"}],"wp:term":[{"taxonomy":"category","embeddable":true,"href":"http:\/\/hoycordobaweb.com\/index.php\/wp-json\/wp\/v2\/categories?post=92358"},{"taxonomy":"post_tag","embeddable":true,"href":"http:\/\/hoycordobaweb.com\/index.php\/wp-json\/wp\/v2\/tags?post=92358"}],"curies":[{"name":"wp","href":"https:\/\/api.w.org\/{rel}","templated":true}]}}