{"id":92335,"date":"2024-12-23T12:04:44","date_gmt":"2024-12-23T12:04:44","guid":{"rendered":"https:\/\/ladecimaweb.com\/?p=30553"},"modified":"2024-12-23T12:04:44","modified_gmt":"2024-12-23T12:04:44","slug":"es-detenido-se-descompensa-en-la-comisaria-18-y-entra-en-paro-cardiorrespiratorio-al-asturias","status":"publish","type":"post","link":"http:\/\/hoycordobaweb.com\/index.php\/2024\/12\/23\/es-detenido-se-descompensa-en-la-comisaria-18-y-entra-en-paro-cardiorrespiratorio-al-asturias\/","title":{"rendered":"Es detenido, se descompensa en la comisar\u00eda 18 y entra en paro cardiorrespiratorio al Asturias"},"content":{"rendered":"<div class=\"boldgrid-section\">\n<div class=\"container\">\n<div class=\"row\">\n<div class=\"col-md-12 col-xs-12 col-sm-12\">\n<p class=\"\">Durante la madrugada de hoy, en calle p\u00fablica B al 4400 de <strong>B\u00b0 Universitario de Horizonte, se detuvo a un hombre de 56 a\u00f1os,<\/strong> quien momentos antes hab\u00eda ingresado a una vivienda de la zona con un arma de fuego.<\/p>\n<p class=\"\">Luego de un operativo en el sector, se logr\u00f3 interceptar al individuo, quien aparentemente presenta<strong> problemas de adicci\u00f3n<\/strong> seg\u00fan datos recabados, junto al secuestro de un <strong>revolver calibre 32. <\/strong><\/p>\n<p class=\"\">De inmediato, fue <strong>trasladado a la comisaria 18<\/strong> de B\u00ba Villa El Libertador, donde intent\u00f3 <strong>autolesionarse<\/strong> y por causas a establecer de descompens\u00f3.<\/p>\n<p class=\"\">Con la premura del caso, fue <strong>derivado consciente al Hospital Pr\u00edncipe de Asturias<\/strong>.<\/p>\n<p class=\"\">All\u00ed, fue asistido por los facultativos que <strong>le diagnosticaron paro cardiorrespiratorio<\/strong>, quedando internado.<\/p>\n<p>&nbsp;<\/p>\n<p class=\"\">\n<div class=\"ubm_banner\"><a href=\"https:\/\/www.cba.gov.ar\/dengue\/\" target=\"_blank\" rel=\"dofollow noopener noreferrer\"><img src=\"http:\/\/hoycordobaweb.com\/wp-content\/uploads\/2024\/12\/es-detenido-se-descompensa-en-la-comisaria-18-y-entra-en-paro-cardiorrespiratorio-al-asturias.gif\" alt=\"\"><\/a><\/div>\n<\/div>\n<\/div>\n<\/div>\n<\/div>\n<p>La entrada <a rel=\"nofollow\" href=\"https:\/\/ladecimaweb.com\/es-detenido-se-descompensa-en-la-comisaria-18-y-entra-en-paro-cardiorrespiratorio-al-asturias\/\">Es detenido, se descompensa en la comisar\u00eda 18 y entra en paro cardiorrespiratorio al Asturias<\/a> se public\u00f3 primero en <a rel=\"nofollow\" href=\"https:\/\/ladecimaweb.com\">LaDecima<\/a>.<\/p>\n","protected":false},"excerpt":{"rendered":"<p>Durante la madrugada de hoy, en calle p\u00fablica B al 4400 de B\u00b0 Universitario de Horizonte, se detuvo a un hombre de 56 a\u00f1os, quien momentos antes hab\u00eda ingresado a una vivienda de la zona con un arma de fuego. Luego de un operativo en el sector, se logr\u00f3 interceptar al individuo, quien aparentemente presenta [&hellip;]<\/p>\n","protected":false},"author":1,"featured_media":0,"comment_status":"closed","ping_status":"closed","sticky":false,"template":"","format":"standard","meta":[],"categories":[32],"tags":[],"_links":{"self":[{"href":"http:\/\/hoycordobaweb.com\/index.php\/wp-json\/wp\/v2\/posts\/92335"}],"collection":[{"href":"http:\/\/hoycordobaweb.com\/index.php\/wp-json\/wp\/v2\/posts"}],"about":[{"href":"http:\/\/hoycordobaweb.com\/index.php\/wp-json\/wp\/v2\/types\/post"}],"author":[{"embeddable":true,"href":"http:\/\/hoycordobaweb.com\/index.php\/wp-json\/wp\/v2\/users\/1"}],"replies":[{"embeddable":true,"href":"http:\/\/hoycordobaweb.com\/index.php\/wp-json\/wp\/v2\/comments?post=92335"}],"version-history":[{"count":0,"href":"http:\/\/hoycordobaweb.com\/index.php\/wp-json\/wp\/v2\/posts\/92335\/revisions"}],"wp:attachment":[{"href":"http:\/\/hoycordobaweb.com\/index.php\/wp-json\/wp\/v2\/media?parent=92335"}],"wp:term":[{"taxonomy":"category","embeddable":true,"href":"http:\/\/hoycordobaweb.com\/index.php\/wp-json\/wp\/v2\/categories?post=92335"},{"taxonomy":"post_tag","embeddable":true,"href":"http:\/\/hoycordobaweb.com\/index.php\/wp-json\/wp\/v2\/tags?post=92335"}],"curies":[{"name":"wp","href":"https:\/\/api.w.org\/{rel}","templated":true}]}}