{"id":92331,"date":"2024-12-25T23:34:29","date_gmt":"2024-12-25T23:34:29","guid":{"rendered":"http:\/\/hoycordobaweb.com\/index.php\/2024\/12\/25\/jugo-con-riquelme-y-messi-dejo-el-futbol-por-una-lesion-y-ahora-brilla-en-otro-deporte\/"},"modified":"2024-12-25T23:34:29","modified_gmt":"2024-12-25T23:34:29","slug":"jugo-con-riquelme-y-messi-dejo-el-futbol-por-una-lesion-y-ahora-brilla-en-otro-deporte","status":"publish","type":"post","link":"http:\/\/hoycordobaweb.com\/index.php\/2024\/12\/25\/jugo-con-riquelme-y-messi-dejo-el-futbol-por-una-lesion-y-ahora-brilla-en-otro-deporte\/","title":{"rendered":"Jug\u00f3 con Riquelme y Messi, dej\u00f3 el <b>f\u00fatbol<\/b> por una lesi\u00f3n y ahora brilla en otro deporte"},"content":{"rendered":"<p>Diego Perotti es un futbolista profesional <b>argentino<\/b> nacido el 26 de julio de 1988 en Moreno, Buenos Aires. Se desarroll\u00f3 como extremo y mediocampista&nbsp;&#8230; <\/p>\n","protected":false},"excerpt":{"rendered":"<p>Diego Perotti es un futbolista profesional argentino nacido el 26 de julio de 1988 en Moreno, Buenos Aires. Se desarroll\u00f3 como extremo y mediocampista&nbsp;&#8230;<\/p>\n","protected":false},"author":1,"featured_media":0,"comment_status":"closed","ping_status":"closed","sticky":false,"template":"","format":"standard","meta":[],"categories":[22],"tags":[],"_links":{"self":[{"href":"http:\/\/hoycordobaweb.com\/index.php\/wp-json\/wp\/v2\/posts\/92331"}],"collection":[{"href":"http:\/\/hoycordobaweb.com\/index.php\/wp-json\/wp\/v2\/posts"}],"about":[{"href":"http:\/\/hoycordobaweb.com\/index.php\/wp-json\/wp\/v2\/types\/post"}],"author":[{"embeddable":true,"href":"http:\/\/hoycordobaweb.com\/index.php\/wp-json\/wp\/v2\/users\/1"}],"replies":[{"embeddable":true,"href":"http:\/\/hoycordobaweb.com\/index.php\/wp-json\/wp\/v2\/comments?post=92331"}],"version-history":[{"count":0,"href":"http:\/\/hoycordobaweb.com\/index.php\/wp-json\/wp\/v2\/posts\/92331\/revisions"}],"wp:attachment":[{"href":"http:\/\/hoycordobaweb.com\/index.php\/wp-json\/wp\/v2\/media?parent=92331"}],"wp:term":[{"taxonomy":"category","embeddable":true,"href":"http:\/\/hoycordobaweb.com\/index.php\/wp-json\/wp\/v2\/categories?post=92331"},{"taxonomy":"post_tag","embeddable":true,"href":"http:\/\/hoycordobaweb.com\/index.php\/wp-json\/wp\/v2\/tags?post=92331"}],"curies":[{"name":"wp","href":"https:\/\/api.w.org\/{rel}","templated":true}]}}