{"id":9227,"date":"2021-01-05T02:33:27","date_gmt":"2021-01-05T02:33:27","guid":{"rendered":"http:\/\/hoycordobaweb.com\/index.php\/2021\/01\/05\/bogota-fc-sacude-el-mercado-de-la-b-ficha-a-martin-cardetti-como-dt\/"},"modified":"2021-01-05T02:33:27","modified_gmt":"2021-01-05T02:33:27","slug":"bogota-fc-sacude-el-mercado-de-la-b-ficha-a-martin-cardetti-como-dt","status":"publish","type":"post","link":"http:\/\/hoycordobaweb.com\/index.php\/2021\/01\/05\/bogota-fc-sacude-el-mercado-de-la-b-ficha-a-martin-cardetti-como-dt\/","title":{"rendered":"Bogot\u00e1 FC sacude el mercado de la B: ficha a Mart\u00edn Cardetti como DT"},"content":{"rendered":"<p>&#8230; estuvo en Colombia con el equipo azucarero en el 2007, y tuvo una extensa carrera como jugador, en el <b>f\u00fatbol argentino<\/b>, espa\u00f1ol y hasta franc\u00e9s. <\/p>\n","protected":false},"excerpt":{"rendered":"<p>&#8230; estuvo en Colombia con el equipo azucarero en el 2007, y tuvo una extensa carrera como jugador, en el f\u00fatbol argentino, espa\u00f1ol y hasta franc\u00e9s.<\/p>\n","protected":false},"author":1,"featured_media":0,"comment_status":"closed","ping_status":"closed","sticky":false,"template":"","format":"standard","meta":[],"categories":[22],"tags":[],"_links":{"self":[{"href":"http:\/\/hoycordobaweb.com\/index.php\/wp-json\/wp\/v2\/posts\/9227"}],"collection":[{"href":"http:\/\/hoycordobaweb.com\/index.php\/wp-json\/wp\/v2\/posts"}],"about":[{"href":"http:\/\/hoycordobaweb.com\/index.php\/wp-json\/wp\/v2\/types\/post"}],"author":[{"embeddable":true,"href":"http:\/\/hoycordobaweb.com\/index.php\/wp-json\/wp\/v2\/users\/1"}],"replies":[{"embeddable":true,"href":"http:\/\/hoycordobaweb.com\/index.php\/wp-json\/wp\/v2\/comments?post=9227"}],"version-history":[{"count":0,"href":"http:\/\/hoycordobaweb.com\/index.php\/wp-json\/wp\/v2\/posts\/9227\/revisions"}],"wp:attachment":[{"href":"http:\/\/hoycordobaweb.com\/index.php\/wp-json\/wp\/v2\/media?parent=9227"}],"wp:term":[{"taxonomy":"category","embeddable":true,"href":"http:\/\/hoycordobaweb.com\/index.php\/wp-json\/wp\/v2\/categories?post=9227"},{"taxonomy":"post_tag","embeddable":true,"href":"http:\/\/hoycordobaweb.com\/index.php\/wp-json\/wp\/v2\/tags?post=9227"}],"curies":[{"name":"wp","href":"https:\/\/api.w.org\/{rel}","templated":true}]}}