{"id":92264,"date":"2024-12-25T19:01:34","date_gmt":"2024-12-25T19:01:34","guid":{"rendered":"https:\/\/www.trendencias.com\/sneakers\/queridos-reyes-magos-esta-navidad-paso-samba-quiero-estas-adidas-tendencia-rebajadas-zalando"},"modified":"2024-12-25T19:01:34","modified_gmt":"2024-12-25T19:01:34","slug":"queridos-reyes-magos-esta-navidad-paso-de-las-samba-y-quiero-estas-adidas-en-tendencia-rebajadas-en-zalando","status":"publish","type":"post","link":"http:\/\/hoycordobaweb.com\/index.php\/2024\/12\/25\/queridos-reyes-magos-esta-navidad-paso-de-las-samba-y-quiero-estas-adidas-en-tendencia-rebajadas-en-zalando\/","title":{"rendered":"Queridos Reyes Magos, esta Navidad paso de las Samba y quiero estas Adidas en tendencia rebajadas en Zalando"},"content":{"rendered":"<p>Queridos Reyes Magos, Pap\u00e1 Noel ha pasado much\u00edsimo de mi cara estas Navidades, as\u00ed que espero que el 6 de enero vosotros se\u00e1is un poquito m\u00e1s generosos. \u00a1Y mira que yo he sido buena! Pues nada, pues nada&#8230; Ni una triste galletita debajo de mi \u00e1rbol. Pero oye, que yo ya s\u00e9 lo que quiero que me dej\u00e9is este a\u00f1o. Y creo que tampoco pido demasiado. Ni con lo que os encargo a vosotros ni con los hombres, as\u00ed que espero que lo primero salga mejor que lo segundo al menos.<\/p>\n<p><!-- BREAK 1 --> <\/p>\n<div class=\"article-asset article-asset-normal article-asset-center\">\n<div class=\"desvio-container\">\n<div class=\"desvio\">\n<div class=\"desvio-figure js-desvio-figure\"> <a href=\"https:\/\/www.trendencias.com\/psicologia\/repites-estas-seis-frases-a-menudo-eres-desagradecido-e-infeliz-que-mayoria-hora-cambiarlo\" class=\"pivot-outboundlink\" data-vars-post-title=\"La gente desagradecida usa a menudo estas seis frases. Son un reflejo de su infelicidad\"> <img loading=\"lazy\" alt=\"La gente desagradecida usa a menudo estas seis frases. Son un reflejo de su infelicidad\" width=\"375\" height=\"142\" src=\"http:\/\/hoycordobaweb.com\/wp-content\/uploads\/2024\/12\/queridos-reyes-magos-esta-navidad-paso-de-las-samba-y-quiero-estas-adidas-en-tendencia-rebajadas-en-zalando.jpg\"> <\/a> <\/div><\/div><\/div>\n<\/div>\n<div class=\"article-asset-image article-asset-normal article-asset-center\">\n<div class=\"asset-content\"> <img class=\"centro_sinmarco\" height=\"842\" width=\"962\" loading=\"lazy\" decoding=\"async\" sizes=\"100vw\" fetchpriority=\"high\" srcset=\"http:\/\/hoycordobaweb.com\/wp-content\/uploads\/2024\/12\/queridos-reyes-magos-esta-navidad-paso-de-las-samba-y-quiero-estas-adidas-en-tendencia-rebajadas-en-zalando.png 450w, http:\/\/hoycordobaweb.com\/wp-content\/uploads\/2024\/12\/queridos-reyes-magos-esta-navidad-paso-de-las-samba-y-quiero-estas-adidas-en-tendencia-rebajadas-en-zalando-1.png 681w, http:\/\/hoycordobaweb.com\/wp-content\/uploads\/2024\/12\/queridos-reyes-magos-esta-navidad-paso-de-las-samba-y-quiero-estas-adidas-en-tendencia-rebajadas-en-zalando-2.png 1024w, http:\/\/hoycordobaweb.com\/wp-content\/uploads\/2024\/12\/queridos-reyes-magos-esta-navidad-paso-de-las-samba-y-quiero-estas-adidas-en-tendencia-rebajadas-en-zalando-3.png 1366w\" src=\"http:\/\/hoycordobaweb.com\/wp-content\/uploads\/2024\/12\/queridos-reyes-magos-esta-navidad-paso-de-las-samba-y-quiero-estas-adidas-en-tendencia-rebajadas-en-zalando.png\" alt=\"trendencias-zapatillas-adidas-handball-samba\"> <noscript><img alt=\"trendencias-zapatillas-adidas-handball-samba\" class=\"centro_sinmarco\" src=\"http:\/\/hoycordobaweb.com\/wp-content\/uploads\/2024\/12\/queridos-reyes-magos-esta-navidad-paso-de-las-samba-y-quiero-estas-adidas-en-tendencia-rebajadas-en-zalando.png\"><\/noscript> <\/div>\n<\/div>\n<p>S\u00e9 de sobra que el gran triunfo de Adidas son las Samba, pero es que ni siquiera voy a pedir eso, sino algo mucho m\u00e1s sencillo: <strong>estas Handball Spezial<\/strong> en dos tonos de verde, ideales para los <em>looks<\/em> de invierno, que he fichado rebajadas adem\u00e1s en Zalando por <del>109,95 euros<\/del> <a rel=\"noopener, noreferrer\" href=\"https:\/\/www.zalando.es\/adidas-originals-zapatillas-collegiate-greensemi-green-spark-ad111e01n-m11.html?ssku=AD111E01N-M110060000&amp;lang=es&amp;otid=default&amp;wmc=SEM340_NB_GO._3922365855_680653101_35177162592.&amp;opc=2211&amp;mpp=google|v1||pla-297546631617||9219920||g|c||149809974124||pla|AD111E01N-M110060000|297546631617|1|&amp;gclsrc=aw.ds&amp;gad_source=1&amp;gclid=Cj0KCQiA9667BhDoARIsANnamQY-jEc9pNN-T8HexZZ4T9qAfzH3FGtaNwBMEWuI5JNnzi06jfdecukaAoG_EALw_wcB\">76,95 euros<\/a>. \u00a1Si es que no lo puede ser m\u00e1s f\u00e1cil!&nbsp;<\/p>\n<p><!-- BREAK 2 --><\/p>\n<p>El tejido exterior es antelina, una de <a class=\"text-outboundlink\" href=\"https:\/\/www.trendencias.com\/propuestas-y-consejos\/zapatillas-que-seran-tendencia-2023-nike-new-balance-converse-marcaran-pauta\" data-vars-post-title=\"Zapatillas 2024: estos son los modelos tendencia que m\u00e1s se llevan y que todo amante de la moda quiere tener\" data-vars-post-url=\"https:\/\/www.trendencias.com\/propuestas-y-consejos\/zapatillas-que-seran-tendencia-2023-nike-new-balance-converse-marcaran-pauta\">las tendencias de esta temporada<\/a> que lleva arrasando desde el verano y me encanta el toque retro que tienen, sin duda, una de las tendencias en zapatillas de este 2024, ya que hay muchos modelos populares que remiten incluso <a class=\"text-outboundlink\" href=\"https:\/\/www.trendencias.com\/sneakers\/adidas-samba-puma-palermo-zapatillas-momento-nike-que-llevaste-durante-tu-infancia-90\" data-vars-post-title=\"Ni Adidas Samba ni Puma Palermo, las zapatillas del momento son las Nike que ya llevaste durante tu infancia en los 90\" data-vars-post-url=\"https:\/\/www.trendencias.com\/sneakers\/adidas-samba-puma-palermo-zapatillas-momento-nike-que-llevaste-durante-tu-infancia-90\">a nuestra infancia, como estas Nike<\/a>, las favoritas de Forrest Gump.<\/p>\n<p><!-- BREAK 3 --> <\/p>\n<p>Por \u00faltimo, aprovecho para daros las gracias por lo bien que os hab\u00e9is portado desde siempre, \u00bfeh? Venga, que este a\u00f1o no solo van a caer galletitas y leche, que <strong>os dejo jam\u00f3n del bueno<\/strong> y aceite, que se va a venir subid\u00f3n de precio con la vuelta de Donald Trump a la Casa Blanca.<\/p>\n<p><!-- BREAK 4 --><\/p>\n<p>Fotos | <a rel=\"noopener, noreferrer\" href=\"https:\/\/www.instagram.com\/p\/DC1VduMMQcK\/?hl=es&amp;img_index=1\">@gabrielegz<\/a> y <a rel=\"noopener, noreferrer\" href=\"https:\/\/www.zalando.es\/adidas-originals-zapatillas-collegiate-greensemi-green-spark-ad111e01n-m11.html?ssku=AD111E01N-M110060000&amp;lang=es&amp;otid=default&amp;wmc=SEM340_NB_GO._3922365855_680653101_35177162592.&amp;opc=2211&amp;mpp=google|v1||pla-297546631617||9219920||g|c||149809974124||pla|AD111E01N-M110060000|297546631617|1|&amp;gclsrc=aw.ds&amp;gad_source=1&amp;gclid=Cj0KCQiA9667BhDoARIsANnamQY-jEc9pNN-T8HexZZ4T9qAfzH3FGtaNwBMEWuI5JNnzi06jfdecukaAoG_EALw_wcB\">Zalando<\/a><\/p>\n<p>En Trendencias | <a class=\"text-outboundlink\" href=\"https:\/\/www.trendencias.com\/propuestas-y-consejos\/cinco-abrigos-que-tendencia-este-otono-invierno-2022-23-locura-forma-cow-print-al-clasico-sastre\" data-vars-post-title=\"Doce abrigos que son tendencia este 2024: de la locura en forma de cow print al cl\u00e1sico sastre\" data-vars-post-url=\"https:\/\/www.trendencias.com\/propuestas-y-consejos\/cinco-abrigos-que-tendencia-este-otono-invierno-2022-23-locura-forma-cow-print-al-clasico-sastre\">Doce abrigos que son tendencia este 2024: de la locura en forma de cow print al cl\u00e1sico sastre<\/a><\/p>\n","protected":false},"excerpt":{"rendered":"<p>Queridos Reyes Magos, Pap\u00e1 Noel ha pasado much\u00edsimo de mi cara estas Navidades, as\u00ed que espero que el 6 de enero vosotros se\u00e1is un poquito m\u00e1s generosos. \u00a1Y mira que yo he sido buena! Pues nada, pues nada&#8230; Ni una triste galletita debajo de mi \u00e1rbol. Pero oye, que yo ya s\u00e9 lo que quiero [&hellip;]<\/p>\n","protected":false},"author":1,"featured_media":92265,"comment_status":"closed","ping_status":"closed","sticky":false,"template":"","format":"standard","meta":[],"categories":[],"tags":[],"_links":{"self":[{"href":"http:\/\/hoycordobaweb.com\/index.php\/wp-json\/wp\/v2\/posts\/92264"}],"collection":[{"href":"http:\/\/hoycordobaweb.com\/index.php\/wp-json\/wp\/v2\/posts"}],"about":[{"href":"http:\/\/hoycordobaweb.com\/index.php\/wp-json\/wp\/v2\/types\/post"}],"author":[{"embeddable":true,"href":"http:\/\/hoycordobaweb.com\/index.php\/wp-json\/wp\/v2\/users\/1"}],"replies":[{"embeddable":true,"href":"http:\/\/hoycordobaweb.com\/index.php\/wp-json\/wp\/v2\/comments?post=92264"}],"version-history":[{"count":0,"href":"http:\/\/hoycordobaweb.com\/index.php\/wp-json\/wp\/v2\/posts\/92264\/revisions"}],"wp:featuredmedia":[{"embeddable":true,"href":"http:\/\/hoycordobaweb.com\/index.php\/wp-json\/wp\/v2\/media\/92265"}],"wp:attachment":[{"href":"http:\/\/hoycordobaweb.com\/index.php\/wp-json\/wp\/v2\/media?parent=92264"}],"wp:term":[{"taxonomy":"category","embeddable":true,"href":"http:\/\/hoycordobaweb.com\/index.php\/wp-json\/wp\/v2\/categories?post=92264"},{"taxonomy":"post_tag","embeddable":true,"href":"http:\/\/hoycordobaweb.com\/index.php\/wp-json\/wp\/v2\/tags?post=92264"}],"curies":[{"name":"wp","href":"https:\/\/api.w.org\/{rel}","templated":true}]}}