{"id":92163,"date":"2024-12-23T23:18:43","date_gmt":"2024-12-23T23:18:43","guid":{"rendered":"https:\/\/www.ole.com.ar\/equipos\/independiente\/independiente-imanol-machuca-fortaleza-mercado-pases_0_4sk5V161RR.html"},"modified":"2024-12-23T23:18:43","modified_gmt":"2024-12-23T23:18:43","slug":"el-padre-de-imanol-machuca-independiente-pica-en-punta","status":"publish","type":"post","link":"http:\/\/hoycordobaweb.com\/index.php\/2024\/12\/23\/el-padre-de-imanol-machuca-independiente-pica-en-punta\/","title":{"rendered":"El padre de Imanol Machuca: \u00abIndependiente pica en punta\u00bb"},"content":{"rendered":"<p><img src=\"http:\/\/hoycordobaweb.com\/wp-content\/uploads\/2024\/12\/el-padre-de-imanol-machuca-independiente-pica-en-punta.jpg\"><\/p>\n<p><time class=\"createDate\" datetime=\"2024-12-23T20:18:43-03:00\">23\/12\/2024 20:18hs.<\/time><\/p>\n<div id=\"storyBody\">\n<div class=\"custom-text \" readability=\"38.101265822785\">\n<p>Parece ser cuesti\u00f3n de tiempo que <strong>Imanol Machuca <\/strong>pase a ser jugador de <strong><a href=\"https:\/\/www.ole.com.ar\/tema\/club-atletico-independiente.html\" title=\"Club Atl\u00e9tico Independiente\" alt=\"Club Atl\u00e9tico Independiente\" class=\"slug\">Independiente<\/a><\/strong>. El Rojo sigue buscando jugadores para reforzar a un plantel que tendr\u00e1 varias bajas de cara al 2025, que lo encontrar\u00e1 jugando la <a href=\"https:\/\/www.ole.com.ar\/tema\/copa-sudamericana.html\" title=\"Copa Sudamericana\" alt=\"Copa Sudamericana\" class=\"slug\">Copa Sudamericana<\/a> nuevamente. Uno de los nombres que suenan muy fuerte en los pasillos del Libertadores de Am\u00e9rica es el de Machuca, el extremo que le fue muy bien en Uni\u00f3n de Santa Fe y que hoy viste la camiseta del Fortaleza de Brasil. Ante los rumores de su arribo a Avellaneda, <strong>Evaristo Machuca<\/strong>, el padre de Imanol, se encarg\u00f3 de asegurar que el pase est\u00e1 muy avanzado y que <strong>\u00abIndependiente pica en punta\u00bb<\/strong>.<\/p>\n<\/div>\n<div class=\"custom-text \" readability=\"37\">\n<p>\u00abUno de los representantes <strong>est\u00e1 hablando hace dos meses con gente de Independiente<\/strong> y la decisi\u00f3n la tiene que tomar Imanol\u00bb asegur\u00f3 Evaristo sobre el futuro de su hijo. Adem\u00e1s, desliz\u00f3 una noticia personal sobre Imanol que ser\u00eda clave en la negociaci\u00f3n para volver al pa\u00eds: \u00abEl va a ser pap\u00e1, le gusta la posibilidad de venir al futbol argentino y a Independiente\u00bb.<\/p>\n<\/div>\n<div class=\"sc-e7b891c4-0 ifHnQL image-embed\"><img alt=\"Machuca en la final de la Sudamericana contra Liga de Quito.\" loading=\"lazy\" width=\"720\" height=\"100\" decoding=\"async\" data-nimg=\"1\" src=\"http:\/\/hoycordobaweb.com\/wp-content\/uploads\/2024\/12\/el-padre-de-imanol-machuca-independiente-pica-en-punta-2.jpg\"><span class=\"epigraphe\">Machuca en la final de la Sudamericana contra Liga de Quito.<\/span><\/div>\n<div class=\"custom-text \" readability=\"40\">\n<p>A Machuca lo quieren varios clubes de Argentina y del exterior. Seg\u00fan cont\u00f3 Evaristo, adem\u00e1s del Rojo tambi\u00e9n \u00ab<strong>tiene ofertas de M\u00e9xico<\/strong> y tambi\u00e9n est\u00e1n interesados <strong>Estudiantes, Hurac\u00e1n, V\u00e9lez, Talleres de C\u00f3rdoba y Argentinos Juniors<\/strong>\u00ab, inform\u00f3 el padre del extremo que en enero cumplir\u00e1 25 a\u00f1os.<\/p>\n<\/div>\n<div class=\"custom-text \" readability=\"36\">\n<p>\u00ab<strong>Independiente pica en punta porque hace tiempo vienen hablando, antes de fin de a\u00f1o se deber\u00eda definir<\/strong>\u00ab, fue la frase que resume el estado de situaci\u00f3n del posible pase de Machuca al equipo que dirige Julio Vaccari.<\/p>\n<\/div>\n<div class=\"sc-e7b891c4-0 ifHnQL image-embed\"><img alt=\"Machuca y su festejo en un gol contra Col\u00f3n.\" loading=\"lazy\" width=\"720\" height=\"100\" decoding=\"async\" data-nimg=\"1\" src=\"http:\/\/hoycordobaweb.com\/wp-content\/uploads\/2024\/12\/el-padre-de-imanol-machuca-independiente-pica-en-punta-3.jpg\"><span class=\"epigraphe\">Machuca y su festejo en un gol contra Col\u00f3n.<\/span><\/div>\n<div class=\"custom-text \" readability=\"35\">\n<p>\u00abImanol est\u00e1 en Santa Fe entren\u00e1ndose. Nos pone contentos de que est\u00e9 de vuelta ac\u00e1 y tenga la continuidad que no tuvo en Fortaleza este \u00faltimo tiempo. Tiene condiciones para volver a ser el de antes\u00bb, agreg\u00f3 Evaristo en di\u00e1logo con Di\u00e1bolicos.<\/p>\n<\/div>\n<div class=\"custom-text \" readability=\"37\">\n<p>Adem\u00e1s, se sincer\u00f3 sobre el momento futbol\u00edstico en el que llegar\u00eda al equipo de Vaccari: \u00abImanol <strong>no est\u00e1 en un buen momento<\/strong>, ven\u00eda muy bien y tuvo una reca\u00edda despu\u00e9s de que se desgarr\u00f3, da pena que se vaya pero no sirve que se quede parado\u00bb.<\/p>\n<\/div>\n<p><h2><strong>Federico Vera, clave en la llegada de Machuca a Independiente<\/strong><\/h2>\n<\/p>\n<div class=\"custom-text \" readability=\"41\">\n<p>Evaristo dio detalles sobre la relaci\u00f3n de su hijo con el lateral derecho del Rey de Copas, con quien comparti\u00f3 plantel en Uni\u00f3n, y dej\u00f3 en claro que esto le abre las puertas a\u00fan m\u00e1s al extremo al club: \u00ab<strong>Independiente lo tiene a Vera, que es muy amigo de Imanol desde que compartieron equipo en<\/strong> Uni\u00f3n. Todos hablan sin saber de que Independiente no paga y \u00e9l me dice <strong>`papi, yo habl\u00e9 con Vera y est\u00e1 c\u00f3modo, con la gente est\u00e1 bien, con los dirigentes est\u00e1 bien\u00b4<\/strong>. Es importante empezar en un club donde vos ya ten\u00e9s gente adentro\u00bb.<\/p>\n<\/div>\n<div class=\"sc-e7b891c4-0 ifHnQL image-embed\"><img alt=\"Federico Vera fue compa\u00f1ero de Machuca en Uni\u00f3n.\" loading=\"lazy\" width=\"720\" height=\"100\" decoding=\"async\" data-nimg=\"1\" src=\"http:\/\/hoycordobaweb.com\/wp-content\/uploads\/2024\/12\/el-padre-de-imanol-machuca-independiente-pica-en-punta-4.jpg\"><span class=\"epigraphe\">Federico Vera fue compa\u00f1ero de Machuca en Uni\u00f3n.<\/span><\/div>\n<p><h2><strong>La oferta de Independiente a Fortaleza<\/strong><\/h2>\n<\/p>\n<div class=\"custom-text \" readability=\"34.048433048433\">\n<p>En un mercado de pases en el que Julio Vaccari ya sabe que <a href=\"https:\/\/www.ole.com.ar\/equipos\/independiente\/kevin-lomonaco-independiente-rojo-defensor-zaguero-compra-pase_0_mkuXZeulgj.html\" target=\"_self\" title=\"contar\u00e1 con Kevin Lom\u00f3naco \" alt=\"contar\u00e1 con Kevin Lom\u00f3naco \" rel=\"noopener noreferrer\">contar\u00e1 con Kevin Lom\u00f3naco <\/a>por tres a\u00f1os m\u00e1s por la compra de su pase, a la gran noticia del defensor central se sumar\u00eda la contrataci\u00f3n de Machuca, que<strong> llegar\u00eda a pr\u00e9stamo por un a\u00f1o por 170.000 d\u00f3lares y una opci\u00f3n de compra de 1.800.000 millones de d\u00f3lares por el 70% del pase.<\/strong><\/p>\n<\/div>\n<div class=\"custom-text \" readability=\"36\">\n<p>El extremo derecho de 24 a\u00f1os se encuentra en el Fortaleza, club al que lleg\u00f3 en julio de 2023, proveniente de Uni\u00f3n tras un pago de 3.125.000 d\u00f3lares por el 50% de su pase: la otra mitad a\u00fan pertenece al Tatengue.<\/p>\n<\/div>\n<div class=\"sc-a7166897-0 eoLsBE\" readability=\"6\">\n<section readability=\"2\"><picture><img alt=\"Qu\u00e9 dicen en Boca sobre el caso Loyola y cu\u00e1ndo se cierra el pr\u00f3ximo refuerzo\" loading=\"lazy\" width=\"290\" height=\"290\" decoding=\"async\" data-nimg=\"1\" src=\"http:\/\/hoycordobaweb.com\/wp-content\/uploads\/2024\/12\/el-padre-de-imanol-machuca-independiente-pica-en-punta-5.jpg\"><\/picture>\n<p><span>Mir\u00e1 tambi\u00e9n<\/span><\/p>\n<hr>\n<h3>Qu\u00e9 dicen en Boca sobre el caso Loyola y cu\u00e1ndo se cierra el pr\u00f3ximo refuerzo<\/h3>\n<\/p>\n<\/section>\n<\/div>\n<div class=\"sc-a7166897-0 eoLsBE\" readability=\"6\">\n<section readability=\"2\"><picture><img alt=\"Respira Vaccari: Independiente lleg\u00f3 a un acuerdo para comprar a Lom\u00f3naco\" loading=\"lazy\" width=\"290\" height=\"290\" decoding=\"async\" data-nimg=\"1\" src=\"http:\/\/hoycordobaweb.com\/wp-content\/uploads\/2024\/12\/el-padre-de-imanol-machuca-independiente-pica-en-punta-6.jpg\"><\/picture>\n<p><span>Mir\u00e1 tambi\u00e9n<\/span><\/p>\n<hr>\n<h3>Respira Vaccari: Independiente lleg\u00f3 a un acuerdo para comprar a Lom\u00f3naco<\/h3>\n<\/p>\n<\/section>\n<\/div>\n<div class=\"sc-a7166897-0 eoLsBE\" readability=\"7\">\n<section readability=\"4\"><picture><img alt=\"Mercado de pases de Navidad: primeros refuerzos, decenas de bajas y negociaciones de peso\" loading=\"lazy\" width=\"290\" height=\"290\" decoding=\"async\" data-nimg=\"1\" src=\"http:\/\/hoycordobaweb.com\/wp-content\/uploads\/2024\/12\/el-padre-de-imanol-machuca-independiente-pica-en-punta-7.jpg\"><\/picture>\n<p><span>Mir\u00e1 tambi\u00e9n<\/span><\/p>\n<hr>\n<h3>Mercado de pases de Navidad: primeros refuerzos, decenas de bajas y negociaciones de peso<\/h3>\n<\/p>\n<\/section>\n<\/div>\n<\/div>\n","protected":false},"excerpt":{"rendered":"<p>23\/12\/2024 20:18hs. Parece ser cuesti\u00f3n de tiempo que Imanol Machuca pase a ser jugador de Independiente. El Rojo sigue buscando jugadores para reforzar a un plantel que tendr\u00e1 varias bajas de cara al 2025, que lo encontrar\u00e1 jugando la Copa Sudamericana nuevamente. Uno de los nombres que suenan muy fuerte en los pasillos del Libertadores [&hellip;]<\/p>\n","protected":false},"author":1,"featured_media":0,"comment_status":"open","ping_status":"closed","sticky":false,"template":"","format":"standard","meta":[],"categories":[16],"tags":[],"_links":{"self":[{"href":"http:\/\/hoycordobaweb.com\/index.php\/wp-json\/wp\/v2\/posts\/92163"}],"collection":[{"href":"http:\/\/hoycordobaweb.com\/index.php\/wp-json\/wp\/v2\/posts"}],"about":[{"href":"http:\/\/hoycordobaweb.com\/index.php\/wp-json\/wp\/v2\/types\/post"}],"author":[{"embeddable":true,"href":"http:\/\/hoycordobaweb.com\/index.php\/wp-json\/wp\/v2\/users\/1"}],"replies":[{"embeddable":true,"href":"http:\/\/hoycordobaweb.com\/index.php\/wp-json\/wp\/v2\/comments?post=92163"}],"version-history":[{"count":0,"href":"http:\/\/hoycordobaweb.com\/index.php\/wp-json\/wp\/v2\/posts\/92163\/revisions"}],"wp:attachment":[{"href":"http:\/\/hoycordobaweb.com\/index.php\/wp-json\/wp\/v2\/media?parent=92163"}],"wp:term":[{"taxonomy":"category","embeddable":true,"href":"http:\/\/hoycordobaweb.com\/index.php\/wp-json\/wp\/v2\/categories?post=92163"},{"taxonomy":"post_tag","embeddable":true,"href":"http:\/\/hoycordobaweb.com\/index.php\/wp-json\/wp\/v2\/tags?post=92163"}],"curies":[{"name":"wp","href":"https:\/\/api.w.org\/{rel}","templated":true}]}}