{"id":92059,"date":"2024-12-23T01:49:27","date_gmt":"2024-12-23T01:49:27","guid":{"rendered":"https:\/\/www.ole.com.ar\/internacional\/video-pico-erro-penal-final-futbol-colombia_0_sfp2i5vVEF.html"},"modified":"2024-12-23T01:49:27","modified_gmt":"2024-12-23T01:49:27","slug":"video-pico-y-le-atajaron-un-penal-en-la-final-del-futbol-de-colombia","status":"publish","type":"post","link":"http:\/\/hoycordobaweb.com\/index.php\/2024\/12\/23\/video-pico-y-le-atajaron-un-penal-en-la-final-del-futbol-de-colombia\/","title":{"rendered":"Video: pic\u00f3 y le atajaron un penal en la final del f\u00fatbol de Colombia"},"content":{"rendered":"<p><img src=\"http:\/\/hoycordobaweb.com\/wp-content\/uploads\/2024\/12\/video-pico-y-le-atajaron-un-penal-en-la-final-del-futbol-de-colombia.jpg\"><\/p>\n<p><time class=\"createDate\" datetime=\"2024-12-22T22:49:27-03:00\">22\/12\/2024 22:49hs.<\/time><\/p>\n<div id=\"storyBody\">\n<div class=\"custom-text \" readability=\"36.013921113689\">\n<p><strong>La final entre <a href=\"https:\/\/www.ole.com.ar\/tema\/atletico-nacional.html\" title=\"Atl\u00e9tico Nacional\" alt=\"Atl\u00e9tico Nacional\" class=\"slug\">Atl\u00e9tico Nacional<\/a> y <a href=\"https:\/\/www.ole.com.ar\/tema\/deportes-tolima.html\" title=\"Deportes Tolima\" alt=\"Deportes Tolima\" class=\"slug\">Deportes Tolima<\/a> tuvo su momento decisivo <\/strong>al inicio del segundo tiempo, cuando Yeison Guzm\u00e1n err\u00f3 un penal que pudo cambiar el rumbo del partido. Con el marcador 2-0 a favor del Verdolaga, el \u00e1rbitro Ortega sancion\u00f3 una mano dentro del \u00e1rea tras la revisi\u00f3n del VAR. <strong>Guzm\u00e1n, portador de la 10 del visitante, asumi\u00f3 la responsabilidad con una confianza que no se reflej\u00f3 en su ejecuci\u00f3n.<\/strong><\/p>\n<\/div>\n<div class=\"custom-text \" readability=\"41\">\n<p><strong>El mediocampista del Tolima opt\u00f3 por un remate estilo Panenka, intentando enga\u00f1ar al experimentado David Ospina.<\/strong> Sin embargo, el arquero Verdolaga demostr\u00f3 su jerarqu\u00eda: aunque ya se hab\u00eda lanzado a su derecha, tuvo tiempo para corregir, retroceder y contener el d\u00e9bil disparo en dos tiempos. E<strong>ste fallo, m\u00e1s que un error t\u00e9cnico, se convirti\u00f3 en un golpe emocional para el Tolima<\/strong> y sus aspiraciones.<\/p>\n<\/div>\n<div class=\"custom-text \" readability=\"37\">\n<p>La elecci\u00f3n de Guzm\u00e1n para cobrar el penal gener\u00f3 controversia. <strong>Algunos hinchas del Tolima cuestionaron su decisi\u00f3n de optar por una ejecuci\u00f3n tan arriesgada en un momento tan crucial.<\/strong> Otros recordaron su pasado en Atl\u00e9tico Nacional, acus\u00e1ndolo de falta de compromiso. \u00abUn remate con potencia y colocado habr\u00eda sido m\u00e1s efectivo\u00bb, se lamentaron los cr\u00edticos en redes sociales.<\/p>\n<\/div>\n<div class=\"custom-text \" readability=\"41\">\n<p>David Ospina, por su parte, se consolid\u00f3 como h\u00e9roe de la noche. <strong>La atajada no solo mantuvo el marcador, sino que tambi\u00e9n desarticul\u00f3 el \u00e1nimo ofensivo del Tolima<\/strong>. Los hinchas del Nacional lo ovacionaron como si hubiese marcado un gol, mientras el arquero agradec\u00eda el respaldo desde la tribuna. <strong>\u201cSab\u00eda que era un momento clave, ten\u00eda que estar atento\u201d, declar\u00f3 tras el partido.<\/strong><\/p>\n<\/div>\n<div class=\"sc-e7b891c4-0 ifHnQL image-embed\"><img alt=\"David Ospina celebra un gol del Atl\u00e9tico Nacional. (@nacionaloficial)\" loading=\"lazy\" width=\"1290\" height=\"760\" decoding=\"async\" data-nimg=\"1\" src=\"http:\/\/hoycordobaweb.com\/wp-content\/uploads\/2024\/12\/video-pico-y-le-atajaron-un-penal-en-la-final-del-futbol-de-colombia-2.jpg\"><span class=\"epigraphe\">David Ospina celebra un gol del Atl\u00e9tico Nacional. (@nacionaloficial)<\/span><\/div>\n<p><h2><strong><em>Video: el penal picado en la final de Colombia, atajado con Ospina<\/em><\/strong><\/h2>\n<\/p>\n<div class=\"sc-734b4696-1 kFfZtB\">\n<div class=\"sc-d00d9e74-0 hnHYbk\" type=\"embed\">\n<div class=\"sc-d00d9e74-1 iKVbz videoText\" id=\"contentTitleembedcxFgfZou\" type=\"embed\"><svg fill=\"#ffffff\"><symbol id=\"play\" viewBox=\"0 0 512 512\"><path d=\"M512 256C512 397.4 397.4 512 256 512C114.6 512 0 397.4 0 256C0 114.6 114.6 0 256 0C397.4 0 512 114.6 512 256zM176 168V344C176 352.7 180.7 360.7 188.3 364.9C195.8 369.2 205.1 369 212.5 364.5L356.5 276.5C363.6 272.1 368 264.4 368 256C368 247.6 363.6 239.9 356.5 235.5L212.5 147.5C205.1 142.1 195.8 142.8 188.3 147.1C180.7 151.3 176 159.3 176 168V168z\" \/><\/symbol><use xlink:href=\"#play\" \/><\/svg><\/p>\n<div class=\"right\">\n<p>David Ospina<!-- --> &#8211; <span>&nbsp;<\/span><\/p>\n<h2 class=\"title-vid\">Ospina penal<\/h2>\n<\/div>\n<\/div>\n<p><span class=\"back\" id=\"spanBackembedcxFgfZou\"><\/span><\/div>\n<p>Fuente: X<\/p>\n<\/div>\n<div class=\"sc-a7166897-0 eoLsBE\" readability=\"7\">\n<section readability=\"4\"><picture><img alt=\"Atentos, Boca y River: el dato curioso que involucra al Mundial de Clubes y al Clausura 2025\" loading=\"lazy\" width=\"290\" height=\"290\" decoding=\"async\" data-nimg=\"1\" src=\"http:\/\/hoycordobaweb.com\/wp-content\/uploads\/2024\/12\/video-pico-y-le-atajaron-un-penal-en-la-final-del-futbol-de-colombia-3.jpg\"><\/picture>\n<p><span>Mir\u00e1 tambi\u00e9n<\/span><\/p>\n<hr>\n<h3>Atentos, Boca y River: el dato curioso que involucra al Mundial de Clubes y al Clausura 2025<\/h3>\n<\/p>\n<\/section>\n<\/div>\n<div class=\"sc-a7166897-0 eoLsBE\" readability=\"6\">\n<section readability=\"2\"><picture><img alt=\"La sorpresiva confesi\u00f3n de Kylian Mbapp\u00e9: &quot;En Bilbao toqu\u00e9 fondo&quot;\" loading=\"lazy\" width=\"290\" height=\"290\" decoding=\"async\" data-nimg=\"1\" src=\"http:\/\/hoycordobaweb.com\/wp-content\/uploads\/2024\/12\/video-pico-y-le-atajaron-un-penal-en-la-final-del-futbol-de-colombia-4.jpg\"><\/picture>\n<p><span>Mir\u00e1 tambi\u00e9n<\/span><\/p>\n<hr>\n<h3>La sorpresiva confesi\u00f3n de Kylian Mbapp\u00e9: \u00abEn Bilbao toqu\u00e9 fondo\u00bb<\/h3>\n<\/p>\n<\/section>\n<\/div>\n<div class=\"sc-a7166897-0 eoLsBE\" readability=\"7\">\n<section readability=\"4\"><picture><img alt=\"Despu\u00e9s de no convocarlo ante el Real Madrid, el DT del Sevilla liquid\u00f3 al Colo Barco\" loading=\"lazy\" width=\"290\" height=\"290\" decoding=\"async\" data-nimg=\"1\" src=\"http:\/\/hoycordobaweb.com\/wp-content\/uploads\/2024\/12\/video-pico-y-le-atajaron-un-penal-en-la-final-del-futbol-de-colombia-5.jpg\"><\/picture>\n<p><span>Mir\u00e1 tambi\u00e9n<\/span><\/p>\n<hr>\n<h3>Despu\u00e9s de no convocarlo ante el Real Madrid, el DT del Sevilla liquid\u00f3 al Colo Barco<\/h3>\n<\/p>\n<\/section>\n<\/div>\n<\/div>\n","protected":false},"excerpt":{"rendered":"<p>22\/12\/2024 22:49hs. La final entre Atl\u00e9tico Nacional y Deportes Tolima tuvo su momento decisivo al inicio del segundo tiempo, cuando Yeison Guzm\u00e1n err\u00f3 un penal que pudo cambiar el rumbo del partido. Con el marcador 2-0 a favor del Verdolaga, el \u00e1rbitro Ortega sancion\u00f3 una mano dentro del \u00e1rea tras la revisi\u00f3n del VAR. Guzm\u00e1n, [&hellip;]<\/p>\n","protected":false},"author":1,"featured_media":92060,"comment_status":"open","ping_status":"closed","sticky":false,"template":"","format":"standard","meta":[],"categories":[16],"tags":[],"_links":{"self":[{"href":"http:\/\/hoycordobaweb.com\/index.php\/wp-json\/wp\/v2\/posts\/92059"}],"collection":[{"href":"http:\/\/hoycordobaweb.com\/index.php\/wp-json\/wp\/v2\/posts"}],"about":[{"href":"http:\/\/hoycordobaweb.com\/index.php\/wp-json\/wp\/v2\/types\/post"}],"author":[{"embeddable":true,"href":"http:\/\/hoycordobaweb.com\/index.php\/wp-json\/wp\/v2\/users\/1"}],"replies":[{"embeddable":true,"href":"http:\/\/hoycordobaweb.com\/index.php\/wp-json\/wp\/v2\/comments?post=92059"}],"version-history":[{"count":0,"href":"http:\/\/hoycordobaweb.com\/index.php\/wp-json\/wp\/v2\/posts\/92059\/revisions"}],"wp:featuredmedia":[{"embeddable":true,"href":"http:\/\/hoycordobaweb.com\/index.php\/wp-json\/wp\/v2\/media\/92060"}],"wp:attachment":[{"href":"http:\/\/hoycordobaweb.com\/index.php\/wp-json\/wp\/v2\/media?parent=92059"}],"wp:term":[{"taxonomy":"category","embeddable":true,"href":"http:\/\/hoycordobaweb.com\/index.php\/wp-json\/wp\/v2\/categories?post=92059"},{"taxonomy":"post_tag","embeddable":true,"href":"http:\/\/hoycordobaweb.com\/index.php\/wp-json\/wp\/v2\/tags?post=92059"}],"curies":[{"name":"wp","href":"https:\/\/api.w.org\/{rel}","templated":true}]}}