{"id":92057,"date":"2024-12-23T01:55:02","date_gmt":"2024-12-23T01:55:02","guid":{"rendered":"https:\/\/www.ole.com.ar\/equipos\/river-plate\/river-enzo-perez-regreso-vuelta-estudiantes-gallardo-llamado-negociacion_0_VxmZ8hzlgF.html"},"modified":"2024-12-23T01:55:02","modified_gmt":"2024-12-23T01:55:02","slug":"que-falta-para-que-enzo-perez-vuelva-a-river","status":"publish","type":"post","link":"http:\/\/hoycordobaweb.com\/index.php\/2024\/12\/23\/que-falta-para-que-enzo-perez-vuelva-a-river\/","title":{"rendered":"Qu\u00e9 falta para que Enzo P\u00e9rez vuelva a River"},"content":{"rendered":"<p><img src=\"http:\/\/hoycordobaweb.com\/wp-content\/uploads\/2024\/12\/que-falta-para-que-enzo-perez-vuelva-a-river.jpg\"><\/p>\n<p><time class=\"createDate\" datetime=\"2024-12-22T22:55:02-03:00\">22\/12\/2024 22:55hs.<\/time><\/p>\n<div id=\"storyBody\">\n<div class=\"custom-text \" readability=\"36.252723311547\">\n<p>Desde la madrugada del domingo, cuando anunci\u00f3 que no iba a renovar su contrato en <strong><a href=\"https:\/\/www.ole.com.ar\/tema\/estudiantes-de-la-plata.html\" title=\"Estudiantes de La Plata\" alt=\"Estudiantes de La Plata\" class=\"slug\">Estudiantes<\/a><\/strong>, los focos pasaron a estar casi exclusivamente en \u00e9l: con el camino allanado, <strong>\u00bfqu\u00e9 falta para que <a href=\"https:\/\/www.ole.com.ar\/tema\/enzo-perez.html\" title=\"Enzo Perez\" alt=\"Enzo Perez\" class=\"slug\">Enzo P\u00e9rez<\/a> regrese a <a href=\"https:\/\/www.ole.com.ar\/tema\/river-plate.html\" title=\"River Plate\" alt=\"River Plate\" class=\"slug\">River<\/a> a tan solo un a\u00f1o de haberse ido<\/strong>, luego de los ya conocidos inconvenientes con el cuerpo t\u00e9cnico anterior? Ya sin la atadura del v\u00ednculo, lo que sigue es que <strong><a href=\"https:\/\/www.ole.com.ar\/tema\/marcelo-gallardo.html\" title=\"Marcelo Gallardo\" alt=\"Marcelo Gallardo\" class=\"slug\">Marcelo Gallardo<\/a><\/strong> <strong>marque su n\u00famero y entable el primer contacto formal&#8230;<\/strong><\/p>\n<\/div>\n<div class=\"custom-text \" readability=\"40\">\n<p>Un llamado que desde el c\u00edrculo del volante que el 22 de febrero cumplir\u00e1 39 a\u00f1os esperan desde que termin\u00f3 la goleada a V\u00e9lez por el Trofeo de Campeones. Ah\u00ed, el DT es probable que, adem\u00e1s de mostrarle las ganas de tenerlo en el plantel para un 2025 movido (ganas que tambi\u00e9n est\u00e1n del otro lado), <strong>le comunique que deber\u00eda aceptar eventualmente no ser titular en alg\u00fan momento de la competencia<\/strong>. Porque si bien <strong>Enzo <\/strong>sum\u00f3 46 partidos en la temporada (solo se perdi\u00f3 cinco) y demostr\u00f3 estar vigente siendo clave en el Pincha, nadie tendr\u00e1 su lugar asegurado y se espera que tenga competidores en el puesto (en caso de que llegue, no ser\u00eda el \u00fanico #5 que se incorpore).<\/p>\n<\/div>\n<div class=\"custom-text \" readability=\"41\">\n<p>En tal caso, su rol tambi\u00e9n ser\u00eda fundamental fuera del campo: con su figura, <strong>Gallardo busca reorganizar un vestuario<\/strong> que no tiene liderazgos tan fuertes ni bajadas de l\u00ednea tan marcadas como en otros momentos de su primer ciclo (con jugadores de la relevancia de Ponzio, el propio P\u00e9rez, etc.). <strong>Enzo es un conocedor del manual de estilo del DT en t\u00e9rminos de conducta y esfuerzo<\/strong>, de ponderaci\u00f3n de lo colectivo por sobre lo individual. Por caso, su inmortalizada imagen con el buzo verde fl\u00fao y los guantes ante Independiente Santa Fe fue muestra de ello.<\/p>\n<\/div>\n<div class=\"sc-e7b891c4-0 ifHnQL image-embed\"><img alt=\"Enzo y Gallardo se saludaron en la previa al Estudiantes-River del torneo (Juano Tesone). \" loading=\"lazy\" width=\"720\" height=\"100\" decoding=\"async\" data-nimg=\"1\" src=\"http:\/\/hoycordobaweb.com\/wp-content\/uploads\/2024\/12\/que-falta-para-que-enzo-perez-vuelva-a-river-2.jpg\"><span class=\"epigraphe\">Enzo y Gallardo se saludaron en la previa al Estudiantes-River del torneo (Juano Tesone). <\/span><\/div>\n<div class=\"custom-text \" readability=\"38\">\n<p>En su momento, el propio <strong>Gallardo <\/strong>hab\u00eda sido extremadamente cuidadoso cuando le consultaron sobre la posibilidad de repatriar al volante que jug\u00f3 jug\u00f3 241 partidos en <strong>River <\/strong>(197 con MG), excus\u00e1ndose -como al referirse a Juan Fernando Quintero- que el futbolista estaba atado contractualmente y en competencia a otra instituci\u00f3n. <strong>\u00abReci\u00e9n termina el partido&#8230; Hay que respetar al jugador y a Estudiantes. No voy a contestar m\u00e1s que eso. Viste otra camiseta y est\u00e1 en un gran club\u00bb<\/strong>, hab\u00eda dicho post triunfo en La Plata hace poco m\u00e1s de tres semanas.<\/p>\n<\/div>\n<div class=\"custom-text \" readability=\"41\">\n<p>El que s\u00ed manifest\u00f3 su deseo abiertamente ese d\u00eda fue <strong>Facundo Colidio<\/strong>. El delantero, autor del 1-0 en UNO, comparti\u00f3 la etapa final del volante en <strong>River<\/strong> y tiene ganas de volver a tenerlo el vestuario: \u00abEstuve mitad de a\u00f1o con \u00e9l, pero es una gran persona, un gran jugador y lo admiro mucho. <strong>Ojal\u00e1 vuelva. Tener un jugador como Enzo, de la calidad de \u00e9l y lo que significa, es especial\u00bb.<\/strong><\/p>\n<\/div>\n<p><h2><strong>As\u00ed anunci\u00f3 Enzo P\u00e9rez su salida de Estudiantes<\/strong><\/h2>\n<\/p>\n<div class=\"sc-734b4696-1 kFfZtB\">\n<div class=\"sc-d00d9e74-0 hnHYbk\" type=\"embed\">\n<div class=\"sc-d00d9e74-1 iKVbz videoText\" id=\"contentTitleembedH6btun0X\" type=\"embed\"><svg fill=\"#ffffff\"><symbol id=\"play\" viewBox=\"0 0 512 512\"><path d=\"M512 256C512 397.4 397.4 512 256 512C114.6 512 0 397.4 0 256C0 114.6 114.6 0 256 0C397.4 0 512 114.6 512 256zM176 168V344C176 352.7 180.7 360.7 188.3 364.9C195.8 369.2 205.1 369 212.5 364.5L356.5 276.5C363.6 272.1 368 264.4 368 256C368 247.6 363.6 239.9 356.5 235.5L212.5 147.5C205.1 142.1 195.8 142.8 188.3 147.1C180.7 151.3 176 159.3 176 168V168z\" \/><\/symbol><use xlink:href=\"#play\" \/><\/svg><\/p>\n<div class=\"right\">\n<p>Enzo Perez<!-- --> &#8211; <span>&nbsp;<\/span><\/p>\n<h2 class=\"title-vid\">Enzo P\u00e9rez no renovar\u00e1 con Estudiantes<\/h2>\n<\/div>\n<\/div>\n<p><span class=\"back\" id=\"spanBackembedH6btun0X\"><\/span><\/div>\n<p>Video: ESPN<\/p>\n<\/div>\n<div class=\"sc-a7166897-0 eoLsBE\" readability=\"6.5\">\n<section readability=\"3\"><picture><img alt=\"Mercado de pases 2025: 10 refuerzos, decenas de bajas y negociaciones de peso\" loading=\"lazy\" width=\"290\" height=\"290\" decoding=\"async\" data-nimg=\"1\" src=\"http:\/\/hoycordobaweb.com\/wp-content\/uploads\/2024\/12\/que-falta-para-que-enzo-perez-vuelva-a-river-3.jpg\"><\/picture>\n<p><span>Mir\u00e1 tambi\u00e9n<\/span><\/p>\n<hr>\n<h3>Mercado de pases 2025: 10 refuerzos, decenas de bajas y negociaciones de peso<\/h3>\n<\/p>\n<\/section>\n<\/div>\n<div class=\"sc-a7166897-0 eoLsBE\" readability=\"7\">\n<section readability=\"4\"><picture><img alt=\"Atentos, Boca y River: el dato curioso que involucra al Mundial de Clubes y al Clausura 2025\" loading=\"lazy\" width=\"290\" height=\"290\" decoding=\"async\" data-nimg=\"1\" src=\"http:\/\/hoycordobaweb.com\/wp-content\/uploads\/2024\/12\/que-falta-para-que-enzo-perez-vuelva-a-river-4.jpg\"><\/picture>\n<p><span>Mir\u00e1 tambi\u00e9n<\/span><\/p>\n<hr>\n<h3>Atentos, Boca y River: el dato curioso que involucra al Mundial de Clubes y al Clausura 2025<\/h3>\n<\/p>\n<\/section>\n<\/div>\n<div class=\"sc-a7166897-0 eoLsBE\" readability=\"7\">\n<section readability=\"4\"><picture><img alt=\"F\u00fatbol argentino 2025: formato, zonas, fixture y cu\u00e1ndo comienza el torneo Apertura\" loading=\"lazy\" width=\"290\" height=\"290\" decoding=\"async\" data-nimg=\"1\" src=\"http:\/\/hoycordobaweb.com\/wp-content\/uploads\/2024\/12\/que-falta-para-que-enzo-perez-vuelva-a-river-5.jpg\"><\/picture>\n<p><span>Mir\u00e1 tambi\u00e9n<\/span><\/p>\n<hr>\n<h3>F\u00fatbol argentino 2025: formato, zonas, fixture y cu\u00e1ndo comienza el torneo Apertura<\/h3>\n<\/p>\n<\/section>\n<\/div>\n<div class=\"sc-a7166897-0 eoLsBE\" readability=\"6\">\n<section readability=\"2\"><picture><img alt=\"El fixture completo del Apertura 2025\" loading=\"lazy\" width=\"290\" height=\"290\" decoding=\"async\" data-nimg=\"1\" src=\"http:\/\/hoycordobaweb.com\/wp-content\/uploads\/2024\/12\/que-falta-para-que-enzo-perez-vuelva-a-river-6.jpg\"><\/picture>\n<p><span>Mir\u00e1 tambi\u00e9n<\/span><\/p>\n<hr>\n<h3>El fixture completo del Apertura 2025<\/h3>\n<\/p>\n<\/section>\n<\/div>\n<div class=\"sc-a7166897-0 eoLsBE\" readability=\"6\">\n<section readability=\"2\"><picture><img alt=\"El fixture completo del Clausura 2025: Boca-River el 9 de noviembre\" loading=\"lazy\" width=\"290\" height=\"290\" decoding=\"async\" data-nimg=\"1\" src=\"http:\/\/hoycordobaweb.com\/wp-content\/uploads\/2024\/12\/que-falta-para-que-enzo-perez-vuelva-a-river-7.jpg\"><\/picture>\n<p><span>Mir\u00e1 tambi\u00e9n<\/span><\/p>\n<hr>\n<h3>El fixture completo del Clausura 2025: Boca-River el 9 de noviembre<\/h3>\n<\/p>\n<\/section>\n<\/div>\n<\/div>\n","protected":false},"excerpt":{"rendered":"<p>22\/12\/2024 22:55hs. Desde la madrugada del domingo, cuando anunci\u00f3 que no iba a renovar su contrato en Estudiantes, los focos pasaron a estar casi exclusivamente en \u00e9l: con el camino allanado, \u00bfqu\u00e9 falta para que Enzo P\u00e9rez regrese a River a tan solo un a\u00f1o de haberse ido, luego de los ya conocidos inconvenientes con [&hellip;]<\/p>\n","protected":false},"author":1,"featured_media":92058,"comment_status":"open","ping_status":"closed","sticky":false,"template":"","format":"standard","meta":[],"categories":[16],"tags":[],"_links":{"self":[{"href":"http:\/\/hoycordobaweb.com\/index.php\/wp-json\/wp\/v2\/posts\/92057"}],"collection":[{"href":"http:\/\/hoycordobaweb.com\/index.php\/wp-json\/wp\/v2\/posts"}],"about":[{"href":"http:\/\/hoycordobaweb.com\/index.php\/wp-json\/wp\/v2\/types\/post"}],"author":[{"embeddable":true,"href":"http:\/\/hoycordobaweb.com\/index.php\/wp-json\/wp\/v2\/users\/1"}],"replies":[{"embeddable":true,"href":"http:\/\/hoycordobaweb.com\/index.php\/wp-json\/wp\/v2\/comments?post=92057"}],"version-history":[{"count":0,"href":"http:\/\/hoycordobaweb.com\/index.php\/wp-json\/wp\/v2\/posts\/92057\/revisions"}],"wp:featuredmedia":[{"embeddable":true,"href":"http:\/\/hoycordobaweb.com\/index.php\/wp-json\/wp\/v2\/media\/92058"}],"wp:attachment":[{"href":"http:\/\/hoycordobaweb.com\/index.php\/wp-json\/wp\/v2\/media?parent=92057"}],"wp:term":[{"taxonomy":"category","embeddable":true,"href":"http:\/\/hoycordobaweb.com\/index.php\/wp-json\/wp\/v2\/categories?post=92057"},{"taxonomy":"post_tag","embeddable":true,"href":"http:\/\/hoycordobaweb.com\/index.php\/wp-json\/wp\/v2\/tags?post=92057"}],"curies":[{"name":"wp","href":"https:\/\/api.w.org\/{rel}","templated":true}]}}