{"id":9203,"date":"2021-01-04T18:36:00","date_gmt":"2021-01-04T18:36:00","guid":{"rendered":"http:\/\/hoycordobaweb.com\/index.php\/2021\/01\/04\/preocupado-por-la-suba-de-casos-el-gobierno-bonarense-pone-el-foco-en-la-costa-atlantica\/"},"modified":"2021-01-04T18:36:00","modified_gmt":"2021-01-04T18:36:00","slug":"preocupado-por-la-suba-de-casos-el-gobierno-bonarense-pone-el-foco-en-la-costa-atlantica","status":"publish","type":"post","link":"http:\/\/hoycordobaweb.com\/index.php\/2021\/01\/04\/preocupado-por-la-suba-de-casos-el-gobierno-bonarense-pone-el-foco-en-la-costa-atlantica\/","title":{"rendered":"Preocupado por la suba de casos, el Gobierno bonarense pone el foco en la costa atl\u00e1ntica"},"content":{"rendered":"<p><img src=\"http:\/\/hoycordobaweb.com\/wp-content\/uploads\/2021\/01\/preocupado-por-la-suba-de-casos-el-gobierno-bonarense-pone-el-foco-en-la-costa-atlantica.jpg\"><\/p>\n<div class=\"image\" id=\"image\" readability=\"8\"> <img src=\"http:\/\/hoycordobaweb.com\/wp-content\/uploads\/2021\/01\/preocupado-por-la-suba-de-casos-el-gobierno-bonarense-pone-el-foco-en-la-costa-atlantica-2.jpg\" alt=\"Seg\u00fan las autoridades, estamos en valores similares a los de septiembre y en agosto fue el pico.\" title=\"Seg\u00fan las autoridades, estamos en valores similares a los de septiembre y en agosto fue el pico.\"><\/p>\n<p>Seg\u00fan las autoridades, estamos en valores similares a los de septiembre y en agosto fue el pico.<\/p>\n<\/div>\n<p>El gobernador bonaerense, Axel Kicillof, encabezar\u00e1 este martes <strong>una reuni\u00f3n con intendentes de la costa atl\u00e1ntica para evaluar la situaci\u00f3n sanitaria de las zonas tur\u00edsticas de la provincia y los mecanismos de control y prevenci\u00f3n implementados,<\/strong> ante el aumento de casos de coronavirus de las \u00faltimas semanas.<\/p>\n<p>Fuentes del Poder Ejecutivo bonaerense precisaron que el encuentro entre Kicillof y los jefes comunales se llevar\u00e1 a cabo desde las 11, en la ciudad balnearia de San Bernardo,<\/p>\n<p>Es que <strong>los casos positivos de coronavirus en la provincia de Buenos Aires ascendieron a 690.383, tras confirmarse 2.034 nuevos contagios en las \u00faltimas 24 horas.<\/strong><\/p>\n<blockquote readability=\"6\">\n<p>\u00abHay que cortar con esto, porque sino las consecuencias van a ser mucho peores\u00bb<span class=\"comilla\">\u201d<\/span><\/p>\n<\/blockquote>\n<p>En ese marco, desde el ministerio de Salud, se\u00f1alaron a T\u00e9lam que \u00abse eval\u00faa el d\u00eda a d\u00eda\u00bb y remarcaron que <strong>\u00abun gran porcentaje de los contagiados son j\u00f3venes\u00bb, lo cual hace que el impacto sobre las unidades de terapia intensiva \u00abno sea tan fuerte\u00bb.<\/strong><\/p>\n<p>Por ello, puntualizaron que, si bien no existe una urgencia para adoptar medidas restrictivas, \u00abse ir\u00e1 analizando diariamente, porque si los casos se multiplican se complicar\u00e1 la situaci\u00f3n, sobre todo en municipios de la costa atl\u00e1ntica\u00bb.<\/p>\n<p>\u00abDe manera constante se monitorea el crecimiento de casos y se eval\u00faa la ocupaci\u00f3n de camas de terapia intensiva. Y, mientras tanto, se analiza qu\u00e9 se hace en otros lugares del mundo: cu\u00e1les son las medidas, c\u00f3mo se las lleva adelante y qu\u00e9 eficiencia tienen para tener las mejores herramientas en el caso de tener que adoptar una decisi\u00f3n en ese sentido\u00bb, explicaron.<\/p>\n<p>En tanto, <strong>el ministro de Salud de la provincia de Buenos Aires, Daniel Gollan,<\/strong> se refiri\u00f3 al avance del coronavirus y alert\u00f3 sobre <strong>la existencia de \u00abun relajamiento fuerte en las conductas de cuidado, especialmente en los sectores juveniles\u00bb.<\/strong><\/p>\n<p>En di\u00e1logo con El Destape Radio, el funcionario advirti\u00f3 que se observa un \u00abcrecimiento en todos lados y en el AMBA es m\u00e1s acelerado\u00bb y agreg\u00f3 que \u00abde 1.300 casos promedio en la provincia hace tres semanas, ya estamos arriba de los 3.000\u00bb.<\/p>\n<blockquote readability=\"6\">\n<p>\u00abEst\u00e1 en consideraci\u00f3n la posibilidad de un toque de queda o restricci\u00f3n por horarios\u00bb. DANIEL GOLLAN(A)<span class=\"comilla\">\u201d<\/span><\/p>\n<\/blockquote>\n<p>A pesar de asegurar que \u00abya empez\u00f3 a crecer la ocupaci\u00f3n de camas y camas de terapia\u00bb, el ministro afirmo que el sistema \u00absigue con capacidad de respuesta\u00bb.<\/p>\n<p>Llegamos a tener 437 camas ocupadas hace 3 semanas y hoy estamos en 510. Si se dispara, el sistema sanitario puede entrar en problemas\u00bb, resalt\u00f3 y adelant\u00f3 que \u00abest\u00e1 en consideraci\u00f3n la posibilidad de un toque de queda o restricci\u00f3n por horarios\u00bb una medida que, sostuvo, \u00abtuvo bastante eficacia\u00bb en Europa.<\/p>\n<p>Con todo, en el Gobierno provincial aclararon que <strong>\u00abaunque la posibilidad est\u00e1 en agenda, no se eval\u00faan cierres en el corto plazo\u00bb.<\/strong><\/p>\n<p><strong>En ese sentido, el viceministro de Salud bonaerense, Nicol\u00e1s Kreplak, afirm\u00f3 que \u00abhay consenso\u00bb para tomar nuevas medidas que frenen la curva de crecimiento de los casos de coronavirus, antes de que aumente la ocupaci\u00f3n de las camas de terapia intensiva.<\/strong><\/p>\n<blockquote readability=\"7\">\n<p>\u00abLa velocidad de reproducci\u00f3n de casos es muy preocupante en el contexto de las fiestas, as\u00ed que estamos pensado cu\u00e1les van a ser las medidas que vamos a adoptar\u00bb.<span class=\"comilla\">\u201d<\/span><\/p>\n<p><span>NICOL\u00c1S KREPLAK<\/span><\/p>\n<\/blockquote>\n<p>\u00abHay un aumento de casos significativo desde hace tres semanas. La velocidad de reproducci\u00f3n de casos es muy preocupante en el contexto de las fiestas, as\u00ed que estamos pensado cu\u00e1les van a ser las medidas que vamos a adoptar\u00bb, se\u00f1al\u00f3 Kreplak en declaraciones a El Destape Radio.<\/p>\n<p>Sobre las medidas en evaluaci\u00f3n, el funcionario mencion\u00f3 el ajuste en los medios de transporte, horarios en los que no se van a poder realizar actividades ni p\u00fablicas ni privadas o l\u00edmite en la cantidad de personas en distintos lugares.<\/p>\n<p>\u00abPor ejemplo -indic\u00f3- no queremos que, las playas, en ning\u00fan horario, tengan ese nivel de concentraci\u00f3n habiendo tanta extensi\u00f3n disponible\u00bb.<\/p>\n<p>\u00abHay m\u00faltiples opciones que estamos trabajando y que tenemos que poner en com\u00fan y definir con los intendentes\u00bb, sostuvo y se\u00f1al\u00f3 que \u00abhay consenso\u00bb sobre la necesidad de actuar \u00abel tema es c\u00f3mo se operativizan y qu\u00e9 tipo de medidas se toman\u00bb.<\/p>\n<p>Kreplak insisti\u00f3 en que<strong> \u00abla propuesta tiene que ver con intentar trabajar sobre la conciencia social y colectiva\u00bb <\/strong>a partir de la \u00abprevenci\u00f3n\u00bb, sobre todo, ante el \u00abdesborde\u00bb ocurrido durante las fiestas de fin de a\u00f1o.<\/p>\n<p>En relaci\u00f3n a cu\u00e1ndo se tomar\u00e1n las decisiones, afirm\u00f3 que \u00abhay que esperar unos d\u00edas: el an\u00e1lisis de tiempo real de qu\u00e9 situaci\u00f3n estamos viviendo la vamos a tener entre este martes, mi\u00e9rcoles y jueves. Toda esta semana trabajaremos con todas las autoridades para llegar a un consenso en el abanico de posibilidades\u00bb.<\/p>\n<p>El<strong> jefe de Gabinete del Ministerio de Salud de la provincia de Buenos Aires, Salvador Giorgi,<\/strong> dijo, por su parte, que se est\u00e1 evaluando <strong>\u00abvolver a fases m\u00e1s restrictivas\u00bb <\/strong>en la medida en que sigan en aumento los contagios.<\/p>\n<p>\u00abEl sistema de fases sigue vigente en la Provincia. Aquellos municipios que tengan aumento de casos, volver\u00e1n a fases m\u00e1s restrictivas. Eso se est\u00e1 evaluando en esta semana\u00bb, asever\u00f3 a radio Continental.<\/p>\n<p>Giorgi tambi\u00e9n habl\u00f3 sobre el control que se realiza en la costa atl\u00e1ntica, y en ese sentido, indic\u00f3: \u00abEstamos evaluando un toque de queda despu\u00e9s de las 22 para restringir la noche a los j\u00f3venes. Es una posibilidad, pero no la \u00fanica; es una de las tantas que tenemos para frenar el aumento de casos\u00bb.<br \/><\/p>\n","protected":false},"excerpt":{"rendered":"<p>Seg\u00fan las autoridades, estamos en valores similares a los de septiembre y en agosto fue el pico. El gobernador bonaerense, Axel Kicillof, encabezar\u00e1 este martes una reuni\u00f3n con intendentes de la costa atl\u00e1ntica para evaluar la situaci\u00f3n sanitaria de las zonas tur\u00edsticas de la provincia y los mecanismos de control y prevenci\u00f3n implementados, ante el [&hellip;]<\/p>\n","protected":false},"author":1,"featured_media":9204,"comment_status":"open","ping_status":"closed","sticky":false,"template":"","format":"standard","meta":[],"categories":[19],"tags":[],"_links":{"self":[{"href":"http:\/\/hoycordobaweb.com\/index.php\/wp-json\/wp\/v2\/posts\/9203"}],"collection":[{"href":"http:\/\/hoycordobaweb.com\/index.php\/wp-json\/wp\/v2\/posts"}],"about":[{"href":"http:\/\/hoycordobaweb.com\/index.php\/wp-json\/wp\/v2\/types\/post"}],"author":[{"embeddable":true,"href":"http:\/\/hoycordobaweb.com\/index.php\/wp-json\/wp\/v2\/users\/1"}],"replies":[{"embeddable":true,"href":"http:\/\/hoycordobaweb.com\/index.php\/wp-json\/wp\/v2\/comments?post=9203"}],"version-history":[{"count":0,"href":"http:\/\/hoycordobaweb.com\/index.php\/wp-json\/wp\/v2\/posts\/9203\/revisions"}],"wp:featuredmedia":[{"embeddable":true,"href":"http:\/\/hoycordobaweb.com\/index.php\/wp-json\/wp\/v2\/media\/9204"}],"wp:attachment":[{"href":"http:\/\/hoycordobaweb.com\/index.php\/wp-json\/wp\/v2\/media?parent=9203"}],"wp:term":[{"taxonomy":"category","embeddable":true,"href":"http:\/\/hoycordobaweb.com\/index.php\/wp-json\/wp\/v2\/categories?post=9203"},{"taxonomy":"post_tag","embeddable":true,"href":"http:\/\/hoycordobaweb.com\/index.php\/wp-json\/wp\/v2\/tags?post=9203"}],"curies":[{"name":"wp","href":"https:\/\/api.w.org\/{rel}","templated":true}]}}