{"id":91895,"date":"2024-12-21T21:33:30","date_gmt":"2024-12-21T21:33:30","guid":{"rendered":"http:\/\/hoycordobaweb.com\/index.php\/2024\/12\/21\/pino-dijo-que-la-relacion-del-campo-con-milei-es-buena-y-respetuosa-aunque-resta-eliminar-retenciones\/"},"modified":"2024-12-21T21:33:30","modified_gmt":"2024-12-21T21:33:30","slug":"pino-dijo-que-la-relacion-del-campo-con-milei-es-buena-y-respetuosa-aunque-resta-eliminar-retenciones","status":"publish","type":"post","link":"http:\/\/hoycordobaweb.com\/index.php\/2024\/12\/21\/pino-dijo-que-la-relacion-del-campo-con-milei-es-buena-y-respetuosa-aunque-resta-eliminar-retenciones\/","title":{"rendered":"Pino dijo que la relaci\u00f3n del campo con Milei es \u201cbuena y respetuosa\u201d, aunque resta eliminar retenciones"},"content":{"rendered":"<div class=\"media_block\"><\/div>\n<p>El presidente de la Sociedad Rural Argentina (SRA), <a target=\"_blank\" href=\"https:\/\/www.perfil.com\/noticias\/modo-fontevecchia\/nicolas-pino-cuando-llueve-los-productores-se-ponen-contentos-pero-necesitamos-mas-que-buen-clima-modof.phtml\" rel=\"noopener noreferrer\"><strong>Nicol\u00e1s Pino<\/strong><\/a>, asegur\u00f3 hoy que \u201cla relaci\u00f3n del gobierno (de <a target=\"_blank\" href=\"https:\/\/www.perfil.com\/noticias\/politica\/milei-vs-villarruel-una-pelea-que-ninguno-de-los-dos-esta-dispuesto-a-abandonar.phtml\" rel=\"noopener noreferrer\"><strong>Javier Milei<\/strong><\/a>) con la Mesa de Enlace Agropecuaria, y con el sector, es buena y respetuosa\u201d aunque consider\u00f3 que \u201chay discusiones sobre puntos de vista donde no coincidimos\u201d, si bien \u201c2024 cierra con un saldo positivo\u201d.<\/p>\n<p>\u201cLa relaci\u00f3n del gobierno que encabeza Javier Milei con las entidades del campo para mi es muy buena. Me refiero a que siempre estamos algunos de los dirigentes, sea la Mesa de Enlace entera o de manera individual algunas de las entidades, en una mesa de di\u00e1logo\u201d, coment\u00f3 Pino en un reportaje realizado por el programa <em>\u201cAire de Campo\u201d<\/em>, que se emite por<em> Radio Perfil<\/em>.<\/p>\n<p>El titular de la Rural tambi\u00e9n coment\u00f3 que la relaci\u00f3n \u201cindividual\u201d que mantiene con el presidente de la Naci\u00f3n \u201cviene desde hace unos cuatro a\u00f1os, ya que nos conocimos all\u00ed y hemos logrado una buena sinton\u00eda a nivel personal, donde hubo tambi\u00e9n discusiones sobre puntos de vista donde no coincidimos\u201d.<\/p>\n<div class=\"subscription\" readability=\"6.683257918552\">\n<p> Esto no les gusta a los autoritarios <\/p>\n<div class=\"subscription__container\" readability=\"6.1467391304348\">\n<div class=\"subscription__text-wrapper\" readability=\"31.20652173913\">\n<p> El ejercicio del periodismo profesional y cr\u00edtico es un pilar fundamental de la democracia. Por eso molesta a quienes creen ser los due\u00f1os de la verdad. <\/p>\n<\/p><\/div><\/div><\/div>\n<div>\n<figure class=\"image\"><img alt=\"20231231_nicolas_pino_sociedad_rural_na_g\" src=\"http:\/\/hoycordobaweb.com\/wp-content\/uploads\/2024\/12\/pino-dijo-que-la-relacion-del-campo-con-milei-es-buena-y-respetuosa-aunque-resta-eliminar-retenciones-1.jpg\" loading=\"lazy\"><lt-highlighter contenteditable=\"false\" data-lt-linked=\"1\"><lt-div class=\"lt-highlighter__wrapper\" spellcheck=\"false\"><lt-div class=\"lt-highlighter__scroll-element\"><\/lt-div><\/lt-div><\/lt-highlighter><figcaption data-gramm=\"false\" data-lt-tmp-id=\"lt-940734\" spellcheck=\"false\">Nicol\u00e1s Pino<\/figcaption><\/figure>\n<\/p><\/div>\n<p>Agreg\u00f3 que \u201ca lo largo del a\u00f1o se han logrado muchas cosas (en favor del campo), aunque no tiene lo significativo que representa mantener los derechos de exportaci\u00f3n, cuya eliminaci\u00f3n es un reclamo que viene desde hace much\u00edsimo tiempo desde nuestro sector, y donde vamos a seguir insistiendo en que el camino es eliminarlos\u201d.<\/p>\n<p>\u201cDesde hace un a\u00f1o, se han eliminado y quitado retenciones a ciertas actividades y tambi\u00e9n l\u00edneas de cr\u00e9ditos, como el promovido por el Banco Naci\u00f3n para los productores patag\u00f3nicos afectados por la sequ\u00eda y nevadas. Tambi\u00e9n hubo quita de trabas y de burocracia. Por ello, veo que el a\u00f1o cierra con un saldo positivo, ya que se han podido hacer cosas y tenemos mucho m\u00e1s por delante\u201d, dijo.<\/p>\n<h2><strong>Se mantiene el pedido de eliminar retenciones<\/strong><\/h2>\n<p>Pino coment\u00f3 que m\u00e1s all\u00e1 de la buena relaci\u00f3n \u201cindividual\u201d que mantiene la dirigencia de la SRA con Milei, y con su equipo de asesores,<strong> \u201cde diez veces que hablamos, nueve veces insistimos ante las autoridades en la necesidad de bajar la al\u00edcuota de los derechos de exportaci\u00f3n, al tiempo que se llevan tambi\u00e9n alternativas\u201d<\/strong>.<\/p>\n<p class=\"destacadoNota\"><a target=\"_blank\" href=\"https:\/\/www.perfil.com\/noticias\/economia\/nicolas-pino-habla-en-publico-tras-el-atentado-en-la-sociedad-rural.phtml\" rel=\"noopener noreferrer\">Nicol\u00e1s Pino habl\u00f3 sobre el atentado: \u00abEs un episodio de la Argentina del pasado\u00bb<\/a><\/p>\n<p>\u201cLas decisiones -asegur\u00f3 el titular de la SRA- no son nuestras, son del gobierno, y se han intercambiado informes con diferentes funcionarios, se han mostrado alternativas y variantes, algo que ocurri\u00f3 muy seguido, y el gobierno responde lo que dice el presidente. Si bien admiten que hay que eliminar esos impuestos que hacen pesado el costo argentino, esto suceder\u00e1 una vez que est\u00e9 firme y s\u00f3lido el d\u00e9ficit cero (en las cuentas p\u00fablicas de la Argentina). Tanto el presidente Milei y el ministro (de Econom\u00eda, Luis) Caputo, aseguraron en la Rural, que cuando est\u00e9n dadas las condiciones, aspiran a eso\u201d, expres\u00f3.<\/p>\n<p>Pino tambi\u00e9n inst\u00f3 a la dirigencia rural en todo el pa\u00eds a \u201ctener una presencia permanente en los Consejos Deliberantes o en las Legislaturas provinciales\u201d para evitar que se produzcan \u201cpicard\u00edas\u201d de pol\u00edticos para aplicar subas desmesuradas en las al\u00edcuotas de grav\u00e1menes tales como tasas viales o bien en impuestos provinciales como Ingresos Brutos o el Inmobiliario Rural.<\/p>\n<p>\u201cDesde la Rural demandamos a las autoridades que se generen las condiciones para que pueda trabajar el sector agropecuario y que nuestros productos sean beneficiados por una reorganizaci\u00f3n del costo argentino. Hoy con una menor brecha cambiaria que hace un a\u00f1o, logrado una menor inflaci\u00f3n e insistiendo en obtener m\u00e1s cr\u00e9dito a tasas que nos dejen producir, necesitamos recuperar competitividad y esta se logra bajando el costo de producci\u00f3n\u201d, sostuvo.<\/p>\n<p>Gi<\/p>\n<p> <lt-toolbar contenteditable=\"false\" data-lt-adjust-appearance=\"true\" data-lt-force-appearance=\"light\"><lt-div class=\"lt-toolbar__wrapper\"><lt-div class=\"lt-toolbar__status-icon lt-toolbar__status-icon--has-no-errors\" title><\/lt-div><lt-div class=\"lt-toolbar__premium-icon-dot\"><\/lt-div><\/lt-div><\/lt-toolbar> <\/p>\n","protected":false},"excerpt":{"rendered":"<p>El presidente de la Sociedad Rural Argentina (SRA), Nicol\u00e1s Pino, asegur\u00f3 hoy que \u201cla relaci\u00f3n del gobierno (de Javier Milei) con la Mesa de Enlace Agropecuaria, y con el sector, es buena y respetuosa\u201d aunque consider\u00f3 que \u201chay discusiones sobre puntos de vista donde no coincidimos\u201d, si bien \u201c2024 cierra con un saldo positivo\u201d. \u201cLa [&hellip;]<\/p>\n","protected":false},"author":1,"featured_media":91896,"comment_status":"closed","ping_status":"closed","sticky":false,"template":"","format":"standard","meta":[],"categories":[19],"tags":[80,744,745],"_links":{"self":[{"href":"http:\/\/hoycordobaweb.com\/index.php\/wp-json\/wp\/v2\/posts\/91895"}],"collection":[{"href":"http:\/\/hoycordobaweb.com\/index.php\/wp-json\/wp\/v2\/posts"}],"about":[{"href":"http:\/\/hoycordobaweb.com\/index.php\/wp-json\/wp\/v2\/types\/post"}],"author":[{"embeddable":true,"href":"http:\/\/hoycordobaweb.com\/index.php\/wp-json\/wp\/v2\/users\/1"}],"replies":[{"embeddable":true,"href":"http:\/\/hoycordobaweb.com\/index.php\/wp-json\/wp\/v2\/comments?post=91895"}],"version-history":[{"count":0,"href":"http:\/\/hoycordobaweb.com\/index.php\/wp-json\/wp\/v2\/posts\/91895\/revisions"}],"wp:featuredmedia":[{"embeddable":true,"href":"http:\/\/hoycordobaweb.com\/index.php\/wp-json\/wp\/v2\/media\/91896"}],"wp:attachment":[{"href":"http:\/\/hoycordobaweb.com\/index.php\/wp-json\/wp\/v2\/media?parent=91895"}],"wp:term":[{"taxonomy":"category","embeddable":true,"href":"http:\/\/hoycordobaweb.com\/index.php\/wp-json\/wp\/v2\/categories?post=91895"},{"taxonomy":"post_tag","embeddable":true,"href":"http:\/\/hoycordobaweb.com\/index.php\/wp-json\/wp\/v2\/tags?post=91895"}],"curies":[{"name":"wp","href":"https:\/\/api.w.org\/{rel}","templated":true}]}}