{"id":91879,"date":"2024-12-20T22:37:45","date_gmt":"2024-12-20T22:37:45","guid":{"rendered":"https:\/\/www.ole.com.ar\/internacional\/conmebol-var-uso-efectividad-libertadores-sudamericana_0_pg53I8csJS.html"},"modified":"2024-12-20T22:37:45","modified_gmt":"2024-12-20T22:37:45","slug":"que-muestran-las-estadisticas-del-var-en-las-copas-de-la-conmebol-en-el-2024","status":"publish","type":"post","link":"http:\/\/hoycordobaweb.com\/index.php\/2024\/12\/20\/que-muestran-las-estadisticas-del-var-en-las-copas-de-la-conmebol-en-el-2024\/","title":{"rendered":"Qu\u00e9 muestran las estad\u00edsticas del VAR en las Copas de la Conmebol en el 2024"},"content":{"rendered":"<p><img src=\"http:\/\/hoycordobaweb.com\/wp-content\/uploads\/2024\/12\/que-muestran-las-estadisticas-del-var-en-las-copas-de-la-conmebol-en-el-2024.jpg\"><\/p>\n<p><time class=\"createDate\" datetime=\"2024-12-20T19:37:45-03:00\">20\/12\/2024 19:37hs.<\/time><\/p>\n<div id=\"storyBody\">\n<div class=\"custom-text \" readability=\"28.11170212766\">\n<p>El VAR lleg\u00f3 al f\u00fatbol para quedarse. Por ejemplo, a la<strong> <a href=\"https:\/\/www.ole.com.ar\/tema\/copa-libertadores.html\" title=\"Copa Libertadores\" alt=\"Copa Libertadores\" class=\"slug\">Copa Libertadores<\/a> y a la <a href=\"https:\/\/www.ole.com.ar\/tema\/copa-sudamericana.html\" title=\"Copa Sudamericana\" alt=\"Copa Sudamericana\" class=\"slug\">Sudamericana<\/a><\/strong>. En este contexto, la <a href=\"https:\/\/www.ole.com.ar\/tema\/conmebol.html\" title=\"Conmebol\" alt=\"Conmebol\" class=\"slug\">Conmebol<\/a> inform\u00f3 una importante estad\u00edstica sobre su uso en el 2024.<\/p>\n<\/div>\n<div class=\"custom-text \" readability=\"39\">\n<p>Seg\u00fan la Conmebol, las estad\u00edsticas arrojan un <strong>99.70% de efectividad del Sistema de Asistencia Arbitral (VAR)<\/strong>, desde la Fase 1 de la Libertadores y Sudamericana. El VAR se utiliza para<strong> acciones de gol o no gol, las tarjetas rojas, la confusi\u00f3n en acci\u00f3n de tarjetas o infracciones fuertes y en las faltas que deriven en tiro penal.<\/strong><\/p>\n<\/div>\n<div class=\"custom-text \" readability=\"34.334293948127\">\n<p>A pesar de ser fuertemente criticado por el uso de la misma, la efectividad del VAR trata de llevar<strong> mayor transparencia a los partidos m\u00e1s importantes<\/strong> que puede ofrecer el continente. Por ejemplo en la final de la ultima Copa Libertadores, cuando por esta v\u00eda el \u00e1rbitro Facundo Tello le cobr\u00f3 un justo penal a <a href=\"https:\/\/www.ole.com.ar\/tema\/botafogo.html\" title=\"botafogo\" alt=\"botafogo\" class=\"slug\">Botafogo<\/a> ante <a href=\"https:\/\/www.ole.com.ar\/tema\/atletico-mineiro.html\" title=\"Atletico Mineiro\" alt=\"Atletico Mineiro\" class=\"slug\">Atl\u00e9tico Mineiro<\/a>.<\/p>\n<\/div>\n<div class=\"sc-e7b891c4-0 ifHnQL image-embed\"><img alt=\"El uso del Var en las competencias de Conmebol\" loading=\"lazy\" width=\"720\" height=\"100\" decoding=\"async\" data-nimg=\"1\" src=\"http:\/\/hoycordobaweb.com\/wp-content\/uploads\/2024\/12\/que-muestran-las-estadisticas-del-var-en-las-copas-de-la-conmebol-en-el-2024-2.jpg\"><span class=\"epigraphe\">El uso del Var en las competencias de Conmebol<\/span><\/div>\n<p><h2><strong>El mensaje de la Conmebol<\/strong><\/h2>\n<\/p>\n<div class=\"custom-text \" readability=\"41\">\n<p>\u201cA lo largo del 2024 fue determinante tener varias capacitaciones, como son las Pretemporadas, Seminarios y Entrenamientos Virtuales y Presenciales, para llegar a tener un 99.70% de efectividad, un p<strong>orcentaje alt\u00edsimo que demuestra el uso correcto del VAR<\/strong>\u201d, afirm\u00f3 Enrique C\u00e1ceres, Presidente de la Comisi\u00f3n de \u00c1rbitros de la Conmebol.<\/p>\n<\/div>\n<div class=\"custom-text \" readability=\"42\">\n<p>En ese sentido, seg\u00fan las estad\u00edsticas compartidas por la Comisi\u00f3n, en total fueron designados <strong>189 \u00e1rbitros de campo, 108 \u00e1rbitros VAR<\/strong>, en <strong>312 encuentros<\/strong> de la Libertadores y Sudamericana, de los cuales en 22 se destacan la implementaci\u00f3n del VAR Centralizado, una conexi\u00f3n remota del sistema tecnol\u00f3gico que se encuentra en Centro CETA, en Luque \u2013 Paraguay.<\/p>\n<\/div>\n<div class=\"custom-text \" readability=\"35\">\n<p>Es importante destacar que la Conmebol pone las im\u00e1genes y audios del VAR a disposici\u00f3n de todos los interesados con la mayor rapidez y sin edici\u00f3n alguna. Esto representa transparencia en la toma de decisiones y se refleja en el buen uso del VAR en los torneos de clubes m\u00e1s importantes del continente.<\/p>\n<\/div>\n<p><h2><strong>Mejora de los n\u00fameros en relaci\u00f3n al 2023<\/strong><\/h2>\n<\/p>\n<div class=\"custom-text \" readability=\"40\">\n<p>En lo que respecta al a\u00f1o pasado de competici\u00f3n, en la que Fluminense se qued\u00f3 con la Libertadores y Liga de Quito la Sudamericana, hubo una mejora significante en el rendimiento de la herramienta. El porcentaje de efectividad del uso de la Herramienta VAR en el a\u00f1o 2024 fue del 99,70%, se super\u00f3 lo que fue el 2023 con 99,43%. Las comparaciones: <\/p>\n<\/div>\n<div class=\"sc-e7b891c4-0 ifHnQL image-embed\"><img alt=\"El uso del Var en las competencias de Conmebol\" loading=\"lazy\" width=\"720\" height=\"100\" decoding=\"async\" data-nimg=\"1\" src=\"http:\/\/hoycordobaweb.com\/wp-content\/uploads\/2024\/12\/que-muestran-las-estadisticas-del-var-en-las-copas-de-la-conmebol-en-el-2024-3.jpg\"><span class=\"epigraphe\">El uso del Var en las competencias de Conmebol<\/span><\/div>\n<div class=\"sc-a7166897-0 eoLsBE\" readability=\"7\">\n<section readability=\"4\"><picture><img alt=\"El f\u00fatbol 2025: Apertura y Clausura, los grupos de River y Boca y un S\u00faper en fecha definitoria\" loading=\"lazy\" width=\"290\" height=\"290\" decoding=\"async\" data-nimg=\"1\" src=\"http:\/\/hoycordobaweb.com\/wp-content\/uploads\/2024\/12\/que-muestran-las-estadisticas-del-var-en-las-copas-de-la-conmebol-en-el-2024-4.jpg\"><\/picture>\n<p><span>Mir\u00e1 tambi\u00e9n<\/span><\/p>\n<hr>\n<h3>El f\u00fatbol 2025: Apertura y Clausura, los grupos de River y Boca y un S\u00faper en fecha definitoria<\/h3>\n<\/p>\n<\/section>\n<\/div>\n<div class=\"sc-a7166897-0 eoLsBE\" readability=\"6.5\">\n<section readability=\"3\"><picture><img alt=\"El a\u00f1o de River en kil\u00f3metros y todos los viajes que tendr\u00e1 que hacer por la Copa de la Liga\" loading=\"lazy\" width=\"290\" height=\"290\" decoding=\"async\" data-nimg=\"1\" src=\"http:\/\/hoycordobaweb.com\/wp-content\/uploads\/2024\/12\/que-muestran-las-estadisticas-del-var-en-las-copas-de-la-conmebol-en-el-2024-5.jpg\"><\/picture>\n<p><span>Mir\u00e1 tambi\u00e9n<\/span><\/p>\n<hr>\n<h3>El a\u00f1o de River en kil\u00f3metros y todos los viajes que tendr\u00e1 que hacer por la Copa de la Liga<\/h3>\n<\/p>\n<\/section>\n<\/div>\n<div class=\"sc-a7166897-0 eoLsBE\" readability=\"6\">\n<section readability=\"2\"><picture><img alt=\"Cascini y el segundo refuerzo de Boca: \u00bfcu\u00e1ndo llegar\u00e1?\" loading=\"lazy\" width=\"290\" height=\"290\" decoding=\"async\" data-nimg=\"1\" src=\"http:\/\/hoycordobaweb.com\/wp-content\/uploads\/2024\/12\/que-muestran-las-estadisticas-del-var-en-las-copas-de-la-conmebol-en-el-2024-6.jpg\"><\/picture>\n<p><span>Mir\u00e1 tambi\u00e9n<\/span><\/p>\n<hr>\n<h3>Cascini y el segundo refuerzo de Boca: \u00bfcu\u00e1ndo llegar\u00e1?<\/h3>\n<\/p>\n<\/section>\n<\/div>\n<\/div>\n","protected":false},"excerpt":{"rendered":"<p>20\/12\/2024 19:37hs. El VAR lleg\u00f3 al f\u00fatbol para quedarse. Por ejemplo, a la Copa Libertadores y a la Sudamericana. En este contexto, la Conmebol inform\u00f3 una importante estad\u00edstica sobre su uso en el 2024. Seg\u00fan la Conmebol, las estad\u00edsticas arrojan un 99.70% de efectividad del Sistema de Asistencia Arbitral (VAR), desde la Fase 1 de [&hellip;]<\/p>\n","protected":false},"author":1,"featured_media":91880,"comment_status":"open","ping_status":"closed","sticky":false,"template":"","format":"standard","meta":[],"categories":[16],"tags":[],"_links":{"self":[{"href":"http:\/\/hoycordobaweb.com\/index.php\/wp-json\/wp\/v2\/posts\/91879"}],"collection":[{"href":"http:\/\/hoycordobaweb.com\/index.php\/wp-json\/wp\/v2\/posts"}],"about":[{"href":"http:\/\/hoycordobaweb.com\/index.php\/wp-json\/wp\/v2\/types\/post"}],"author":[{"embeddable":true,"href":"http:\/\/hoycordobaweb.com\/index.php\/wp-json\/wp\/v2\/users\/1"}],"replies":[{"embeddable":true,"href":"http:\/\/hoycordobaweb.com\/index.php\/wp-json\/wp\/v2\/comments?post=91879"}],"version-history":[{"count":0,"href":"http:\/\/hoycordobaweb.com\/index.php\/wp-json\/wp\/v2\/posts\/91879\/revisions"}],"wp:featuredmedia":[{"embeddable":true,"href":"http:\/\/hoycordobaweb.com\/index.php\/wp-json\/wp\/v2\/media\/91880"}],"wp:attachment":[{"href":"http:\/\/hoycordobaweb.com\/index.php\/wp-json\/wp\/v2\/media?parent=91879"}],"wp:term":[{"taxonomy":"category","embeddable":true,"href":"http:\/\/hoycordobaweb.com\/index.php\/wp-json\/wp\/v2\/categories?post=91879"},{"taxonomy":"post_tag","embeddable":true,"href":"http:\/\/hoycordobaweb.com\/index.php\/wp-json\/wp\/v2\/tags?post=91879"}],"curies":[{"name":"wp","href":"https:\/\/api.w.org\/{rel}","templated":true}]}}