{"id":91877,"date":"2024-12-21T01:21:02","date_gmt":"2024-12-21T01:21:02","guid":{"rendered":"https:\/\/www.ole.com.ar\/opinion\/gustavo-quinteros-trofeo-campeones-ausencia-casamiento-hija_0_I6GKSfbalX.html"},"modified":"2024-12-21T01:21:02","modified_gmt":"2024-12-21T01:21:02","slug":"mira-mira-sacale-una-foto","status":"publish","type":"post","link":"http:\/\/hoycordobaweb.com\/index.php\/2024\/12\/21\/mira-mira-sacale-una-foto\/","title":{"rendered":"Mir\u00e1, mir\u00e1, sacale una foto"},"content":{"rendered":"<p><img src=\"http:\/\/hoycordobaweb.com\/wp-content\/uploads\/2024\/12\/mira-mira-sacale-una-foto.jpg\"><\/p>\n<p><time class=\"createDate\" datetime=\"2024-12-20T22:21:02-03:00\">20\/12\/2024 22:21hs.<\/time><\/p>\n<div id=\"storyBody\">\n<div class=\"custom-text \" readability=\"39.006342494715\">\n<p>Habr\u00e1 quienes est\u00e9n de acuerdo, habr\u00e1 quienes no. Seguramente, un Narig\u00f3n Bilardo no se lo permitir\u00eda a nadie. Y varios m\u00e1s. Sin embargo, <a href=\"https:\/\/www.ole.com.ar\/tema\/gustavo-quinteros.html\" title=\"Gustavo Quinteros\" alt=\"Gustavo Quinteros\" class=\"slug\">Gustavo Quinteros<\/a><strong> tom\u00f3 una decisi\u00f3n que no se suele ver en el f\u00fatbol hiperprofesional.<\/strong> Probablemente calibr\u00f3 muy bien la situaci\u00f3n, analiz\u00f3 y defini\u00f3 pasar de largo en la final de su <a href=\"https:\/\/www.ole.com.ar\/tema\/velez.html\" title=\"V\u00e9lez\" alt=\"V\u00e9lez\" class=\"slug\">V\u00e9lez<\/a> campe\u00f3n justamente por el <strong>Trofeo de Campeones<\/strong>. Gestos como este, discutibles, humanizan y hacen bien. No todo es a cualquier costo.<\/p>\n<\/div>\n<div class=\"custom-text \" readability=\"47\">\n<p>Quinteros viene de ganar un torneo largu\u00edsimo con V\u00e9lez y, trotamundos (Chile, Ecuador, Bolivia), <strong>no quiere dejar pasar momentos de su vida como lo hizo a trav\u00e9s de su carrera.<\/strong> \u201cTanto como jugador y como t\u00e9cnico, he tenido que ausentarme en fechas y eventos muy importantes de mi familia, priorizando siempre mi trabajo por encima de ellos. <strong>Este 21 de diciembre se celebra el casamiento de mi \u00fanica hija, y quiero estar a su lado en uno de los d\u00edas m\u00e1s importantes de su vida. Deseo acompa\u00f1arla al altar <\/strong>y vivir junto a ella este momento tan especial\u201d, fue su mensaje. Y V\u00e9lez, un club que es familia, acompa\u00f1a: \u201cEntendemos la relevancia en la vida personal y familiar de este evento y acompa\u00f1amos la decisi\u00f3n del entrenador\u201d. Si fuera una final del mundo, sin dudas que no se lo perder\u00eda, pero se trata de un partido que reci\u00e9n fue confirmada su fecha el 8 de noviembre y claramente el casamiento ya estaba fijado para ese d\u00eda.<\/p>\n<\/div>\n<div class=\"custom-text \" readability=\"38\">\n<p><strong>Detras de esto, est\u00e1 la confianza en el trabajo de equipo. <\/strong>En su ayudante y primo Chavo Des\u00e1bato (que conoce mucho al rival) para tomar las riendas una noche y en el equipo que el propio DT fue moldeando durante todo este tiempo.<strong> Esta actitud, despu\u00e9s de tantos a\u00f1os de carrera, pone en eje otros valores m\u00e1s all\u00e1 de la competitividad y el profesionalismo. <\/strong>No le baja el precio a la final sino que pone en realidad lo que significa esta final.<\/p>\n<\/div>\n<div class=\"sc-e7b891c4-0 ifHnQL image-embed\"><img alt=\"Gustavo Quinteros da indicaciones en un entrenamiento. (Foto:\nPrensa V\u00e9lez)\" loading=\"lazy\" width=\"720\" height=\"100\" decoding=\"async\" data-nimg=\"1\" src=\"http:\/\/hoycordobaweb.com\/wp-content\/uploads\/2024\/12\/mira-mira-sacale-una-foto-2.jpg\"><span class=\"epigraphe\">Gustavo Quinteros da indicaciones en un entrenamiento. (Foto:<br \/>\nPrensa V\u00e9lez)<\/span><\/div>\n<div class=\"sc-a7166897-0 eoLsBE\" readability=\"6\">\n<section readability=\"2\"><picture><img alt=\"Bomba: Quinteros no dirige la final del Trofeo de Campeones\" loading=\"lazy\" width=\"290\" height=\"290\" decoding=\"async\" data-nimg=\"1\" src=\"http:\/\/hoycordobaweb.com\/wp-content\/uploads\/2024\/12\/mira-mira-sacale-una-foto-3.jpg\"><\/picture>\n<p><span>Mir\u00e1 tambi\u00e9n<\/span><\/p>\n<hr>\n<h3>Bomba: Quinteros no dirige la final del Trofeo de Campeones<\/h3>\n<\/p>\n<\/section>\n<\/div>\n<div class=\"sc-a7166897-0 eoLsBE\" readability=\"6\">\n<section readability=\"2\"><picture><img alt=\"V\u00e9lez y Estudiantes van por el Trofeo de Campeones en una revanch\u00edsima\" loading=\"lazy\" width=\"290\" height=\"290\" decoding=\"async\" data-nimg=\"1\" src=\"http:\/\/hoycordobaweb.com\/wp-content\/uploads\/2024\/12\/mira-mira-sacale-una-foto-4.jpg\"><\/picture>\n<p><span>Mir\u00e1 tambi\u00e9n<\/span><\/p>\n<hr>\n<h3>V\u00e9lez y Estudiantes van por el Trofeo de Campeones en una revanch\u00edsima<\/h3>\n<\/p>\n<\/section>\n<\/div>\n<div class=\"sc-a7166897-0 eoLsBE\" readability=\"7\">\n<section readability=\"4\"><picture><img alt=\"Valent\u00edn G\u00f3mez: V\u00e9lez, atento a lo que haga River, busca subirle la cl\u00e1usula\" loading=\"lazy\" width=\"290\" height=\"290\" decoding=\"async\" data-nimg=\"1\" src=\"http:\/\/hoycordobaweb.com\/wp-content\/uploads\/2024\/12\/mira-mira-sacale-una-foto-5.jpg\"><\/picture>\n<p><span>Mir\u00e1 tambi\u00e9n<\/span><\/p>\n<hr>\n<h3>Valent\u00edn G\u00f3mez: V\u00e9lez, atento a lo que haga River, busca subirle la cl\u00e1usula<\/h3>\n<\/p>\n<\/section>\n<\/div>\n<div class=\"sc-a7166897-0 eoLsBE\" readability=\"6.5\">\n<section readability=\"3\"><picture><img alt=\"\u00bfCopa o liga? C\u00f3mo se contabilizar\u00e1n el Apertura y Clausura y cu\u00e1ntos campeones habr\u00e1 en 2025 en Argentina\" loading=\"lazy\" width=\"290\" height=\"290\" decoding=\"async\" data-nimg=\"1\" src=\"http:\/\/hoycordobaweb.com\/wp-content\/uploads\/2024\/12\/mira-mira-sacale-una-foto-6.jpg\"><\/picture>\n<p><span>Mir\u00e1 tambi\u00e9n<\/span><\/p>\n<hr>\n<h3>\u00bfCopa o liga? C\u00f3mo se contabilizar\u00e1n el Apertura y Clausura y cu\u00e1ntos campeones habr\u00e1 en 2025 en Argentina<\/h3>\n<\/p>\n<\/section>\n<\/div>\n<div class=\"sc-a7166897-0 eoLsBE\" readability=\"6\">\n<section readability=\"2\"><picture><img alt=\"Braian Romero sobre su continuidad: &quot;V\u00e9lez es un grande dormido&quot;\" loading=\"lazy\" width=\"290\" height=\"290\" decoding=\"async\" data-nimg=\"1\" src=\"http:\/\/hoycordobaweb.com\/wp-content\/uploads\/2024\/12\/mira-mira-sacale-una-foto-7.jpg\"><\/picture>\n<p><span>Mir\u00e1 tambi\u00e9n<\/span><\/p>\n<hr>\n<h3>Braian Romero sobre su continuidad: \u00abV\u00e9lez es un grande dormido\u00bb<\/h3>\n<\/p>\n<\/section>\n<\/div>\n<\/div>\n","protected":false},"excerpt":{"rendered":"<p>20\/12\/2024 22:21hs. Habr\u00e1 quienes est\u00e9n de acuerdo, habr\u00e1 quienes no. Seguramente, un Narig\u00f3n Bilardo no se lo permitir\u00eda a nadie. Y varios m\u00e1s. Sin embargo, Gustavo Quinteros tom\u00f3 una decisi\u00f3n que no se suele ver en el f\u00fatbol hiperprofesional. Probablemente calibr\u00f3 muy bien la situaci\u00f3n, analiz\u00f3 y defini\u00f3 pasar de largo en la final de [&hellip;]<\/p>\n","protected":false},"author":1,"featured_media":91878,"comment_status":"open","ping_status":"closed","sticky":false,"template":"","format":"standard","meta":[],"categories":[16],"tags":[],"_links":{"self":[{"href":"http:\/\/hoycordobaweb.com\/index.php\/wp-json\/wp\/v2\/posts\/91877"}],"collection":[{"href":"http:\/\/hoycordobaweb.com\/index.php\/wp-json\/wp\/v2\/posts"}],"about":[{"href":"http:\/\/hoycordobaweb.com\/index.php\/wp-json\/wp\/v2\/types\/post"}],"author":[{"embeddable":true,"href":"http:\/\/hoycordobaweb.com\/index.php\/wp-json\/wp\/v2\/users\/1"}],"replies":[{"embeddable":true,"href":"http:\/\/hoycordobaweb.com\/index.php\/wp-json\/wp\/v2\/comments?post=91877"}],"version-history":[{"count":0,"href":"http:\/\/hoycordobaweb.com\/index.php\/wp-json\/wp\/v2\/posts\/91877\/revisions"}],"wp:featuredmedia":[{"embeddable":true,"href":"http:\/\/hoycordobaweb.com\/index.php\/wp-json\/wp\/v2\/media\/91878"}],"wp:attachment":[{"href":"http:\/\/hoycordobaweb.com\/index.php\/wp-json\/wp\/v2\/media?parent=91877"}],"wp:term":[{"taxonomy":"category","embeddable":true,"href":"http:\/\/hoycordobaweb.com\/index.php\/wp-json\/wp\/v2\/categories?post=91877"},{"taxonomy":"post_tag","embeddable":true,"href":"http:\/\/hoycordobaweb.com\/index.php\/wp-json\/wp\/v2\/tags?post=91877"}],"curies":[{"name":"wp","href":"https:\/\/api.w.org\/{rel}","templated":true}]}}